{"id":5807,"date":"2022-07-07T09:59:10","date_gmt":"2022-07-07T09:59:10","guid":{"rendered":"https:\/\/www.upo.es\/patio-colorado\/?p=5807"},"modified":"2022-07-07T09:59:10","modified_gmt":"2022-07-07T09:59:10","slug":"las-leyendas-ecijanas","status":"publish","type":"post","link":"https:\/\/www.upo.es\/patio-colorado\/2022\/07\/07\/las-leyendas-ecijanas\/","title":{"rendered":"Las leyendas ecijanas"},"content":{"rendered":"<p>Una de las partes que m\u00e1s nos ha llamado m\u00e1s la atenci\u00f3n sobre \u00c9cija, han sido sus leyendas. En este art\u00edculo les vamos a relatar dos de las leyendas m\u00e1s famosas de \u00c9cija.<\/p>\n<p>Como ya os hemos comentado en otras entradas del blog, \u00c9cija es conocida tambi\u00e9n por ser \u201cLa ciudad de las torres\u201d, esto se debe a que para ser una localidad de poco m\u00e1s de 40 000 habitantes, la ciudad cuenta con 11 torres. La construcci\u00f3n de las 11 torres se remonta a una vieja leyenda:<\/p>\n<p><em>\u00a0 \u00a0 \u00a0 \u00a0 \u00a0 \u00a0<\/em><em>\u00c9cija estaba enamorada del sol y de este amor se quiso aprovechar el diablo. El diablo les coment\u00f3 a los ecijanos: \u201cVosotros que tanto am\u00e1is al Sol, \u00bfquer\u00e9is llegar a \u00e9l? Para ello, simplemente tendr\u00e9is que construir 12 torres, ni una m\u00e1s, ni una menos\u201d. Los ecijanos llenos de soberbia y cegados por este amor plat\u00f3nico e imposible, no dudaron en aceptar este pacto con el diablo que buscaba apropiarse del alma de \u00c9cija. Los ecijanos empezaron a construir las torres y consiguieron en muy poco tiempo erigir 11 de ellas. Cuando se estaba terminando de construir la duod\u00e9cima torre, se escuch\u00f3 una voz indignada desde el cielo que dec\u00eda: \u201cVosotros, soberbios, \u00bfc\u00f3mo os atrev\u00e9is a llegar a m\u00ed?\u201d. Esta voz no era otra que la de Dios que lanz\u00f3 un rayo que destruy\u00f3 la una de las torres. Adem\u00e1s, Dios como castigo y forma de arrepentimiento mand\u00f3 construir un templo junto a cada una de las torres que hab\u00edan construido. La leyenda dice que si se construyera una torre m\u00e1s en \u00c9cija esta estar\u00eda a merced del diablo.<\/em><\/p>\n<figure style=\"width: 414px\" class=\"wp-caption aligncenter\"><img loading=\"lazy\" decoding=\"async\" src=\"https:\/\/i.pinimg.com\/originals\/51\/cb\/c8\/51cbc8a3e92f7775ac82190c218d7ad6.png\" alt=\"\" width=\"414\" height=\"301\" \/><figcaption class=\"wp-caption-text\">Imagen 1. \u00c9cija la ciudad de las torres<\/figcaption><\/figure>\n<p>La leyenda ecijana se mezcla con partes de verdad, ya que en 1982 un rayo destruy\u00f3 la torre de Santa B\u00e1rbara, que fue reconstruida a\u00f1os despu\u00e9s. En esta iglesia se puede encontrar una capilla donde se venera el cuadro de un Nazareno. Este cuadro guarda tras de s\u00ed una leyenda muy curiosa:<\/p>\n<p><em>Cuenta la leyenda que a principios del siglo XV un humilde zapatero llamado Maese Luis, un devoto muy fiel del cuadro que se encontraba en la Iglesia de Santa B\u00e1rbara, fue a pedir ayuda al se\u00f1or a la capilla. Este hombre ten\u00eda una familia compuesta por dos hijos peque\u00f1os y una mujer que estaba gravemente enferma y a la que no pod\u00eda pagar el tratamiento. Esta falta de dinero se deb\u00eda a que este zapatero estaba envenenado por el vicio del juego y hab\u00eda empe\u00f1ado todo lo que ten\u00eda valor en su casa. El zapatero se lleg\u00f3 a la capilla a suplicarle al nazareno que ayudara a su familia y a su mujer y promet\u00eda abandonar el juego y centrarse en su familia. El nazareno se apiad\u00f3 de \u00e9l y la imagen del cuadro se quit\u00f3 su c\u00edngulo de oro y se lo entreg\u00f3 a aquel hombre. Sin embargo, el hombre lleno de j\u00fabilo y sorpresa se fue corriendo a vender el c\u00edngulo, pero de nuevo se gast\u00f3 las ganancias en la casa de juego. Ante esta ingratitud, el nazareno se neg\u00f3 a que se le pintara de nuevo el c\u00edngulo dorado. <\/em><\/p>\n<p>Seg\u00fan la leyenda, cada vez que se le ha pintado el c\u00edngulo dorado al nazareno, a los pocos d\u00edas este desaparec\u00eda. Seg\u00fan la hermandad, este hecho ha sucedido un par de veces y desde entonces se ha conocido al nazareno como Jes\u00fas Sin Soga.<\/p>\n<figure style=\"width: 259px\" class=\"wp-caption aligncenter\"><img loading=\"lazy\" decoding=\"async\" src=\"https:\/\/imgs-akamai.mnstatic.com\/90\/db\/90db8cff0184eae038d5634b517d88b5.jpg?quality=75&amp;format=pjpg&amp;fit=bounds&amp;width=980&amp;height=880\" alt=\"Capilla de Jes\u00fas sin Soga en \u00c9cija: 1 opiniones y 6 fotos\" width=\"259\" height=\"345\" \/><figcaption class=\"wp-caption-text\">Imagen 2. Capilla donde se encuentra la imagen de Jes\u00fas Sin Soga<\/figcaption><\/figure>\n","protected":false},"excerpt":{"rendered":"<p>Una de las partes que m\u00e1s nos ha llamado m\u00e1s la atenci\u00f3n sobre \u00c9cija, han sido sus leyendas. En este art\u00edculo les vamos a relatar dos de las leyendas m\u00e1s famosas de \u00c9cija. Como ya os hemos comentado en otras entradas del blog, \u00c9cija es conocida tambi\u00e9n por ser \u201cLa ciudad de las torres\u201d, esto [&hellip;]<\/p>\n","protected":false},"author":77,"featured_media":5808,"comment_status":"open","ping_status":"open","sticky":false,"template":"","format":"standard","meta":{"_acf_changed":false,"_monsterinsights_skip_tracking":false,"_monsterinsights_sitenote_active":false,"_monsterinsights_sitenote_note":"","_monsterinsights_sitenote_category":0,"footnotes":""},"categories":[1],"tags":[],"class_list":["post-5807","post","type-post","status-publish","format-standard","has-post-thumbnail","hentry","category-sin-categoria"],"blocksy_meta":[],"acf":[],"jetpack_featured_media_url":"https:\/\/www.upo.es\/patio-colorado\/wp-content\/uploads\/2022\/07\/350px-Panoramica_Ecija.jpg","_links":{"self":[{"href":"https:\/\/www.upo.es\/patio-colorado\/wp-json\/wp\/v2\/posts\/5807","targetHints":{"allow":["GET"]}}],"collection":[{"href":"https:\/\/www.upo.es\/patio-colorado\/wp-json\/wp\/v2\/posts"}],"about":[{"href":"https:\/\/www.upo.es\/patio-colorado\/wp-json\/wp\/v2\/types\/post"}],"author":[{"embeddable":true,"href":"https:\/\/www.upo.es\/patio-colorado\/wp-json\/wp\/v2\/users\/77"}],"replies":[{"embeddable":true,"href":"https:\/\/www.upo.es\/patio-colorado\/wp-json\/wp\/v2\/comments?post=5807"}],"version-history":[{"count":1,"href":"https:\/\/www.upo.es\/patio-colorado\/wp-json\/wp\/v2\/posts\/5807\/revisions"}],"predecessor-version":[{"id":5809,"href":"https:\/\/www.upo.es\/patio-colorado\/wp-json\/wp\/v2\/posts\/5807\/revisions\/5809"}],"wp:featuredmedia":[{"embeddable":true,"href":"https:\/\/www.upo.es\/patio-colorado\/wp-json\/wp\/v2\/media\/5808"}],"wp:attachment":[{"href":"https:\/\/www.upo.es\/patio-colorado\/wp-json\/wp\/v2\/media?parent=5807"}],"wp:term":[{"taxonomy":"category","embeddable":true,"href":"https:\/\/www.upo.es\/patio-colorado\/wp-json\/wp\/v2\/categories?post=5807"},{"taxonomy":"post_tag","embeddable":true,"href":"https:\/\/www.upo.es\/patio-colorado\/wp-json\/wp\/v2\/tags?post=5807"}],"curies":[{"name":"wp","href":"https:\/\/api.w.org\/{rel}","templated":true}]}}