{"id":586,"date":"2020-03-10T20:03:54","date_gmt":"2020-03-10T20:03:54","guid":{"rendered":"https:\/\/www.upo.es\/patio-colorado\/?p=586"},"modified":"2020-03-10T20:05:24","modified_gmt":"2020-03-10T20:05:24","slug":"cuando-la-fotografia-te-lo-da-todo-otros-tiempos-de-pablo-julia","status":"publish","type":"post","link":"https:\/\/www.upo.es\/patio-colorado\/2020\/03\/10\/cuando-la-fotografia-te-lo-da-todo-otros-tiempos-de-pablo-julia\/","title":{"rendered":"Cuando la fotograf\u00eda te lo da todo: \u201cOtros tiempos\u2026\u201d, de Pablo Juli\u00e1"},"content":{"rendered":"<p>Hasta el 22 de marzo podremos disfrutar de la exposici\u00f3n del fot\u00f3grafo Pablo Juli\u00e1 (C\u00e1diz, 1949), autor clave en el contexto pol\u00edtico y social de Andaluc\u00eda de las \u00faltimas d\u00e9cadas. Esta exposici\u00f3n, que se encuentra en la Casa de la Provincia, est\u00e1 promovida por el Foro de los Consejos Sociales de las Universidades P\u00fablicas Andaluzas con el patrocinio de la Fundaci\u00f3n Unicaja y la Diputaci\u00f3n de Sevilla.<\/p>\n<p>En todo el recorrido de la sala podremos observar fotos de todos los panoramas posibles, incluyendo el social, pol\u00edtico y musical de la d\u00e9cada de los 70 y los 80. Pablo Juli\u00e1, conocido como \u201cel fot\u00f3grafo de la Transici\u00f3n\u201d por muchos, nos relata a modo de fotograf\u00eda hechos tan importantes como el 4 de diciembre de 1977, el d\u00eda de Andaluc\u00eda, el refer\u00e9ndum del 28-F o el Pacto de Antequera. Asimismo, retrata a varios dirigentes pol\u00edticos de la \u00e9poca y nos deja im\u00e1genes que reflejan de la manera m\u00e1s realista e impactante la sociedad de esas d\u00e9cadas.<\/p>\n<p>La presencia de la cultura tambi\u00e9n se hace un hueco entre la pol\u00edtica y la lucha social que se expone en las fotograf\u00edas. Artistas andaluces de la \u00e9poca son retratados en su hacer cotidiano, actuando, disfrutando o sufriendo: Camar\u00f3n con una sonrisa de oreja a oreja antes de ponerse una camisa nueva, Isabel Pantoja tras la muerte de Paquirri, Silvio Fern\u00e1ndez Melgarejo, \u201cel rockero\u201d, actuando en C\u00e1diz o Mar\u00eda Jim\u00e9nez bailando son solo una muestra de todo lo que puede encontrarse entre las paredes de la Casa de la Provincia.<\/p>\n<p>La exposici\u00f3n es una oportunidad fant\u00e1stica para conocer la Andaluc\u00eda de la \u00e9poca de la Transici\u00f3n, dejarse llevar por esa nostalgia que nos produce ver la pureza de la gente a trav\u00e9s de la fotograf\u00eda y disfrutar de una muestra amena de historia, sociedad y cultura de nuestra comunidad. A\u00fan quedan varios d\u00edas para disfrutar de ella, as\u00ed que no lo dudes y\u2026 \u00a1p\u00e1sate!<\/p>\n<p><i>A continuaci\u00f3n, muestro unas fotos que yo misma he tomado en una de mis visitas a la exposici\u00f3n:<\/i><\/p>\n<p><img loading=\"lazy\" decoding=\"async\" class=\"alignnone size-medium wp-image-587\" src=\"https:\/\/www.upo.es\/patio-colorado\/wp-content\/uploads\/2020\/03\/IMG_20200218_181443-scaled-e1583870444615-225x300.jpg\" alt=\"\" width=\"225\" height=\"300\" srcset=\"https:\/\/www.upo.es\/patio-colorado\/wp-content\/uploads\/2020\/03\/IMG_20200218_181443-scaled-e1583870444615-225x300.jpg 225w, https:\/\/www.upo.es\/patio-colorado\/wp-content\/uploads\/2020\/03\/IMG_20200218_181443-scaled-e1583870444615-768x1024.jpg 768w, https:\/\/www.upo.es\/patio-colorado\/wp-content\/uploads\/2020\/03\/IMG_20200218_181443-scaled-e1583870444615-1152x1536.jpg 1152w, https:\/\/www.upo.es\/patio-colorado\/wp-content\/uploads\/2020\/03\/IMG_20200218_181443-scaled-e1583870444615-1536x2048.jpg 1536w, https:\/\/www.upo.es\/patio-colorado\/wp-content\/uploads\/2020\/03\/IMG_20200218_181443-scaled-e1583870444615.jpg 1920w\" sizes=\"auto, (max-width: 225px) 100vw, 225px\" \/> <img loading=\"lazy\" decoding=\"async\" class=\"alignnone wp-image-588 size-medium\" src=\"https:\/\/www.upo.es\/patio-colorado\/wp-content\/uploads\/2020\/03\/IMG_20200218_181701-scaled-e1583870535507-225x300.jpg\" alt=\"\" width=\"225\" height=\"300\" srcset=\"https:\/\/www.upo.es\/patio-colorado\/wp-content\/uploads\/2020\/03\/IMG_20200218_181701-scaled-e1583870535507-225x300.jpg 225w, https:\/\/www.upo.es\/patio-colorado\/wp-content\/uploads\/2020\/03\/IMG_20200218_181701-scaled-e1583870535507-768x1024.jpg 768w, https:\/\/www.upo.es\/patio-colorado\/wp-content\/uploads\/2020\/03\/IMG_20200218_181701-scaled-e1583870535507-1152x1536.jpg 1152w, https:\/\/www.upo.es\/patio-colorado\/wp-content\/uploads\/2020\/03\/IMG_20200218_181701-scaled-e1583870535507-1536x2048.jpg 1536w, https:\/\/www.upo.es\/patio-colorado\/wp-content\/uploads\/2020\/03\/IMG_20200218_181701-scaled-e1583870535507.jpg 1920w\" sizes=\"auto, (max-width: 225px) 100vw, 225px\" \/> <img loading=\"lazy\" decoding=\"async\" class=\"alignnone size-medium wp-image-589\" src=\"https:\/\/www.upo.es\/patio-colorado\/wp-content\/uploads\/2020\/03\/IMG_20200222_194435-scaled-e1583870461336-225x300.jpg\" alt=\"\" width=\"225\" height=\"300\" srcset=\"https:\/\/www.upo.es\/patio-colorado\/wp-content\/uploads\/2020\/03\/IMG_20200222_194435-scaled-e1583870461336-225x300.jpg 225w, https:\/\/www.upo.es\/patio-colorado\/wp-content\/uploads\/2020\/03\/IMG_20200222_194435-scaled-e1583870461336-768x1024.jpg 768w, https:\/\/www.upo.es\/patio-colorado\/wp-content\/uploads\/2020\/03\/IMG_20200222_194435-scaled-e1583870461336-1152x1536.jpg 1152w, https:\/\/www.upo.es\/patio-colorado\/wp-content\/uploads\/2020\/03\/IMG_20200222_194435-scaled-e1583870461336-1536x2048.jpg 1536w, https:\/\/www.upo.es\/patio-colorado\/wp-content\/uploads\/2020\/03\/IMG_20200222_194435-scaled-e1583870461336.jpg 1920w\" sizes=\"auto, (max-width: 225px) 100vw, 225px\" \/> <img loading=\"lazy\" decoding=\"async\" class=\"alignnone size-medium wp-image-590\" src=\"https:\/\/www.upo.es\/patio-colorado\/wp-content\/uploads\/2020\/03\/IMG_20200222_195246-scaled-e1583870480981-225x300.jpg\" alt=\"\" width=\"225\" height=\"300\" \/> <img loading=\"lazy\" decoding=\"async\" class=\"alignnone size-medium wp-image-591\" src=\"https:\/\/www.upo.es\/patio-colorado\/wp-content\/uploads\/2020\/03\/IMG-20200202-WA0045-225x300.jpg\" alt=\"\" width=\"225\" height=\"300\" srcset=\"https:\/\/www.upo.es\/patio-colorado\/wp-content\/uploads\/2020\/03\/IMG-20200202-WA0045-225x300.jpg 225w, https:\/\/www.upo.es\/patio-colorado\/wp-content\/uploads\/2020\/03\/IMG-20200202-WA0045-768x1024.jpg 768w, https:\/\/www.upo.es\/patio-colorado\/wp-content\/uploads\/2020\/03\/IMG-20200202-WA0045-1152x1536.jpg 1152w, https:\/\/www.upo.es\/patio-colorado\/wp-content\/uploads\/2020\/03\/IMG-20200202-WA0045.jpg 1200w\" sizes=\"auto, (max-width: 225px) 100vw, 225px\" \/> <img loading=\"lazy\" decoding=\"async\" class=\"alignnone size-medium wp-image-592\" src=\"https:\/\/www.upo.es\/patio-colorado\/wp-content\/uploads\/2020\/03\/IMG-20200223-WA0031-300x225.jpg\" alt=\"\" width=\"300\" height=\"225\" srcset=\"https:\/\/www.upo.es\/patio-colorado\/wp-content\/uploads\/2020\/03\/IMG-20200223-WA0031-300x225.jpg 300w, https:\/\/www.upo.es\/patio-colorado\/wp-content\/uploads\/2020\/03\/IMG-20200223-WA0031-1024x768.jpg 1024w, https:\/\/www.upo.es\/patio-colorado\/wp-content\/uploads\/2020\/03\/IMG-20200223-WA0031-768x576.jpg 768w, https:\/\/www.upo.es\/patio-colorado\/wp-content\/uploads\/2020\/03\/IMG-20200223-WA0031-1536x1152.jpg 1536w, https:\/\/www.upo.es\/patio-colorado\/wp-content\/uploads\/2020\/03\/IMG-20200223-WA0031.jpg 1600w\" sizes=\"auto, (max-width: 300px) 100vw, 300px\" \/><\/p>\n","protected":false},"excerpt":{"rendered":"<p>Hasta el 22 de marzo podremos disfrutar de la exposici\u00f3n del fot\u00f3grafo Pablo Juli\u00e1 (C\u00e1diz, 1949), autor clave en el contexto pol\u00edtico y social de Andaluc\u00eda de las \u00faltimas d\u00e9cadas. Esta exposici\u00f3n, que se encuentra en la Casa de la Provincia, est\u00e1 promovida por el Foro de los Consejos Sociales de las Universidades P\u00fablicas Andaluzas [&hellip;]<\/p>\n","protected":false},"author":18,"featured_media":590,"comment_status":"open","ping_status":"open","sticky":false,"template":"","format":"standard","meta":{"_acf_changed":false,"_monsterinsights_skip_tracking":false,"_monsterinsights_sitenote_active":false,"_monsterinsights_sitenote_note":"","_monsterinsights_sitenote_category":0,"footnotes":""},"categories":[12],"tags":[55,99,98,97,100,101,28],"class_list":["post-586","post","type-post","status-publish","format-standard","has-post-thumbnail","hentry","category-eventos","tag-andalucia","tag-cultura","tag-fotografia","tag-pablojulia","tag-politica","tag-sociedad","tag-arte"],"blocksy_meta":[],"acf":[],"jetpack_featured_media_url":"https:\/\/www.upo.es\/patio-colorado\/wp-content\/uploads\/2020\/03\/IMG_20200222_195246-scaled-e1583870713423.jpg","_links":{"self":[{"href":"https:\/\/www.upo.es\/patio-colorado\/wp-json\/wp\/v2\/posts\/586","targetHints":{"allow":["GET"]}}],"collection":[{"href":"https:\/\/www.upo.es\/patio-colorado\/wp-json\/wp\/v2\/posts"}],"about":[{"href":"https:\/\/www.upo.es\/patio-colorado\/wp-json\/wp\/v2\/types\/post"}],"author":[{"embeddable":true,"href":"https:\/\/www.upo.es\/patio-colorado\/wp-json\/wp\/v2\/users\/18"}],"replies":[{"embeddable":true,"href":"https:\/\/www.upo.es\/patio-colorado\/wp-json\/wp\/v2\/comments?post=586"}],"version-history":[{"count":1,"href":"https:\/\/www.upo.es\/patio-colorado\/wp-json\/wp\/v2\/posts\/586\/revisions"}],"predecessor-version":[{"id":593,"href":"https:\/\/www.upo.es\/patio-colorado\/wp-json\/wp\/v2\/posts\/586\/revisions\/593"}],"wp:featuredmedia":[{"embeddable":true,"href":"https:\/\/www.upo.es\/patio-colorado\/wp-json\/wp\/v2\/media\/590"}],"wp:attachment":[{"href":"https:\/\/www.upo.es\/patio-colorado\/wp-json\/wp\/v2\/media?parent=586"}],"wp:term":[{"taxonomy":"category","embeddable":true,"href":"https:\/\/www.upo.es\/patio-colorado\/wp-json\/wp\/v2\/categories?post=586"},{"taxonomy":"post_tag","embeddable":true,"href":"https:\/\/www.upo.es\/patio-colorado\/wp-json\/wp\/v2\/tags?post=586"}],"curies":[{"name":"wp","href":"https:\/\/api.w.org\/{rel}","templated":true}]}}