{"id":5862,"date":"2023-03-09T11:51:50","date_gmt":"2023-03-09T11:51:50","guid":{"rendered":"https:\/\/www.upo.es\/patio-colorado\/?p=5862"},"modified":"2023-03-09T11:53:35","modified_gmt":"2023-03-09T11:53:35","slug":"el-femas-llega-a-sevilla","status":"publish","type":"post","link":"https:\/\/www.upo.es\/patio-colorado\/2023\/03\/09\/el-femas-llega-a-sevilla\/","title":{"rendered":"El FeM\u00c0S llega a Sevilla"},"content":{"rendered":"<h1 style=\"text-align: center\">FeM\u00c0S llega a Sevilla en su m\u00e1ximo esplendor, con m\u00fasicos de gran reputaci\u00f3n y con actos inolvidables<\/h1>\n<p><img loading=\"lazy\" decoding=\"async\" class=\" wp-image-5863 aligncenter\" src=\"https:\/\/www.upo.es\/patio-colorado\/wp-content\/uploads\/2023\/03\/Captura-de-pantalla-2023-03-08-184309-300x193.png\" alt=\"\" width=\"403\" height=\"259\" srcset=\"https:\/\/www.upo.es\/patio-colorado\/wp-content\/uploads\/2023\/03\/Captura-de-pantalla-2023-03-08-184309-300x193.png 300w, https:\/\/www.upo.es\/patio-colorado\/wp-content\/uploads\/2023\/03\/Captura-de-pantalla-2023-03-08-184309.png 565w\" sizes=\"auto, (max-width: 403px) 100vw, 403px\" \/><\/p>\n<p style=\"text-align: center\">Recuperado de: http:\/\/www.femas.es\/<\/p>\n<p><span style=\"font-weight: 400\">Este fin de semana comienza en Sevilla el FeM\u00c0S (Festival de M\u00fasica Antigua). Este conocido festival cuenta con ocho actos diferentes en la ciudad. El viernes d\u00eda 10 a las 19:00 horas, comenzar\u00e1 un peque\u00f1o acto para la llamada al festival en la Plaza de la Encarnaci\u00f3n.<\/span><\/p>\n<p><span style=\"font-weight: 400\">El festival se inaugura en el Espacio Turina -cerca de la Plaza de la Encarnaci\u00f3n- y ser\u00e1 inaugurado por Ensemble Correspondances a las 20:00 con un concierto de apertura cuyo nombre no pasa desapercibido: \u201cEsplendores polif\u00f3nicos, de L\u00fcbeck a Par\u00eds\u201d. Este grupo se cre\u00f3 en 2009 en Francia, concretamente en Lyon y tienen como director a S\u00e9bastien Dauc\u00e9, un famoso organista y clavecinista franc\u00e9s.\u00a0<\/span><\/p>\n<p><span style=\"font-weight: 400\">En ensemble ofrece al p\u00fablico la posibilidad de escuchar m\u00fasica que pueda ser capaz de conmover al oyente y asistir a las puestas en escena de las formas m\u00e1s originales y raras del oratorio y del ballet de cour.\u00a0<\/span><\/p>\n<p><img loading=\"lazy\" decoding=\"async\" class=\" wp-image-5864 aligncenter\" src=\"https:\/\/www.upo.es\/patio-colorado\/wp-content\/uploads\/2023\/03\/Captura-de-pantalla-2023-03-08-184234-300x199.png\" alt=\"\" width=\"359\" height=\"238\" srcset=\"https:\/\/www.upo.es\/patio-colorado\/wp-content\/uploads\/2023\/03\/Captura-de-pantalla-2023-03-08-184234-300x199.png 300w, https:\/\/www.upo.es\/patio-colorado\/wp-content\/uploads\/2023\/03\/Captura-de-pantalla-2023-03-08-184234.png 461w\" sizes=\"auto, (max-width: 359px) 100vw, 359px\" \/><\/p>\n<p style=\"text-align: center\">Recuperado de: https:\/\/www.europapress.es\/andalucia\/sevilla-00357\/noticia-femas-sevilla-arranca-viernes-concierto-gratuito-encarnacion-programa-otros-dos-calle-20230308133021.html<\/p>\n<p><span style=\"font-weight: 400\">El segundo concierto ser\u00e1 el s\u00e1bado a las 12:00 en el Distrito Sur -barrio de La Oliva-. El grupo llevar\u00e1 consigo clarines y timbales que alegrar\u00e1n a los vecinos y vecinas de toda la zona sur y sus alrededores. Ser\u00e1 gratuito y podr\u00e1n participar en \u00e9l tanto personas mayores como ni\u00f1os. A la misma hora del segundo concierto, la Iglesia San Luis de los Franceses abrir\u00e1 sus puertas para Josetxu Obreg\u00f3n -un famoso violonchelista que interpretar\u00e1 su disco <\/span><i><span style=\"font-weight: 400\">CelloEvolution<\/span><\/i><span style=\"font-weight: 400\">-, el cual inaugurar\u00e1 el \u201cFestival matin\u00e9e\u201d, es decir, los conciertos del fin de semana en la hora del \u00e1ngelus en esta iglesia.\u00a0<\/span><\/p>\n<p><span style=\"font-weight: 400\">El domingo a las 13:00 se pondr\u00e1 el broche final del festival en la Plaza de la Ton\u00e1, situada en el Distrito San Pablo-Santa Justa. El concierto que se interpretar\u00e1 se llama \u201cRibera y Navarra: Los maestros de T.L. de Victoria\u201d.\u00a0<\/span><\/p>\n<p><span style=\"font-weight: 400\">Sin duda va a ser un fin de semana lleno de color, cultura y m\u00fasica gratuita para Sevilla.\u00a0<\/span><\/p>\n","protected":false},"excerpt":{"rendered":"<p>FeM\u00c0S llega a Sevilla en su m\u00e1ximo esplendor, con m\u00fasicos de gran reputaci\u00f3n y con actos inolvidables Recuperado de: http:\/\/www.femas.es\/ Este fin de semana comienza en Sevilla el FeM\u00c0S (Festival de M\u00fasica Antigua). Este conocido festival cuenta con ocho actos diferentes en la ciudad. El viernes d\u00eda 10 a las 19:00 horas, comenzar\u00e1 un peque\u00f1o [&hellip;]<\/p>\n","protected":false},"author":31,"featured_media":5863,"comment_status":"open","ping_status":"open","sticky":false,"template":"","format":"standard","meta":{"_acf_changed":false,"_monsterinsights_skip_tracking":false,"_monsterinsights_sitenote_active":false,"_monsterinsights_sitenote_note":"","_monsterinsights_sitenote_category":0,"footnotes":""},"categories":[45],"tags":[],"class_list":["post-5862","post","type-post","status-publish","format-standard","has-post-thumbnail","hentry","category-boletin-colorao"],"blocksy_meta":[],"acf":[],"jetpack_featured_media_url":"https:\/\/www.upo.es\/patio-colorado\/wp-content\/uploads\/2023\/03\/Captura-de-pantalla-2023-03-08-184309.png","_links":{"self":[{"href":"https:\/\/www.upo.es\/patio-colorado\/wp-json\/wp\/v2\/posts\/5862","targetHints":{"allow":["GET"]}}],"collection":[{"href":"https:\/\/www.upo.es\/patio-colorado\/wp-json\/wp\/v2\/posts"}],"about":[{"href":"https:\/\/www.upo.es\/patio-colorado\/wp-json\/wp\/v2\/types\/post"}],"author":[{"embeddable":true,"href":"https:\/\/www.upo.es\/patio-colorado\/wp-json\/wp\/v2\/users\/31"}],"replies":[{"embeddable":true,"href":"https:\/\/www.upo.es\/patio-colorado\/wp-json\/wp\/v2\/comments?post=5862"}],"version-history":[{"count":1,"href":"https:\/\/www.upo.es\/patio-colorado\/wp-json\/wp\/v2\/posts\/5862\/revisions"}],"predecessor-version":[{"id":5865,"href":"https:\/\/www.upo.es\/patio-colorado\/wp-json\/wp\/v2\/posts\/5862\/revisions\/5865"}],"wp:featuredmedia":[{"embeddable":true,"href":"https:\/\/www.upo.es\/patio-colorado\/wp-json\/wp\/v2\/media\/5863"}],"wp:attachment":[{"href":"https:\/\/www.upo.es\/patio-colorado\/wp-json\/wp\/v2\/media?parent=5862"}],"wp:term":[{"taxonomy":"category","embeddable":true,"href":"https:\/\/www.upo.es\/patio-colorado\/wp-json\/wp\/v2\/categories?post=5862"},{"taxonomy":"post_tag","embeddable":true,"href":"https:\/\/www.upo.es\/patio-colorado\/wp-json\/wp\/v2\/tags?post=5862"}],"curies":[{"name":"wp","href":"https:\/\/api.w.org\/{rel}","templated":true}]}}