{"id":5912,"date":"2023-03-13T13:15:03","date_gmt":"2023-03-13T13:15:03","guid":{"rendered":"https:\/\/www.upo.es\/patio-colorado\/?p=5912"},"modified":"2023-03-13T13:16:04","modified_gmt":"2023-03-13T13:16:04","slug":"la-alameda-de-hercules-lugar-de-union-o-lugar-de-conflicto","status":"publish","type":"post","link":"https:\/\/www.upo.es\/patio-colorado\/2023\/03\/13\/la-alameda-de-hercules-lugar-de-union-o-lugar-de-conflicto\/","title":{"rendered":"La Alameda de H\u00e9rcules: \u00bflugar de uni\u00f3n o lugar de conflicto?"},"content":{"rendered":"<p>La Alameda de H\u00e9rcules es un lugar de Sevilla que ha sufrido una transformaci\u00f3n brutal a lo largo de los a\u00f1os, siendo originalmente una zona pr\u00e1cticamente marginal en la que era habitual la presencia constante de prostitutas y drogodependientes, hasta pasar a convertirse en un punto de uni\u00f3n para j\u00f3venes, con una gran vida nocturna, repleto de bares y zonas de ocio en el que personas de todas edades y caracter\u00edsticas confluyen y pasan tiempo entre ellas.<\/p>\n<p><img loading=\"lazy\" decoding=\"async\" class=\"size-medium wp-image-5913 aligncenter\" src=\"https:\/\/www.upo.es\/patio-colorado\/wp-content\/uploads\/2023\/03\/arte-300x175.jpg\" alt=\"\" width=\"300\" height=\"175\" srcset=\"https:\/\/www.upo.es\/patio-colorado\/wp-content\/uploads\/2023\/03\/arte-300x175.jpg 300w, https:\/\/www.upo.es\/patio-colorado\/wp-content\/uploads\/2023\/03\/arte-1024x597.jpg 1024w, https:\/\/www.upo.es\/patio-colorado\/wp-content\/uploads\/2023\/03\/arte-768x447.jpg 768w, https:\/\/www.upo.es\/patio-colorado\/wp-content\/uploads\/2023\/03\/arte.jpg 1030w\" sizes=\"auto, (max-width: 300px) 100vw, 300px\" \/><\/p>\n<p style=\"text-align: center;\">Recuperado de: https:\/\/offloadmedia.feverup.com\/sevillasecreta.co\/wp-content\/uploads\/2015\/12\/19141235\/shutterstock_1019972278-1.jpg<\/p>\n<p>En esta entrada, vengo a compartir algunas conclusiones sacadas a ra\u00edz de un trabajo de investigaci\u00f3n sobre esta ic\u00f3nica zona sevillana, frecuentada por muchos pero no conocida por todos.<\/p>\n<p>La Alameda de H\u00e9rcules puede considerarse como el jard\u00edn p\u00fablico m\u00e1s antiguo de todo el continente europeo, adornado en cada extremo por dos columnas. En el a\u00f1o 2009, tras unas obras de remodelaci\u00f3n de casi tres a\u00f1os, la Alameda volvi\u00f3 a abrirse de cara al p\u00fablico y adquiri\u00f3 la imagen que tiene hoy en d\u00eda; pese a esto y a la inversi\u00f3n de unos siete millones de euros, los vecinos no est\u00e1n contentos porque piensan que la mayor\u00eda de medidas implantadas se han hecho teniendo en cuenta los beneficios para los trabajadores de restauraci\u00f3n y para los turistas pero sin tener en cuenta las necesidades de ellos, y se quejan de las numerosas \u201cbotellonas\u201d, las pintadas, el comportamiento inc\u00edvico de ciertas personas y, en general, el aspecto de dejadez generalizado.<\/p>\n<p><img loading=\"lazy\" decoding=\"async\" class=\"size-medium wp-image-5914 aligncenter\" src=\"https:\/\/www.upo.es\/patio-colorado\/wp-content\/uploads\/2023\/03\/arte-1-300x169.jpg\" alt=\"\" width=\"300\" height=\"169\" srcset=\"https:\/\/www.upo.es\/patio-colorado\/wp-content\/uploads\/2023\/03\/arte-1-300x169.jpg 300w, https:\/\/www.upo.es\/patio-colorado\/wp-content\/uploads\/2023\/03\/arte-1.jpg 667w\" sizes=\"auto, (max-width: 300px) 100vw, 300px\" \/><\/p>\n<p style=\"text-align: center;\">Recuperado de: https:\/\/www.diariodesevilla.es\/2017\/05\/25\/sevilla\/imagen-habitual-Alameda-Hercules-principales_1138996307_68981205_667x375.jpg<\/p>\n<p>A mi modo de ver, los habitantes sevillanos deber\u00edamos reflexionar acerca de la situaci\u00f3n de este emblem\u00e1tico lugar y ver si hay algunas medidas que se puedan tomar que sean capaces de contentar a los vecinos a la misma vez que se mira por el beneficio econ\u00f3mico de la ciudad y se intenta luchar con procesos como la masificaci\u00f3n tur\u00edstica y la gentrificaci\u00f3n; es por ello por lo que quer\u00eda compartir esta problem\u00e1tica con todos vosotros. \u00bfQu\u00e9 pens\u00e1is al respecto?<\/p>\n<p>\u00a1Eso es todo por hoy!<\/p>\n<p><strong>P.<\/strong><\/p>\n","protected":false},"excerpt":{"rendered":"<p>La Alameda de H\u00e9rcules es un lugar de Sevilla que ha sufrido una transformaci\u00f3n brutal a lo largo de los a\u00f1os, siendo originalmente una zona pr\u00e1cticamente marginal en la que era habitual la presencia constante de prostitutas y drogodependientes, hasta pasar a convertirse en un punto de uni\u00f3n para j\u00f3venes, con una gran vida nocturna, [&hellip;]<\/p>\n","protected":false},"author":101,"featured_media":5913,"comment_status":"open","ping_status":"open","sticky":false,"template":"","format":"standard","meta":{"_acf_changed":false,"_monsterinsights_skip_tracking":false,"_monsterinsights_sitenote_active":false,"_monsterinsights_sitenote_note":"","_monsterinsights_sitenote_category":0,"footnotes":""},"categories":[1,170,136,301],"tags":[215,678,259],"class_list":["post-5912","post","type-post","status-publish","format-standard","has-post-thumbnail","hentry","category-sin-categoria","category-monumentos-y-turismo","category-reportajes","category-sevilla","tag-alameda-de-hercules","tag-gentrificacion","tag-turismo"],"blocksy_meta":[],"acf":[],"jetpack_featured_media_url":"https:\/\/www.upo.es\/patio-colorado\/wp-content\/uploads\/2023\/03\/arte.jpg","_links":{"self":[{"href":"https:\/\/www.upo.es\/patio-colorado\/wp-json\/wp\/v2\/posts\/5912","targetHints":{"allow":["GET"]}}],"collection":[{"href":"https:\/\/www.upo.es\/patio-colorado\/wp-json\/wp\/v2\/posts"}],"about":[{"href":"https:\/\/www.upo.es\/patio-colorado\/wp-json\/wp\/v2\/types\/post"}],"author":[{"embeddable":true,"href":"https:\/\/www.upo.es\/patio-colorado\/wp-json\/wp\/v2\/users\/101"}],"replies":[{"embeddable":true,"href":"https:\/\/www.upo.es\/patio-colorado\/wp-json\/wp\/v2\/comments?post=5912"}],"version-history":[{"count":1,"href":"https:\/\/www.upo.es\/patio-colorado\/wp-json\/wp\/v2\/posts\/5912\/revisions"}],"predecessor-version":[{"id":5915,"href":"https:\/\/www.upo.es\/patio-colorado\/wp-json\/wp\/v2\/posts\/5912\/revisions\/5915"}],"wp:featuredmedia":[{"embeddable":true,"href":"https:\/\/www.upo.es\/patio-colorado\/wp-json\/wp\/v2\/media\/5913"}],"wp:attachment":[{"href":"https:\/\/www.upo.es\/patio-colorado\/wp-json\/wp\/v2\/media?parent=5912"}],"wp:term":[{"taxonomy":"category","embeddable":true,"href":"https:\/\/www.upo.es\/patio-colorado\/wp-json\/wp\/v2\/categories?post=5912"},{"taxonomy":"post_tag","embeddable":true,"href":"https:\/\/www.upo.es\/patio-colorado\/wp-json\/wp\/v2\/tags?post=5912"}],"curies":[{"name":"wp","href":"https:\/\/api.w.org\/{rel}","templated":true}]}}