{"id":5947,"date":"2023-03-19T20:55:50","date_gmt":"2023-03-19T20:55:50","guid":{"rendered":"https:\/\/www.upo.es\/patio-colorado\/?p=5947"},"modified":"2023-03-20T09:06:02","modified_gmt":"2023-03-20T09:06:02","slug":"restauracion-de-la-casa-natal-de-velazquez-cuando-se-abrira-al-publico","status":"publish","type":"post","link":"https:\/\/www.upo.es\/patio-colorado\/2023\/03\/19\/restauracion-de-la-casa-natal-de-velazquez-cuando-se-abrira-al-publico\/","title":{"rendered":"Restauraci\u00f3n de la Casa Natal de Vel\u00e1zquez. \u00bfCu\u00e1ndo se abrir\u00e1 al p\u00fablico?"},"content":{"rendered":"<p>Seguro que todos conocemos al destacado Diego Rodr\u00edguez de Silva y Vel\u00e1zquez, pintor barroco nacido en Sevilla y fallecido en Madrid. Autor del famoso cuadro \u201cLas meninas\u201d y de cientos de obras de gran importancia que naci\u00f3 en el coraz\u00f3n de Sevilla, en la calle Padre Luis Mar\u00eda Llop, aunque en su \u00e9poca era conocida como la calle de la Gorgoja.<\/p>\n<figure id=\"attachment_5948\" aria-describedby=\"caption-attachment-5948\" style=\"width: 245px\" class=\"wp-caption alignright\"><img loading=\"lazy\" decoding=\"async\" class=\"wp-image-5948 size-medium\" src=\"https:\/\/www.upo.es\/patio-colorado\/wp-content\/uploads\/2023\/03\/Autorretrato_de_Velazquez_en_las_Meninas-245x300.jpg\" alt=\"\" width=\"245\" height=\"300\" srcset=\"https:\/\/www.upo.es\/patio-colorado\/wp-content\/uploads\/2023\/03\/Autorretrato_de_Velazquez_en_las_Meninas-245x300.jpg 245w, https:\/\/www.upo.es\/patio-colorado\/wp-content\/uploads\/2023\/03\/Autorretrato_de_Velazquez_en_las_Meninas-837x1024.jpg 837w, https:\/\/www.upo.es\/patio-colorado\/wp-content\/uploads\/2023\/03\/Autorretrato_de_Velazquez_en_las_Meninas-768x940.jpg 768w, https:\/\/www.upo.es\/patio-colorado\/wp-content\/uploads\/2023\/03\/Autorretrato_de_Velazquez_en_las_Meninas.jpg 1200w\" sizes=\"auto, (max-width: 245px) 100vw, 245px\" \/><figcaption id=\"caption-attachment-5948\" class=\"wp-caption-text\">Autorretrato de Vel\u00e1zquez. Recuperado de: https:\/\/es.wikipedia.org\/wiki\/Diego_Vel%C3%A1zquez<\/figcaption><\/figure>\n<p>Su Casa Natal, despu\u00e9s de a\u00f1os de abandono, se encuentra en fase de restauraci\u00f3n con el objetivo de que se convierta en un centro de interpretaci\u00f3n dedicado a \u00e9l y, tambi\u00e9n, en un lugar visitable <strong>en este a\u00f1o 2023<\/strong>, tal y como afirma el <a href=\"https:\/\/sevilla.abc.es\/cultura\/arte\/sevi-casa-natal-velazquez-convierte-fundacion-para-preservar-edificio-donde-nacio-pintor-202203021833_noticia.html\">ABC de Sevilla<\/a>.<\/p>\n<p>Se pretende conservar y preservar este edificio, de unos 508 metros cuadrados, datado del siglo XVI (\u00e9poca en la que Sevilla era el principal motor econ\u00f3mico y comercial del Imperio Espa\u00f1ol) con el objetivo de difundir y exaltar el legado que Vel\u00e1zquez dej\u00f3 en la cultura sevillana, espa\u00f1ola, y tambi\u00e9n barroca del Siglo de Oro. Desafortunadamente, no se dispone de planos de la casa en la \u00e9poca en la que se construy\u00f3, pero se cree que el trazado y la estructura de la casa no han sufrido ninguna modificaci\u00f3n desde el siglo XVI.<\/p>\n<p>Es importante destacar que, durante varios siglos, el edificio fue una vivienda particular, hasta la d\u00e9cada de los 70 del siglo XX. Posteriormente, ha sido utilizada con diversos fines culturales y tambi\u00e9n art\u00edsticos, bien como galer\u00eda de arte contempor\u00e1neo M11 o como taller de los modistos Victorio y Lucchino hasta el a\u00f1o 2010.<\/p>\n<p>Finalmente, el pasado 18 de enero, la <a href=\"https:\/\/casanatalvelazquez.com\/\">Fundaci\u00f3n Casa Natal de Vel\u00e1zquez<\/a> present\u00f3 su proyecto de recuperaci\u00f3n de dicho edificio en <em>FITUR 2023<\/em>, la conocida Feria Internacional de Turismo en Madrid para que pueda darse a conocer y pueda cobrar importancia como la Casa Natal de Shakespeare, en Sratford o la Casa de Rembrandt, en \u00c1msterdam. Una iniciativa que se convertir\u00e1, sin duda, en un atractivo tur\u00edstico m\u00e1s de la ciudad de Sevilla y que permitir\u00e1 seguir haciendo homenaje a Vel\u00e1zquez, al igual que la aprobaci\u00f3n por parte del Ayuntamiento de Sevilla, en el pleno de hace tan solo unas semanas, para que el aeropuerto sea bautizado con el nombre del resaltado pintor, Diego Vel\u00e1zquez.<\/p>\n<figure id=\"attachment_5951\" aria-describedby=\"caption-attachment-5951\" style=\"width: 300px\" class=\"wp-caption aligncenter\"><img loading=\"lazy\" decoding=\"async\" class=\"wp-image-5951 size-medium\" src=\"https:\/\/www.upo.es\/patio-colorado\/wp-content\/uploads\/2023\/03\/casaNatalVelazquez_lacasa_2-650x650-1-300x300.jpg\" alt=\"\" width=\"300\" height=\"300\" srcset=\"https:\/\/www.upo.es\/patio-colorado\/wp-content\/uploads\/2023\/03\/casaNatalVelazquez_lacasa_2-650x650-1-300x300.jpg 300w, https:\/\/www.upo.es\/patio-colorado\/wp-content\/uploads\/2023\/03\/casaNatalVelazquez_lacasa_2-650x650-1-150x150.jpg 150w, https:\/\/www.upo.es\/patio-colorado\/wp-content\/uploads\/2023\/03\/casaNatalVelazquez_lacasa_2-650x650-1.jpg 650w\" sizes=\"auto, (max-width: 300px) 100vw, 300px\" \/><figcaption id=\"caption-attachment-5951\" class=\"wp-caption-text\">Fachada de la Casa Natal de Vel\u00e1zquez. Recuperado de: https:\/\/casanatalvelazquez.com\/<\/figcaption><\/figure>\n","protected":false},"excerpt":{"rendered":"<p>Seguro que todos conocemos al destacado Diego Rodr\u00edguez de Silva y Vel\u00e1zquez, pintor barroco nacido en Sevilla y fallecido en Madrid. Autor del famoso cuadro \u201cLas meninas\u201d y de cientos de obras de gran importancia que naci\u00f3 en el coraz\u00f3n de Sevilla, en la calle Padre Luis Mar\u00eda Llop, aunque en su \u00e9poca era conocida [&hellip;]<\/p>\n","protected":false},"author":110,"featured_media":5950,"comment_status":"open","ping_status":"open","sticky":false,"template":"","format":"standard","meta":{"_acf_changed":false,"_monsterinsights_skip_tracking":false,"_monsterinsights_sitenote_active":false,"_monsterinsights_sitenote_note":"","_monsterinsights_sitenote_category":0,"footnotes":""},"categories":[45,1,24,46,301],"tags":[691,692,18,6],"class_list":["post-5947","post","type-post","status-publish","format-standard","has-post-thumbnail","hentry","category-boletin-colorao","category-sin-categoria","category-conservacion-y-restauracion","category-en-la-prensa","category-sevilla","tag-casa-natal","tag-diego-velazquez","tag-restauracion","tag-sevilla"],"blocksy_meta":[],"acf":[],"jetpack_featured_media_url":"https:\/\/www.upo.es\/patio-colorado\/wp-content\/uploads\/2023\/03\/casa-velazquez-cristina2-kojC-1200x630@abc.jpg","_links":{"self":[{"href":"https:\/\/www.upo.es\/patio-colorado\/wp-json\/wp\/v2\/posts\/5947","targetHints":{"allow":["GET"]}}],"collection":[{"href":"https:\/\/www.upo.es\/patio-colorado\/wp-json\/wp\/v2\/posts"}],"about":[{"href":"https:\/\/www.upo.es\/patio-colorado\/wp-json\/wp\/v2\/types\/post"}],"author":[{"embeddable":true,"href":"https:\/\/www.upo.es\/patio-colorado\/wp-json\/wp\/v2\/users\/110"}],"replies":[{"embeddable":true,"href":"https:\/\/www.upo.es\/patio-colorado\/wp-json\/wp\/v2\/comments?post=5947"}],"version-history":[{"count":6,"href":"https:\/\/www.upo.es\/patio-colorado\/wp-json\/wp\/v2\/posts\/5947\/revisions"}],"predecessor-version":[{"id":5962,"href":"https:\/\/www.upo.es\/patio-colorado\/wp-json\/wp\/v2\/posts\/5947\/revisions\/5962"}],"wp:featuredmedia":[{"embeddable":true,"href":"https:\/\/www.upo.es\/patio-colorado\/wp-json\/wp\/v2\/media\/5950"}],"wp:attachment":[{"href":"https:\/\/www.upo.es\/patio-colorado\/wp-json\/wp\/v2\/media?parent=5947"}],"wp:term":[{"taxonomy":"category","embeddable":true,"href":"https:\/\/www.upo.es\/patio-colorado\/wp-json\/wp\/v2\/categories?post=5947"},{"taxonomy":"post_tag","embeddable":true,"href":"https:\/\/www.upo.es\/patio-colorado\/wp-json\/wp\/v2\/tags?post=5947"}],"curies":[{"name":"wp","href":"https:\/\/api.w.org\/{rel}","templated":true}]}}