{"id":596,"date":"2020-03-11T14:16:32","date_gmt":"2020-03-11T14:16:32","guid":{"rendered":"https:\/\/www.upo.es\/patio-colorado\/?p=596"},"modified":"2020-03-11T14:16:32","modified_gmt":"2020-03-11T14:16:32","slug":"ii-ruta-gastronomica-de-cuaresma-en-sanlucar-la-mayor","status":"publish","type":"post","link":"https:\/\/www.upo.es\/patio-colorado\/2020\/03\/11\/ii-ruta-gastronomica-de-cuaresma-en-sanlucar-la-mayor\/","title":{"rendered":"II Ruta Gastron\u00f3mica de Cuaresma en Sanl\u00facar la Mayor"},"content":{"rendered":"<p>Fuente: Diario de Sevilla<\/p>\n<p>Sanlucar La Mayor celebra desde el 13 de marzo al 1 de abril la Segunda Edici\u00f3n de la Ruta Gastron\u00f3mica de Cuaresma, con la participaci\u00f3n de 20 bares y restaurantes en el que la gente podr\u00e1 degustar tapas y dulces de la \u00e9poca, entre los que podemos destacar alimentos como el bacalao, las espinacas o las siempre tradicionales torrijas. Esta iniciativa ha sido apoyada por el Ayuntamiento de la localidad con el fin de fomentar el turismo y repuntar el sector de la hosteler\u00eda.<\/p>\n<p>La celebraci\u00f3n de esta feria tambi\u00e9n servir\u00e1 para promocionar la cultura de Sanl\u00facar La Mayor, celebr\u00e1ndose todo tipo de actividades y eventos culturales, como la Gala de Azahar y Pasi\u00f3n, donde el grupo musical La Estrella de Dos Hermanas presentar\u00e1 su nuevo disco para conmemorar su 50 aniversario y tambi\u00e9n otros eventos destacados como el Preg\u00f3n de Semana Santa,\u00a0 la IV Ruta Cofrade Guiada y la XXI Exaltaci\u00f3n de la Saeta en la Pe\u00f1a Cultural Flamenca.<\/p>\n","protected":false},"excerpt":{"rendered":"<p>Fuente: Diario de Sevilla Sanlucar La Mayor celebra desde el 13 de marzo al 1 de abril la Segunda Edici\u00f3n de la Ruta Gastron\u00f3mica de Cuaresma, con la participaci\u00f3n de 20 bares y restaurantes en el que la gente podr\u00e1 degustar tapas y dulces de la \u00e9poca, entre los que podemos destacar alimentos como el [&hellip;]<\/p>\n","protected":false},"author":7,"featured_media":597,"comment_status":"open","ping_status":"open","sticky":false,"template":"","format":"standard","meta":{"_acf_changed":false,"_monsterinsights_skip_tracking":false,"_monsterinsights_sitenote_active":false,"_monsterinsights_sitenote_note":"","_monsterinsights_sitenote_category":0,"footnotes":""},"categories":[12,26,23],"tags":[],"class_list":["post-596","post","type-post","status-publish","format-standard","has-post-thumbnail","hentry","category-eventos","category-gastronomia-artesania","category-patrimonio-vivo"],"blocksy_meta":[],"acf":[],"jetpack_featured_media_url":"https:\/\/www.upo.es\/patio-colorado\/wp-content\/uploads\/2020\/03\/GASTRONOMIA.jpg","_links":{"self":[{"href":"https:\/\/www.upo.es\/patio-colorado\/wp-json\/wp\/v2\/posts\/596","targetHints":{"allow":["GET"]}}],"collection":[{"href":"https:\/\/www.upo.es\/patio-colorado\/wp-json\/wp\/v2\/posts"}],"about":[{"href":"https:\/\/www.upo.es\/patio-colorado\/wp-json\/wp\/v2\/types\/post"}],"author":[{"embeddable":true,"href":"https:\/\/www.upo.es\/patio-colorado\/wp-json\/wp\/v2\/users\/7"}],"replies":[{"embeddable":true,"href":"https:\/\/www.upo.es\/patio-colorado\/wp-json\/wp\/v2\/comments?post=596"}],"version-history":[{"count":1,"href":"https:\/\/www.upo.es\/patio-colorado\/wp-json\/wp\/v2\/posts\/596\/revisions"}],"predecessor-version":[{"id":598,"href":"https:\/\/www.upo.es\/patio-colorado\/wp-json\/wp\/v2\/posts\/596\/revisions\/598"}],"wp:featuredmedia":[{"embeddable":true,"href":"https:\/\/www.upo.es\/patio-colorado\/wp-json\/wp\/v2\/media\/597"}],"wp:attachment":[{"href":"https:\/\/www.upo.es\/patio-colorado\/wp-json\/wp\/v2\/media?parent=596"}],"wp:term":[{"taxonomy":"category","embeddable":true,"href":"https:\/\/www.upo.es\/patio-colorado\/wp-json\/wp\/v2\/categories?post=596"},{"taxonomy":"post_tag","embeddable":true,"href":"https:\/\/www.upo.es\/patio-colorado\/wp-json\/wp\/v2\/tags?post=596"}],"curies":[{"name":"wp","href":"https:\/\/api.w.org\/{rel}","templated":true}]}}