{"id":5978,"date":"2023-03-25T11:46:06","date_gmt":"2023-03-25T11:46:06","guid":{"rendered":"https:\/\/www.upo.es\/patio-colorado\/?p=5978"},"modified":"2023-03-25T11:50:28","modified_gmt":"2023-03-25T11:50:28","slug":"les-luthiers-su-ultimo-show-pero-no-por-ello-el-menos-importante","status":"publish","type":"post","link":"https:\/\/www.upo.es\/patio-colorado\/2023\/03\/25\/les-luthiers-su-ultimo-show-pero-no-por-ello-el-menos-importante\/","title":{"rendered":"Les Luthiers, su \u00faltimo show, pero no por ello el menos importante"},"content":{"rendered":"<p>Tal y como nos cuenta el Diario de Sevilla,<em> Les Luthiers<\/em> llegar\u00e1 a Sevilla el 27 y 28 de junio de este a\u00f1o, y presentar\u00e1n su \u00faltimo show en el Palacio de Congresos y Exposiciones de Sevilla, m\u00e1s com\u00fanmente conocido como FIBES.<\/p>\n<p><img loading=\"lazy\" decoding=\"async\" class=\"alignnone wp-image-5979\" src=\"https:\/\/www.upo.es\/patio-colorado\/wp-content\/uploads\/2023\/03\/Imagen1-1-300x168.jpg\" alt=\"\" width=\"524\" height=\"293\" srcset=\"https:\/\/www.upo.es\/patio-colorado\/wp-content\/uploads\/2023\/03\/Imagen1-1-300x168.jpg 300w, https:\/\/www.upo.es\/patio-colorado\/wp-content\/uploads\/2023\/03\/Imagen1-1-1024x575.jpg 1024w, https:\/\/www.upo.es\/patio-colorado\/wp-content\/uploads\/2023\/03\/Imagen1-1-768x431.jpg 768w, https:\/\/www.upo.es\/patio-colorado\/wp-content\/uploads\/2023\/03\/Imagen1-1.jpg 1181w\" sizes=\"auto, (max-width: 524px) 100vw, 524px\" \/><\/p>\n<p>Fuente: <a href=\"https:\/\/www.diariodesevilla.es\/ocio\/Luthiers-entradas-fines_0_1768623806.html\">https:\/\/www.diariodesevilla.es\/ocio\/Luthiers-entradas-fines_0_1768623806.html<\/a><\/p>\n<p>Se trata de un grupo argentino, formado a finales de los a\u00f1os sesenta, que pone de manifiesto el humor y la m\u00fasica a la vez, incorporando instrumentos informales creados a partir de materiales de la vida cotidiana. Su nombre proviene de <em>luthier<\/em>, palabra del idioma franc\u00e9s que designa al creador y encargado de la reparaci\u00f3n de instrumentos musicales de cuerda. <em>Les Luthiers<\/em>, muy conocido en su pa\u00eds y en otros hispanohablantes, ha recibido numerosos premios a lo largo de su carrera, entre los que destacan los Premios Konex, el premio Grammy Latino especial a la Excelencia Musical (Estados Unidos, 2011) o el Premio Princesa de Asturias de Comunicaci\u00f3n y Humanidades (Espa\u00f1a, 2017).<\/p>\n<p><em>M\u00e1s Tropiezos de Mastropiero<\/em> es el nombre de su \u00faltimo espect\u00e1culo, en el que fusionan la tradici\u00f3n y la modernidad, y que aprovechar\u00e1n para despedirse de la ciudad hispalense, pues la formaci\u00f3n finalmente se retira.<\/p>\n<p>Esta vez el show girar\u00e1 en torno al creador de las obras de este grupo, Johann Sebastian Mastropiero, y a su historia transcurrida a lo largo de todos estos a\u00f1os, utilizando ejemplos musicales y esc\u00e9nicos por medio de, adem\u00e1s, nuevas canciones, escenas e instrumentos informales.<\/p>\n<p>La representaci\u00f3n, dirigida a todos los p\u00fablicos, se va a caracterizar por la elegancia, la inteligencia y el humor, y no solo se transmitir\u00e1 en la capital andaluza. Otras ciudades espa\u00f1olas como Madrid, Nerja o Barcelona se sumar\u00e1n para acoger esta pieza art\u00edstica a lo largo del verano.<\/p>\n<p>En el v\u00eddeo adjuntado a continuaci\u00f3n, vemos un ejemplo de esa combinaci\u00f3n de humor y m\u00fasica. En este caso, representan una canci\u00f3n suya denominada \u201cYa no te amo, Ra\u00fal\u201d, precedida primero por un ef\u00edmero mon\u00f3logo, en el que se menciona que la cantante se encuentra indispuesta, por lo que es uno de los miembros el que la va a interpretar. Cuando lo hace, cambia el g\u00e9nero de las palabras constantemente, dando a entender, con un toque humor\u00edstico, que \u00e9l mismo se la dedica a una mujer, por lo que la letra acaba perdiendo todo su sentido tanto gramatical como sem\u00e1ntico, al estar provista de rasgos masculinos.<\/p>\n<p><iframe loading=\"lazy\" title=\"Ya no te amo, Ra\u00fal \u00b7 Les Luthiers\" width=\"1600\" height=\"900\" src=\"https:\/\/www.youtube.com\/embed\/XfN1FSC1mBY?feature=oembed\" frameborder=\"0\" allow=\"accelerometer; autoplay; clipboard-write; encrypted-media; gyroscope; picture-in-picture; web-share\" referrerpolicy=\"strict-origin-when-cross-origin\" allowfullscreen><\/iframe><\/p>\n<p>Desde mi punto de vista, se trata de una fusi\u00f3n fant\u00e1stica, ya que el arte no solo es seriedad y belleza, sino que, con un toque sat\u00edrico, puede llegar a convertirse en el placer que necesitamos en un momento espec\u00edfico para desconectar y disfrutar con felicidad de la cultura.<\/p>\n","protected":false},"excerpt":{"rendered":"<p>Tal y como nos cuenta el Diario de Sevilla, Les Luthiers llegar\u00e1 a Sevilla el 27 y 28 de junio de este a\u00f1o, y presentar\u00e1n su \u00faltimo show en el Palacio de Congresos y Exposiciones de Sevilla, m\u00e1s com\u00fanmente conocido como FIBES. Fuente: https:\/\/www.diariodesevilla.es\/ocio\/Luthiers-entradas-fines_0_1768623806.html Se trata de un grupo argentino, formado a finales de los [&hellip;]<\/p>\n","protected":false},"author":106,"featured_media":5980,"comment_status":"open","ping_status":"open","sticky":false,"template":"","format":"standard","meta":{"_acf_changed":false,"_monsterinsights_skip_tracking":false,"_monsterinsights_sitenote_active":false,"_monsterinsights_sitenote_note":"","_monsterinsights_sitenote_category":0,"footnotes":""},"categories":[169,301],"tags":[694],"class_list":["post-5978","post","type-post","status-publish","format-standard","has-post-thumbnail","hentry","category-cine-artes-audiovisuales","category-sevilla","tag-espectaculos-lesluthiers-culturayarte"],"blocksy_meta":[],"acf":[],"jetpack_featured_media_url":"https:\/\/www.upo.es\/patio-colorado\/wp-content\/uploads\/2023\/03\/descarga.jpg","_links":{"self":[{"href":"https:\/\/www.upo.es\/patio-colorado\/wp-json\/wp\/v2\/posts\/5978","targetHints":{"allow":["GET"]}}],"collection":[{"href":"https:\/\/www.upo.es\/patio-colorado\/wp-json\/wp\/v2\/posts"}],"about":[{"href":"https:\/\/www.upo.es\/patio-colorado\/wp-json\/wp\/v2\/types\/post"}],"author":[{"embeddable":true,"href":"https:\/\/www.upo.es\/patio-colorado\/wp-json\/wp\/v2\/users\/106"}],"replies":[{"embeddable":true,"href":"https:\/\/www.upo.es\/patio-colorado\/wp-json\/wp\/v2\/comments?post=5978"}],"version-history":[{"count":4,"href":"https:\/\/www.upo.es\/patio-colorado\/wp-json\/wp\/v2\/posts\/5978\/revisions"}],"predecessor-version":[{"id":5984,"href":"https:\/\/www.upo.es\/patio-colorado\/wp-json\/wp\/v2\/posts\/5978\/revisions\/5984"}],"wp:featuredmedia":[{"embeddable":true,"href":"https:\/\/www.upo.es\/patio-colorado\/wp-json\/wp\/v2\/media\/5980"}],"wp:attachment":[{"href":"https:\/\/www.upo.es\/patio-colorado\/wp-json\/wp\/v2\/media?parent=5978"}],"wp:term":[{"taxonomy":"category","embeddable":true,"href":"https:\/\/www.upo.es\/patio-colorado\/wp-json\/wp\/v2\/categories?post=5978"},{"taxonomy":"post_tag","embeddable":true,"href":"https:\/\/www.upo.es\/patio-colorado\/wp-json\/wp\/v2\/tags?post=5978"}],"curies":[{"name":"wp","href":"https:\/\/api.w.org\/{rel}","templated":true}]}}