{"id":6053,"date":"2023-03-29T10:29:05","date_gmt":"2023-03-29T10:29:05","guid":{"rendered":"https:\/\/www.upo.es\/patio-colorado\/?p=6053"},"modified":"2023-03-29T10:29:05","modified_gmt":"2023-03-29T10:29:05","slug":"de-van-dyck-a-rembrandt-pasando-por-sevilla","status":"publish","type":"post","link":"https:\/\/www.upo.es\/patio-colorado\/2023\/03\/29\/de-van-dyck-a-rembrandt-pasando-por-sevilla\/","title":{"rendered":"De Van Dyck a Rembrandt pasando por Sevilla."},"content":{"rendered":"<p><em>El Centro de Iniciativas Culturales de la Universidad de Sevilla (CICUS) inaugur\u00f3 el <\/em><br \/>\n<em>pasado 16 de febrero una exposici\u00f3n dedicada al grabado flamenco que estar\u00e1 disponible <\/em><br \/>\n<em>hasta el 21 de abril de 2023. El objetivo es destacar la importancia de las t\u00e9cnicas de <\/em><br \/>\n<em>grabado en la evoluci\u00f3n de la cultura europea, as\u00ed como su divulgaci\u00f3n e influencia en el <\/em><br \/>\n<em>Mundo Moderno.<\/em><br \/>\nEl centro acoge m\u00e1s de 90 grabados de calidad, entre los que se encuentran piezas<br \/>\nde algunos de los artistas flamencos m\u00e1s famosos, como son los maestros que dan<br \/>\nprestigio al t\u00edtulo de la exposici\u00f3n. Adem\u00e1s de Van Dyck y Rembrandt, la colecci\u00f3n la<br \/>\nconforman artistas como Lucas de Leyden, Hans Beham o Hendrick Glotzius, menos<br \/>\nconocidos pero que reflejan a la perfecci\u00f3n las t\u00e9cnicas emergentes en Flandes y<br \/>\nalrededores.<\/p>\n<p><img loading=\"lazy\" decoding=\"async\" class=\"aligncenter\" src=\"https:\/\/s2.abcstatics.com\/abc\/sevilla\/multimedia\/queplan\/2023\/02\/16\/grabado-flamenco-dos-RAdkoKhvsNlcAooslkZgYxO-758x531@abc.jpg\" alt=\"El CICUS re\u00fane en una exposici\u00f3n obras maestras del grabado de artistas ...\" width=\"252\" height=\"176\" \/><br \/>\nEl grabado ha sido en la historia fundamental para el desarrollo de la imagen. Al<br \/>\nigual que las estampas y los libros impresos, contribuyeron enormemente a la divulgaci\u00f3n<br \/>\ny transmisi\u00f3n del conocimiento y la doctrina religiosa. Tambi\u00e9n fue una innovadora<br \/>\naportaci\u00f3n para la propaganda pol\u00edtica, pues las distintas naciones utilizaron el grabado<br \/>\ntanto para dar forma a su imagen p\u00fablica como para hacer l\u00edcita su autoridad.<br \/>\nDesde sus inicios m\u00e1s humildes, tuvieron un gran impacto visual en la sociedad.<br \/>\nEn el siglo XIV con la xilograf\u00eda, cuya t\u00e9cnica de impresi\u00f3n era a base de una plancha de<br \/>\nmadera, ser\u00edan los primeros pasos de lo que m\u00e1s tarde se convertir\u00eda en un grabado<br \/>\ncalcogr\u00e1fico \u2013 estampaci\u00f3n mediante una prensa met\u00e1lica con incisiones que recogen la<br \/>\ntinta \u2013 que permitir\u00e1 aumentar el n\u00famero de ejemplares. Estos avances supondr\u00e1n la<br \/>\nr\u00e1pida divulgaci\u00f3n, no solo de una imagen pol\u00edtica, tambi\u00e9n de escenas religiosas,<br \/>\nbatallas, retratos, alegor\u00edas, mapas, paisajes, es decir, un gran intercambio de informaci\u00f3n<br \/>\npor toda Europa.<\/p>\n<p><img loading=\"lazy\" decoding=\"async\" class=\" wp-image-6055 aligncenter\" src=\"https:\/\/www.upo.es\/patio-colorado\/wp-content\/uploads\/2023\/03\/Lucas-de-leyden-300x270.jpeg\" alt=\"\" width=\"229\" height=\"206\" srcset=\"https:\/\/www.upo.es\/patio-colorado\/wp-content\/uploads\/2023\/03\/Lucas-de-leyden-300x270.jpeg 300w, https:\/\/www.upo.es\/patio-colorado\/wp-content\/uploads\/2023\/03\/Lucas-de-leyden.jpeg 750w\" sizes=\"auto, (max-width: 229px) 100vw, 229px\" \/><br \/>\nEstas piezas tan caracter\u00edsticas del arte Moderno, la mayor\u00eda de la colecci\u00f3n espa\u00f1ola de<br \/>\nFrancisco Fern\u00e1ndez Pardo, son un ejemplo perfecto de las habilidades de los autores de<br \/>\nla \u00e9poca y de la evoluci\u00f3n de las t\u00e9cnicas de grabaci\u00f3n. Adem\u00e1s, nos acercan a los<br \/>\nsignificados y a las f\u00f3rmulas de transmisi\u00f3n de ideas con las que los grabadores flamencos<br \/>\nentend\u00edan el mundo.<\/p>\n","protected":false},"excerpt":{"rendered":"<p>El Centro de Iniciativas Culturales de la Universidad de Sevilla (CICUS) inaugur\u00f3 el pasado 16 de febrero una exposici\u00f3n dedicada al grabado flamenco que estar\u00e1 disponible hasta el 21 de abril de 2023. El objetivo es destacar la importancia de las t\u00e9cnicas de grabado en la evoluci\u00f3n de la cultura europea, as\u00ed como su divulgaci\u00f3n [&hellip;]<\/p>\n","protected":false},"author":115,"featured_media":6054,"comment_status":"open","ping_status":"open","sticky":false,"template":"","format":"standard","meta":{"_acf_changed":false,"_monsterinsights_skip_tracking":false,"_monsterinsights_sitenote_active":false,"_monsterinsights_sitenote_note":"","_monsterinsights_sitenote_category":0,"footnotes":""},"categories":[12],"tags":[700,699,698,6,701],"class_list":["post-6053","post","type-post","status-publish","format-standard","has-post-thumbnail","hentry","category-eventos","tag-calcografia","tag-cicus","tag-grabado-flamenco","tag-sevilla","tag-transmision-cultural"],"blocksy_meta":[],"acf":[],"jetpack_featured_media_url":"https:\/\/www.upo.es\/patio-colorado\/wp-content\/uploads\/2023\/03\/GRABADO-FLAMENCO-invitacioin_page-0001.jpg","_links":{"self":[{"href":"https:\/\/www.upo.es\/patio-colorado\/wp-json\/wp\/v2\/posts\/6053","targetHints":{"allow":["GET"]}}],"collection":[{"href":"https:\/\/www.upo.es\/patio-colorado\/wp-json\/wp\/v2\/posts"}],"about":[{"href":"https:\/\/www.upo.es\/patio-colorado\/wp-json\/wp\/v2\/types\/post"}],"author":[{"embeddable":true,"href":"https:\/\/www.upo.es\/patio-colorado\/wp-json\/wp\/v2\/users\/115"}],"replies":[{"embeddable":true,"href":"https:\/\/www.upo.es\/patio-colorado\/wp-json\/wp\/v2\/comments?post=6053"}],"version-history":[{"count":1,"href":"https:\/\/www.upo.es\/patio-colorado\/wp-json\/wp\/v2\/posts\/6053\/revisions"}],"predecessor-version":[{"id":6056,"href":"https:\/\/www.upo.es\/patio-colorado\/wp-json\/wp\/v2\/posts\/6053\/revisions\/6056"}],"wp:featuredmedia":[{"embeddable":true,"href":"https:\/\/www.upo.es\/patio-colorado\/wp-json\/wp\/v2\/media\/6054"}],"wp:attachment":[{"href":"https:\/\/www.upo.es\/patio-colorado\/wp-json\/wp\/v2\/media?parent=6053"}],"wp:term":[{"taxonomy":"category","embeddable":true,"href":"https:\/\/www.upo.es\/patio-colorado\/wp-json\/wp\/v2\/categories?post=6053"},{"taxonomy":"post_tag","embeddable":true,"href":"https:\/\/www.upo.es\/patio-colorado\/wp-json\/wp\/v2\/tags?post=6053"}],"curies":[{"name":"wp","href":"https:\/\/api.w.org\/{rel}","templated":true}]}}