{"id":6057,"date":"2023-03-29T11:43:16","date_gmt":"2023-03-29T11:43:16","guid":{"rendered":"https:\/\/www.upo.es\/patio-colorado\/?p=6057"},"modified":"2023-04-03T19:34:42","modified_gmt":"2023-04-03T19:34:42","slug":"jornadas-sobre-patrimonio-sumergido-en-el-estrecho-de-gibraltar","status":"publish","type":"post","link":"https:\/\/www.upo.es\/patio-colorado\/2023\/03\/29\/jornadas-sobre-patrimonio-sumergido-en-el-estrecho-de-gibraltar\/","title":{"rendered":"Jornadas sobre patrimonio sumergido en el Estrecho de Gibraltar"},"content":{"rendered":"<p><em>La localidad de Tarifa fue el pasado 10 de marzo sede de unas jornadas organizadas por la direcci\u00f3n del\u00a0 Parque Natural del Estrecho llamadas \u00abPatrimonio sumergido: historia, arqueolog\u00eda y fondos marinos como recursos en econom\u00eda azul\u00bb con la ayuda de la Junta de Andaluc\u00eda , Atl\u00e1ntida Medio Ambiente y la Uni\u00f3n Europea.\u00a0<\/em><\/p>\n<p>Este tur\u00edstico enclave gaditano acogi\u00f3 en la Casa de la Cultura este evento con el objetivo de dar a conocer el estado en el que se encuentran los recursos subacu\u00e1ticos del Estrecho de Gibraltar en las playas de Tarifa: Los Lances y Valdevaqueros, por la zona Atl\u00e1ntica y conocidas por la actividad de deportes de agua como el Windsurf, y la Isla y la Playa Chica, calas mediterr\u00e1neas y visitadas para el buceo o el avistamiento de cet\u00e1ceos.<\/p>\n<p><img loading=\"lazy\" decoding=\"async\" class=\"\" src=\"https:\/\/visiterandalousie.files.wordpress.com\/2012\/12\/playa-de-valdevaqueros-c3a0-tarifa-cadix-1.jpg?w=600\" alt=\"Playa de Valdevaqueros \u00e0 Tarifa, Cadix | Visiter l'Andalousie\" width=\"144\" height=\"98\" \/> <img loading=\"lazy\" decoding=\"async\" class=\"\" src=\"https:\/\/www.surfski.pl\/timthumb.php?&amp;src=%2Fimages%2Fgallery%2Forg%2F53d1834368872.jpg&amp;w=960&amp;h=700\" alt=\"Przewodnik - Tarifa Wyspy Kanaryjskie - Windsurfing Kitesurfing ...\" width=\"131\" height=\"96\" \/> \u00a0<img loading=\"lazy\" decoding=\"async\" class=\"\" src=\"https:\/\/media3.clubrural.com\/img990x400\/noalojamientos\/17939\/20160121122642.jpg\" alt=\"Playa de Playa Chica en Tarifa, C\u00e1diz - Clubrural\" width=\"188\" height=\"76\" \/> <img loading=\"lazy\" decoding=\"async\" class=\"\" src=\"https:\/\/live.staticflickr.com\/65535\/51021588211_9770b77766_z.jpg\" alt=\"El Foso, Tarifa | elpua | Flickr\" width=\"130\" height=\"97\" \/><\/p>\n<p>Se trataron tambi\u00e9n temas como la biodiversidad de h\u00e1bitats subacu\u00e1ticos, la historia naval de la zona (desconocida para la mayor\u00eda de participantes), las rutas arqueol\u00f3gicas subacu\u00e1ticas o la imagen como recurso para la valorizaci\u00f3n de estos lugares, as\u00ed como su repercusi\u00f3n en el turismo en masa.<\/p>\n<p>Para concluir el programa, se hizo una visita al Centro de Interpretaci\u00f3n de la Isla de Tarifa antes de presentar conclusiones, pues hay mucho que debatir sobre la gesti\u00f3n del patrimonio subacu\u00e1tico y paisaj\u00edstico de la zona. La mayor\u00eda de los que se ocupan de ella son empresas privadas enfocadas a un turismo con una clara intenci\u00f3n recreativa y, por lo tanto, la mayor\u00eda dedicadas a organizar actividades de visita. Sin embargo, el Ayuntamiento deber\u00eda involucrarse m\u00e1s en la cuidado de este tesoro natural, as\u00ed como de la difusi\u00f3n e investigaci\u00f3n a cerca de la historia que hay detr\u00e1s de estos lugares. Ejemplo de ello es el desconocimiento general sobre la historia naval de Tarifa, siendo un punto clave y \u00fanico entre Europa y \u00c1frica (fundamental en el desarrollo de periodos convulsos de la historia) o el trato que se le ha dado a la Isla, que hasta este mismo a\u00f1o estaba cerrada al p\u00fablico por ser zona militar.<\/p>\n<p><img loading=\"lazy\" decoding=\"async\" class=\"aligncenter\" src=\"https:\/\/tarifa.travel\/wp-content\/uploads\/2021\/07\/Island-Of-Tarifa.jpg\" alt=\"Cultural \u2013 Tarifa Spain\" width=\"189\" height=\"189\" \/><\/p>\n<p>Sin duda, se trata de unas jornadas que acercan a la sociedad este recurso tan importante, rico y amplio de la comarca y que pueden concienciar a la poblaci\u00f3n sobre c\u00f3mo se est\u00e1 gestionando su tierra y su historia, que no dejan de ser parte de ellos mismo y su identidad.<\/p>\n<p><img loading=\"lazy\" decoding=\"async\" class=\"aligncenter\" src=\"https:\/\/th.bing.com\/th\/id\/R.fa3592e0e3511d98fd171b6655e71b79?rik=c3%2fb%2bV0UD3fvmg&amp;riu=http%3a%2f%2ffotosylugares.com%2fwp-content%2fuploads%2f2014%2f06%2fTarifa-vistas.jpg&amp;ehk=ZAbUk3QLUqmmfEeuRXr4y1twIPDb4AfUnH3SyadhrFc%3d&amp;risl=&amp;pid=ImgRaw&amp;r=0\" alt=\"Qu\u00e9 visitar en TARIFA, puerta del mar Mediterr\u00e1neo y oc\u00e9ano Atl\u00e1ntico\" width=\"308\" height=\"173\" \/><\/p>\n","protected":false},"excerpt":{"rendered":"<p>La localidad de Tarifa fue el pasado 10 de marzo sede de unas jornadas organizadas por la direcci\u00f3n del\u00a0 Parque Natural del Estrecho llamadas \u00abPatrimonio sumergido: historia, arqueolog\u00eda y fondos marinos como recursos en econom\u00eda azul\u00bb con la ayuda de la Junta de Andaluc\u00eda , Atl\u00e1ntida Medio Ambiente y la Uni\u00f3n Europea.\u00a0 Este tur\u00edstico enclave [&hellip;]<\/p>\n","protected":false},"author":115,"featured_media":6058,"comment_status":"open","ping_status":"open","sticky":false,"template":"","format":"standard","meta":{"_acf_changed":false,"_monsterinsights_skip_tracking":false,"_monsterinsights_sitenote_active":false,"_monsterinsights_sitenote_note":"","_monsterinsights_sitenote_category":0,"footnotes":""},"categories":[702],"tags":[],"class_list":["post-6057","post","type-post","status-publish","format-standard","has-post-thumbnail","hentry","category-patrimonio-paisajistico"],"blocksy_meta":[],"acf":[],"jetpack_featured_media_url":"https:\/\/www.upo.es\/patio-colorado\/wp-content\/uploads\/2023\/03\/Congreso-tarifa-scaled.jpg","_links":{"self":[{"href":"https:\/\/www.upo.es\/patio-colorado\/wp-json\/wp\/v2\/posts\/6057","targetHints":{"allow":["GET"]}}],"collection":[{"href":"https:\/\/www.upo.es\/patio-colorado\/wp-json\/wp\/v2\/posts"}],"about":[{"href":"https:\/\/www.upo.es\/patio-colorado\/wp-json\/wp\/v2\/types\/post"}],"author":[{"embeddable":true,"href":"https:\/\/www.upo.es\/patio-colorado\/wp-json\/wp\/v2\/users\/115"}],"replies":[{"embeddable":true,"href":"https:\/\/www.upo.es\/patio-colorado\/wp-json\/wp\/v2\/comments?post=6057"}],"version-history":[{"count":3,"href":"https:\/\/www.upo.es\/patio-colorado\/wp-json\/wp\/v2\/posts\/6057\/revisions"}],"predecessor-version":[{"id":6106,"href":"https:\/\/www.upo.es\/patio-colorado\/wp-json\/wp\/v2\/posts\/6057\/revisions\/6106"}],"wp:featuredmedia":[{"embeddable":true,"href":"https:\/\/www.upo.es\/patio-colorado\/wp-json\/wp\/v2\/media\/6058"}],"wp:attachment":[{"href":"https:\/\/www.upo.es\/patio-colorado\/wp-json\/wp\/v2\/media?parent=6057"}],"wp:term":[{"taxonomy":"category","embeddable":true,"href":"https:\/\/www.upo.es\/patio-colorado\/wp-json\/wp\/v2\/categories?post=6057"},{"taxonomy":"post_tag","embeddable":true,"href":"https:\/\/www.upo.es\/patio-colorado\/wp-json\/wp\/v2\/tags?post=6057"}],"curies":[{"name":"wp","href":"https:\/\/api.w.org\/{rel}","templated":true}]}}