{"id":6074,"date":"2023-04-01T12:32:20","date_gmt":"2023-04-01T12:32:20","guid":{"rendered":"https:\/\/www.upo.es\/patio-colorado\/?p=6074"},"modified":"2023-04-17T11:57:19","modified_gmt":"2023-04-17T11:57:19","slug":"una-visita-a-las-setas-desde-el-punto-de-vista-de-una-turista","status":"publish","type":"post","link":"https:\/\/www.upo.es\/patio-colorado\/2023\/04\/01\/una-visita-a-las-setas-desde-el-punto-de-vista-de-una-turista\/","title":{"rendered":"Una visita a Las Setas desde el punto de vista de una &#8216;turista&#8217;"},"content":{"rendered":"<p>\u00a1Hola lector@! Me llamo Emma y soy estudiante de Erasmus en la UPO. He vivido en Sevilla hace 7 meses, y me encanta mucho. Espero que no le importe si escribo un poco en ingl\u00e9s de mis experiencias aqu\u00ed en Andaluc\u00eda.<\/p>\n<p>&nbsp;<\/p>\n<p>Last week I went to visit Las Setas with my boyfriend whilst he was visiting me here in Seville. Because I am staying here for a year, I had to become an official resident of Spain. This means that instead of paying 15\u20ac to go up Las Setas, I was able to go for free. This, however, did not stop me from feeling very much like tourist.<\/p>\n<p>&nbsp;<\/p>\n<p>Las Setas is very impressive structure, boasting the title of the <em>largest wooden structure in the world<\/em>. At 150m long, 70m wide and 26m tall, it can be found in the very centre of the city, in the Plaza de la Encarnaci\u00f3n. The structure was designed by an architect from Berlin called J\u00fcrgen Mayer. The construction cost 100 million euros, and it is estimated that, through taxes, it cost each citizen of Seville 143\u20ac. It seems that opinions on the structure are divided. It is certainly a great and lucrative tourist attraction, but some may think it does not quite fit with the other beautiful architecture that Seville has to offer.<\/p>\n<p><img loading=\"lazy\" decoding=\"async\" class=\"alignnone size-medium wp-image-6079\" src=\"https:\/\/www.upo.es\/patio-colorado\/wp-content\/uploads\/2023\/04\/Pic-3-1-225x300.jpg\" alt=\"\" width=\"225\" height=\"300\" srcset=\"https:\/\/www.upo.es\/patio-colorado\/wp-content\/uploads\/2023\/04\/Pic-3-1-225x300.jpg 225w, https:\/\/www.upo.es\/patio-colorado\/wp-content\/uploads\/2023\/04\/Pic-3-1-768x1024.jpg 768w, https:\/\/www.upo.es\/patio-colorado\/wp-content\/uploads\/2023\/04\/Pic-3-1-1152x1536.jpg 1152w, https:\/\/www.upo.es\/patio-colorado\/wp-content\/uploads\/2023\/04\/Pic-3-1-1536x2048.jpg 1536w, https:\/\/www.upo.es\/patio-colorado\/wp-content\/uploads\/2023\/04\/Pic-3-1-scaled.jpg 1920w\" sizes=\"auto, (max-width: 225px) 100vw, 225px\" \/><\/p>\n<p>While I cannot speculate more on what a true <em>sevillano<\/em> may think of Las Setas, I wanted to talk a bit about my own visit. I went in the evening, as the sun was setting. As we arrived, the Plaza was busy. A \u2018paddle\u2019 tournament was going on in the space underneath Las Setas. As you arrive into the square you cannot help but notice that the mushroom- like structure is a little incongruous with the rest of the city\u2019s landscape. It is made of wood, instead of stone. Its edges are curved, whilst the rest of the buildings are constructed with straight lines. It is also turns purple at night.<\/p>\n<p>&nbsp;<\/p>\n<p>When we reached the top, we were invited to watch a short film called \u2018Feeling Sevilla\u2019 (I have not translated the title, it is in English). The film shows all the things I might have related to Seville before coming here. There are flamenco dancers, matadors and great drone views of La Giralda. The scene has been set for us: the experience we are about to have will centre around Seville as a city and as a culture. We walk along the walkways to the \u2018mirador\u2019, a view point where you can see all of Seville. It is a really amazing view of the city. We stay up there and watched the sunset, surrounded by other (mostly non-Spanish) people doing the same thing.<\/p>\n<p><img loading=\"lazy\" decoding=\"async\" class=\"alignnone size-medium wp-image-6076\" src=\"https:\/\/www.upo.es\/patio-colorado\/wp-content\/uploads\/2023\/04\/Pic-2-225x300.jpg\" alt=\"\" width=\"225\" height=\"300\" srcset=\"https:\/\/www.upo.es\/patio-colorado\/wp-content\/uploads\/2023\/04\/Pic-2-225x300.jpg 225w, https:\/\/www.upo.es\/patio-colorado\/wp-content\/uploads\/2023\/04\/Pic-2-768x1024.jpg 768w, https:\/\/www.upo.es\/patio-colorado\/wp-content\/uploads\/2023\/04\/Pic-2-1152x1536.jpg 1152w, https:\/\/www.upo.es\/patio-colorado\/wp-content\/uploads\/2023\/04\/Pic-2-1536x2048.jpg 1536w, https:\/\/www.upo.es\/patio-colorado\/wp-content\/uploads\/2023\/04\/Pic-2-scaled.jpg 1920w\" sizes=\"auto, (max-width: 225px) 100vw, 225px\" \/><\/p>\n<p>After being up there for about 20 minutes appreciating the view, we decided to come back down. I think Las Setas is a brilliant way to see all of Seville. However, that seems to be its main function: a viewpoint. The rest of the sculpture, whilst being very impressive, is not quite as functional.<\/p>\n<p>&nbsp;<\/p>\n<p>Overall, as a tourist, I very much enjoyed my visit to Las Setas. I got some great photos, and I watched the sun set over my favourite city. However, I can understand why people that live here permanently may have mixed feelings about the structure. It was paid for through the taxes of the people that live here, and they can go up for free. However, from what I saw, it was not citizens climbing Las Setas, but other tourists, here for perhaps only a week or two.<\/p>\n<p>Fuentes:<\/p>\n<p>https:\/\/sevilla.abc.es\/sevilla\/sevi-setas-encarnacion-costaran-ahora-cada-sevillano-euros-201001300300-1133418885207_noticia.html<\/p>\n<p>https:\/\/www.visitasevilla.es\/en\/more-see\/las-setas<!--more--><\/p>\n<p>&nbsp;<\/p>\n","protected":false},"excerpt":{"rendered":"<p>\u00a1Hola lector@! Me llamo Emma y soy estudiante de Erasmus en la UPO. He vivido en Sevilla hace 7 meses, y me encanta mucho. Espero que no le importe si escribo un poco en ingl\u00e9s de mis experiencias aqu\u00ed en Andaluc\u00eda. &nbsp; Last week I went to visit Las Setas with my boyfriend whilst he [&hellip;]<\/p>\n","protected":false},"author":118,"featured_media":6077,"comment_status":"open","ping_status":"open","sticky":false,"template":"","format":"standard","meta":{"_acf_changed":false,"_monsterinsights_skip_tracking":false,"_monsterinsights_sitenote_active":false,"_monsterinsights_sitenote_note":"","_monsterinsights_sitenote_category":0,"footnotes":""},"categories":[170,301],"tags":[713,712,332],"class_list":["post-6074","post","type-post","status-publish","format-standard","has-post-thumbnail","hentry","category-monumentos-y-turismo","category-sevilla","tag-arquitectura-arte","tag-las-setas-turismo","tag-sevilla-cultura"],"blocksy_meta":[],"acf":[],"jetpack_featured_media_url":"https:\/\/www.upo.es\/patio-colorado\/wp-content\/uploads\/2023\/04\/Pic-1-scaled.jpg","_links":{"self":[{"href":"https:\/\/www.upo.es\/patio-colorado\/wp-json\/wp\/v2\/posts\/6074","targetHints":{"allow":["GET"]}}],"collection":[{"href":"https:\/\/www.upo.es\/patio-colorado\/wp-json\/wp\/v2\/posts"}],"about":[{"href":"https:\/\/www.upo.es\/patio-colorado\/wp-json\/wp\/v2\/types\/post"}],"author":[{"embeddable":true,"href":"https:\/\/www.upo.es\/patio-colorado\/wp-json\/wp\/v2\/users\/118"}],"replies":[{"embeddable":true,"href":"https:\/\/www.upo.es\/patio-colorado\/wp-json\/wp\/v2\/comments?post=6074"}],"version-history":[{"count":6,"href":"https:\/\/www.upo.es\/patio-colorado\/wp-json\/wp\/v2\/posts\/6074\/revisions"}],"predecessor-version":[{"id":6098,"href":"https:\/\/www.upo.es\/patio-colorado\/wp-json\/wp\/v2\/posts\/6074\/revisions\/6098"}],"wp:featuredmedia":[{"embeddable":true,"href":"https:\/\/www.upo.es\/patio-colorado\/wp-json\/wp\/v2\/media\/6077"}],"wp:attachment":[{"href":"https:\/\/www.upo.es\/patio-colorado\/wp-json\/wp\/v2\/media?parent=6074"}],"wp:term":[{"taxonomy":"category","embeddable":true,"href":"https:\/\/www.upo.es\/patio-colorado\/wp-json\/wp\/v2\/categories?post=6074"},{"taxonomy":"post_tag","embeddable":true,"href":"https:\/\/www.upo.es\/patio-colorado\/wp-json\/wp\/v2\/tags?post=6074"}],"curies":[{"name":"wp","href":"https:\/\/api.w.org\/{rel}","templated":true}]}}