{"id":6086,"date":"2023-04-02T14:49:29","date_gmt":"2023-04-02T14:49:29","guid":{"rendered":"https:\/\/www.upo.es\/patio-colorado\/?p=6086"},"modified":"2023-04-03T18:21:17","modified_gmt":"2023-04-03T18:21:17","slug":"jaume-plensa-poesia-del-silencio","status":"publish","type":"post","link":"https:\/\/www.upo.es\/patio-colorado\/2023\/04\/02\/jaume-plensa-poesia-del-silencio\/","title":{"rendered":"JAUME PLENSA. POES\u00cdA DEL SILENCIO"},"content":{"rendered":"<p>Si ten\u00e9is en la mente un viaje a Barcelona antes del 23 de julio, no dej\u00e9is de visitar la Casa Mil\u00e1, conocida popularmente como \u00abLa Pedrera\u00bb, obra del genial Antonio Gaud\u00ed, que en estos d\u00edas acoge una exposici\u00f3n del escultor Jaume Plensa titulada \u00abJaume Plensa. Poes\u00eda del silencio\u00bb y que acoge m\u00e1s de cien obras del artista que se presentan en la sala de exposiciones y en otros espacios del edificio, como los patios, el desv\u00e1n, la azotea y en el exterior, pretendiendo establecer un di\u00e1logo entre las esculturas y el edificio.<\/p>\n<p>El hilo conductor de esta exposici\u00f3n gira en torno a la relaci\u00f3n del artista con la poes\u00eda. Jaume Plensa utiliza letras en su creaci\u00f3n escult\u00f3rica, \u00abcada letra tiene una belleza \u00fanica, pero todas juntas son una muestra de la diversidad del mundo y la convivencia entre diferentes culturas\u00bb, afirma el artista. El escultor empez\u00f3 utilizando letras del alfabeto latino, pero poco a poco ha ido incorporando letras de otros alfabetos como el chino o el \u00e1rabe, entre otros. Jaume Plensa se ha inspirado en la literatura de Dante, Shakespeare, William Blake y Baudelaire, adem\u00e1s de los espa\u00f1oles Vicent Andr\u00e9s Estell\u00e9s y Jos\u00e9 \u00c1ngel Valente.<\/p>\n<figure id=\"attachment_6088\" aria-describedby=\"caption-attachment-6088\" style=\"width: 200px\" class=\"wp-caption aligncenter\"><img loading=\"lazy\" decoding=\"async\" class=\"wp-image-6088 size-medium\" src=\"https:\/\/www.upo.es\/patio-colorado\/wp-content\/uploads\/2023\/04\/Imagen2-200x300.jpg\" alt=\"Jaume Plensa con su obra \u00abWhite Nomad\u00bb\" width=\"200\" height=\"300\" srcset=\"https:\/\/www.upo.es\/patio-colorado\/wp-content\/uploads\/2023\/04\/Imagen2-200x300.jpg 200w, https:\/\/www.upo.es\/patio-colorado\/wp-content\/uploads\/2023\/04\/Imagen2.jpg 425w\" sizes=\"auto, (max-width: 200px) 100vw, 200px\" \/><figcaption id=\"caption-attachment-6088\" class=\"wp-caption-text\">White Nomad.\u00a0 \u00a0 \u00a0 \u00a0 \u00a0 \u00a0 \u00a0 \u00a0 \u00a0 \u00a0 \u00a0 \u00a0 \u00a0Fuente:https:\/\/www.elperiodico.com\/es\/fotos\/ocio-y-cultura\/presentacion-exposicion-jaume-plensa-poesia-fotos-la-pedrera-85387926\/85399229<\/figcaption><\/figure>\n<p>&nbsp;<\/p>\n<p>Entre las obras que podemos contemplar se encuentran \u00abTogether\u00bb, una mano de acero inoxidable compuesta por letras de ocho alfabetos, que se expuso por primera vez en la c\u00fapula de la Bas\u00edlica San Giorgio Maggiore en Venecia; \u00abWhite Nomad\u00bb, una figura humana de m\u00e1s de cuatro metros de altura compuesta de letras y caligraf\u00edas de diferentes alfabetos; \u00abSong of Songs\u00bb, una cortina de letras hecha de poemas del \u00abCantar de los Cantares\u00bb; y la escultura que da nombre a la exposici\u00f3n \u00abRui Rui&#8217;s Words\u00bb, un rostro femenino que se lleva la mano a la boca para pedir silencio, no para no dejar hablar, matiza Plensa, sino porque est\u00e1 \u00abpreocupado porque hay un ruido medi\u00e1tico enorme de mensajes que no son \u00fatiles\u00bb. \u00abIntento fabricar silencio en una \u00e9poca ruidosa\u00bb, ha precisado el escultor, que cree que \u00abnos llegan tantos mensajes que no son importantes que no nos dejan escuchar la vibraci\u00f3n de nuestro cuerpo y nuestros pensamientos\u00bb.<\/p>\n<figure id=\"attachment_6087\" aria-describedby=\"caption-attachment-6087\" style=\"width: 300px\" class=\"wp-caption aligncenter\"><img loading=\"lazy\" decoding=\"async\" class=\"wp-image-6087 size-medium\" src=\"https:\/\/www.upo.es\/patio-colorado\/wp-content\/uploads\/2023\/04\/Imagen1-300x196.jpg\" alt=\"\" width=\"300\" height=\"196\" srcset=\"https:\/\/www.upo.es\/patio-colorado\/wp-content\/uploads\/2023\/04\/Imagen1-300x196.jpg 300w, https:\/\/www.upo.es\/patio-colorado\/wp-content\/uploads\/2023\/04\/Imagen1.jpg 425w\" sizes=\"auto, (max-width: 300px) 100vw, 300px\" \/><figcaption id=\"caption-attachment-6087\" class=\"wp-caption-text\">Rui Rui&#8217;s Words\u00a0 \u00a0 \u00a0 \u00a0 \u00a0 \u00a0 \u00a0 \u00a0 \u00a0 \u00a0 \u00a0 \u00a0 \u00a0 \u00a0 \u00a0 \u00a0 \u00a0 \u00a0 \u00a0 \u00a0 \u00a0 \u00a0 \u00a0 \u00a0 \u00a0 \u00a0 \u00a0 \u00a0 \u00a0 Fuente:https:\/\/www.elperiodico.com\/es\/fotos\/ocio-y-cultura\/presentacion-exposicion-jaume-plensa-poesia-fotos-la-pedrera-85387926\/85399229<\/figcaption><\/figure>\n<p>REFERENCIAS<\/p>\n<p>https:\/\/www.europapress.es\/catalunya\/noticia-jaume-plensa-repasa-influencia-poesia-obra-exposicion-pedrera-20230330145348.html<\/p>\n<p>https:\/\/www.lapedrera.com\/es\/agenda-actividades-barcelona\/exposicion\/jaume-plensa-poesia-del-silencio<\/p>\n<p>https:\/\/www.eldiario.es\/comunitat-valenciana\/eldiario-de-la-cultura\/jaume-plensa-escultor-literatura-fundacion-bancaja-fabricar-silencio-epoca-ruidosa_132_9743718.html<\/p>\n<p>https:\/\/www.fundacionbancaja.es\/exposicion\/jaume-plensa-poesia-del-silencio\/<\/p>\n<p>https:\/\/www.elperiodico.com\/es\/fotos\/ocio-y-cultura\/presentacion-exposicion-jaume-plensa-poesia-fotos-la-pedrera-85387926\/85399229<\/p>\n<p>&nbsp;<\/p>\n","protected":false},"excerpt":{"rendered":"<p>Si ten\u00e9is en la mente un viaje a Barcelona antes del 23 de julio, no dej\u00e9is de visitar la Casa Mil\u00e1, conocida popularmente como \u00abLa Pedrera\u00bb, obra del genial Antonio Gaud\u00ed, que en estos d\u00edas acoge una exposici\u00f3n del escultor Jaume Plensa titulada \u00abJaume Plensa. Poes\u00eda del silencio\u00bb y que acoge m\u00e1s de cien obras [&hellip;]<\/p>\n","protected":false},"author":100,"featured_media":6104,"comment_status":"open","ping_status":"open","sticky":false,"template":"","format":"standard","meta":{"_acf_changed":false,"_monsterinsights_skip_tracking":false,"_monsterinsights_sitenote_active":false,"_monsterinsights_sitenote_note":"","_monsterinsights_sitenote_category":0,"footnotes":""},"categories":[45,46],"tags":[],"class_list":["post-6086","post","type-post","status-publish","format-standard","has-post-thumbnail","hentry","category-boletin-colorao","category-en-la-prensa"],"blocksy_meta":[],"acf":[],"jetpack_featured_media_url":"https:\/\/www.upo.es\/patio-colorado\/wp-content\/uploads\/2023\/04\/Imagen3-1.png","_links":{"self":[{"href":"https:\/\/www.upo.es\/patio-colorado\/wp-json\/wp\/v2\/posts\/6086","targetHints":{"allow":["GET"]}}],"collection":[{"href":"https:\/\/www.upo.es\/patio-colorado\/wp-json\/wp\/v2\/posts"}],"about":[{"href":"https:\/\/www.upo.es\/patio-colorado\/wp-json\/wp\/v2\/types\/post"}],"author":[{"embeddable":true,"href":"https:\/\/www.upo.es\/patio-colorado\/wp-json\/wp\/v2\/users\/100"}],"replies":[{"embeddable":true,"href":"https:\/\/www.upo.es\/patio-colorado\/wp-json\/wp\/v2\/comments?post=6086"}],"version-history":[{"count":3,"href":"https:\/\/www.upo.es\/patio-colorado\/wp-json\/wp\/v2\/posts\/6086\/revisions"}],"predecessor-version":[{"id":6103,"href":"https:\/\/www.upo.es\/patio-colorado\/wp-json\/wp\/v2\/posts\/6086\/revisions\/6103"}],"wp:featuredmedia":[{"embeddable":true,"href":"https:\/\/www.upo.es\/patio-colorado\/wp-json\/wp\/v2\/media\/6104"}],"wp:attachment":[{"href":"https:\/\/www.upo.es\/patio-colorado\/wp-json\/wp\/v2\/media?parent=6086"}],"wp:term":[{"taxonomy":"category","embeddable":true,"href":"https:\/\/www.upo.es\/patio-colorado\/wp-json\/wp\/v2\/categories?post=6086"},{"taxonomy":"post_tag","embeddable":true,"href":"https:\/\/www.upo.es\/patio-colorado\/wp-json\/wp\/v2\/tags?post=6086"}],"curies":[{"name":"wp","href":"https:\/\/api.w.org\/{rel}","templated":true}]}}