{"id":6092,"date":"2023-04-03T10:36:49","date_gmt":"2023-04-03T10:36:49","guid":{"rendered":"https:\/\/www.upo.es\/patio-colorado\/?p=6092"},"modified":"2023-04-03T18:09:34","modified_gmt":"2023-04-03T18:09:34","slug":"muros-mas-alla-de-los-limites","status":"publish","type":"post","link":"https:\/\/www.upo.es\/patio-colorado\/2023\/04\/03\/muros-mas-alla-de-los-limites\/","title":{"rendered":"Muros: m\u00e1s all\u00e1 de los l\u00edmites"},"content":{"rendered":"<p>Atenci\u00f3n, no os pod\u00e9is perder la actividad programada para el d\u00eda 13 de abril en la Hacienda Santa Ana de Tomares: se podr\u00e1 ver en directo el proceso de fundici\u00f3n y vertido en moldes de una escultura. Esta actividad est\u00e1 programada como colof\u00f3n a la exposici\u00f3n de obras de arte que se realiza en la sala de exposiciones del ayuntamiento de Tomares, donde la familia D\u00edaz y algunos amigos exponen esculturas y pinturas hasta el d\u00eda 14 de abril. Mientras esta se realiza, los cantaores Clara Montes y Abraham Carmona acompa\u00f1ar\u00e1n con sus cantes el \u00abnacimiento\u00bb de la nueva obra.<\/p>\n<p>La exposici\u00f3n est\u00e1 organizada por una familia de fundidores y artistas formada por Jos\u00e9 Manuel D\u00edaz \u00abel Vichero\u00bb y sus hijos Chiqui, Paco y Juan Daniel, que exponen sus obras junto a la de otros artistas como Javier Ayarza, Fernando Rodr\u00edguez, Mart\u00edn Lagares, Paco Naranjo y Patricio Hidalgo.<\/p>\n<p>Para Chiqui D\u00edaz, quien ha reunido a todos, esta exposici\u00f3n supone una nueva etapa en su vida y creaci\u00f3n art\u00edstica. \u00abNecesitaba empezar una nueva \u00e9poca, cambiar, abrir una nueva ventana, una puerta, o m\u00e1s bien romper un muro para dejar atr\u00e1s una \u00e9poca y empezar otra con un nuevo lenguaje, sin dramatismo\u00bb. \u00abMuros\u00bb est\u00e1 compuesta por una serie de esculturas y pinturas que invitan a la reflexi\u00f3n y pretenden simbolizar la capacidad humana de derribar, saltar obst\u00e1culos que la vida nos presenta y romper con los muros de conciencia que nos imponemos nosotros mismos y que a veces que nos impiden ver el horizonte. Un homenaje a todas esas personas que se han sacrificado, a riesgo de sus vidas, para derribar muros a beneficio de la sociedad.<\/p>\n<figure id=\"attachment_6093\" aria-describedby=\"caption-attachment-6093\" style=\"width: 227px\" class=\"wp-caption aligncenter\"><img loading=\"lazy\" decoding=\"async\" class=\"size-medium wp-image-6093 aligncenter\" src=\"https:\/\/www.upo.es\/patio-colorado\/wp-content\/uploads\/2023\/04\/Imagen1-227x300.png\" alt=\"\" width=\"227\" height=\"300\" srcset=\"https:\/\/www.upo.es\/patio-colorado\/wp-content\/uploads\/2023\/04\/Imagen1-227x300.png 227w, https:\/\/www.upo.es\/patio-colorado\/wp-content\/uploads\/2023\/04\/Imagen1.png 475w\" sizes=\"auto, (max-width: 227px) 100vw, 227px\" \/><figcaption id=\"caption-attachment-6093\" class=\"wp-caption-text\">\u201cMuro en el aire\u201d de Chiqui D\u00edaz, en acero inoxidable y bronce<br \/>Fuente: https:\/\/elcorreoweb.es\/cultura\/los-muros-de-chiqui-diaz-y-las-obras-de-el-vichero-sus-hermanos-y-amigos-la-sala-de-exposiciones-del-ayuntamiento-de-tomares-GF8447448<\/figcaption><\/figure>\n<p>Adem\u00e1s de los \u00abMuros\u00bb de Chiqui D\u00edaz, en esta exposici\u00f3n podemos contemplar obras como el \u00abArquero\u00bb, de Jos\u00e9 Manuel D\u00edaz; \u00abRetrato de Picasso\u00bb, de Paco D\u00edaz; \u00abSOS Humedales\u00bb, de Javier Ayarza; \u00abPaisaje\u00bb de Fernando Rodr\u00edguez; \u00abRetrato sedente\u00bb, de Mart\u00edn Lagares; y \u00abReflejos\u00bb, de Paco Naranjo, entre otras.<\/p>\n<figure id=\"attachment_6094\" aria-describedby=\"caption-attachment-6094\" style=\"width: 231px\" class=\"wp-caption aligncenter\"><img loading=\"lazy\" decoding=\"async\" class=\"size-medium wp-image-6094\" src=\"https:\/\/www.upo.es\/patio-colorado\/wp-content\/uploads\/2023\/04\/Imagen2-231x300.png\" alt=\"\" width=\"231\" height=\"300\" srcset=\"https:\/\/www.upo.es\/patio-colorado\/wp-content\/uploads\/2023\/04\/Imagen2-231x300.png 231w, https:\/\/www.upo.es\/patio-colorado\/wp-content\/uploads\/2023\/04\/Imagen2.png 475w\" sizes=\"auto, (max-width: 231px) 100vw, 231px\" \/><figcaption id=\"caption-attachment-6094\" class=\"wp-caption-text\">\u201cArquero\u201d realizado en acero inoxidable batido en fr\u00edo y patinado, de Jos\u00e9 Manuel D\u00edaz \u201cEl Vichero\u201d<br \/>Fuente: https:\/\/elcorreoweb.es\/cultura\/los-muros-de-chiqui-diaz-y-las-obras-de-el-vichero-sus-hermanos-y-amigos-la-sala-de-exposiciones-del-ayuntamiento-de-tomares-GF8447448<\/figcaption><\/figure>\n<p><strong>REFERENCIAS:<\/strong><\/p>\n<p>https:\/\/sevilla.abc.es\/queplan\/sevilla\/exposiciones\/tomares-centro-arte-sevillano-exposicion-muros-alla-20230312101848-nts.html<\/p>\n<p>https:\/\/elcorreoweb.es\/cultura\/los-muros-de-chiqui-diaz-y-las-obras-de-el-vichero-sus-hermanos-y-amigos-la-sala-de-exposiciones-del-ayuntamiento-de-tomares-GF8447448<\/p>\n<p>https:\/\/www.chiquidiaz.com\/muros<\/p>\n<p>https:\/\/www.tomares.es\/vive-tomares\/noticias\/la-exposicion-muros-de-chiqui-diaz-y-siete-grandes-artistas-convierte-tomares<\/p>\n","protected":false},"excerpt":{"rendered":"<p>Atenci\u00f3n, no os pod\u00e9is perder la actividad programada para el d\u00eda 13 de abril en la Hacienda Santa Ana de Tomares: se podr\u00e1 ver en directo el proceso de fundici\u00f3n y vertido en moldes de una escultura. Esta actividad est\u00e1 programada como colof\u00f3n a la exposici\u00f3n de obras de arte que se realiza en la [&hellip;]<\/p>\n","protected":false},"author":100,"featured_media":6101,"comment_status":"open","ping_status":"open","sticky":false,"template":"","format":"standard","meta":{"_acf_changed":false,"_monsterinsights_skip_tracking":false,"_monsterinsights_sitenote_active":false,"_monsterinsights_sitenote_note":"","_monsterinsights_sitenote_category":0,"footnotes":""},"categories":[45,46],"tags":[],"class_list":["post-6092","post","type-post","status-publish","format-standard","has-post-thumbnail","hentry","category-boletin-colorao","category-en-la-prensa"],"blocksy_meta":[],"acf":[],"jetpack_featured_media_url":"https:\/\/www.upo.es\/patio-colorado\/wp-content\/uploads\/2023\/04\/Imagen3.png","_links":{"self":[{"href":"https:\/\/www.upo.es\/patio-colorado\/wp-json\/wp\/v2\/posts\/6092","targetHints":{"allow":["GET"]}}],"collection":[{"href":"https:\/\/www.upo.es\/patio-colorado\/wp-json\/wp\/v2\/posts"}],"about":[{"href":"https:\/\/www.upo.es\/patio-colorado\/wp-json\/wp\/v2\/types\/post"}],"author":[{"embeddable":true,"href":"https:\/\/www.upo.es\/patio-colorado\/wp-json\/wp\/v2\/users\/100"}],"replies":[{"embeddable":true,"href":"https:\/\/www.upo.es\/patio-colorado\/wp-json\/wp\/v2\/comments?post=6092"}],"version-history":[{"count":3,"href":"https:\/\/www.upo.es\/patio-colorado\/wp-json\/wp\/v2\/posts\/6092\/revisions"}],"predecessor-version":[{"id":6100,"href":"https:\/\/www.upo.es\/patio-colorado\/wp-json\/wp\/v2\/posts\/6092\/revisions\/6100"}],"wp:featuredmedia":[{"embeddable":true,"href":"https:\/\/www.upo.es\/patio-colorado\/wp-json\/wp\/v2\/media\/6101"}],"wp:attachment":[{"href":"https:\/\/www.upo.es\/patio-colorado\/wp-json\/wp\/v2\/media?parent=6092"}],"wp:term":[{"taxonomy":"category","embeddable":true,"href":"https:\/\/www.upo.es\/patio-colorado\/wp-json\/wp\/v2\/categories?post=6092"},{"taxonomy":"post_tag","embeddable":true,"href":"https:\/\/www.upo.es\/patio-colorado\/wp-json\/wp\/v2\/tags?post=6092"}],"curies":[{"name":"wp","href":"https:\/\/api.w.org\/{rel}","templated":true}]}}