{"id":6129,"date":"2023-04-05T13:38:45","date_gmt":"2023-04-05T13:38:45","guid":{"rendered":"https:\/\/www.upo.es\/patio-colorado\/?p=6129"},"modified":"2023-04-05T13:38:45","modified_gmt":"2023-04-05T13:38:45","slug":"el-arco-de-la-macarena-a-lo-largo-de-los-siglos","status":"publish","type":"post","link":"https:\/\/www.upo.es\/patio-colorado\/2023\/04\/05\/el-arco-de-la-macarena-a-lo-largo-de-los-siglos\/","title":{"rendered":"EL ARCO DE LA MACARENA A LO LARGO DE LOS SIGLOS"},"content":{"rendered":"<p>El Arco de la Macarena es una de las puertas m\u00e1s emblem\u00e1ticas y famosas de la ciudad de Sevilla. Se encuentra en la muralla que rodeaba la ciudad y conectaba el centro hist\u00f3rico con el barrio de La Macarena, donde se encuentra la bas\u00edlica del mismo nombre.<\/p>\n<p><img loading=\"lazy\" decoding=\"async\" class=\"alignnone  wp-image-6130\" src=\"https:\/\/www.upo.es\/patio-colorado\/wp-content\/uploads\/2023\/04\/descarga.jpg\" alt=\"\" width=\"506\" height=\"283\" \/><\/p>\n<p>El arco de la Macarena fue construido en 1579 por el arquitecto militar italiano, Francesco de Rivera. Originalmente se llamaba Arco de San Juan de la Palma, pero con el tiempo se le cambi\u00f3 el nombre por el de Arco de la Macarena, debido a su cercan\u00eda con la Bas\u00edlica de la Macarena. Cumpli\u00f3 una importante funci\u00f3n defensiva durante siglos, ya que serv\u00eda como una de las puertas de acceso a la ciudad amurallada. Con el tiempo, la muralla que lo rodeaba fue derribada y el arco se convirti\u00f3 en un elemento de conexi\u00f3n entre el centro hist\u00f3rico y el barrio de La Macarena.<\/p>\n<p>Si veamos su funci\u00f3n hoy en d\u00eda, el arco de la Macarena es uno de los lugares m\u00e1s visitados y fotografiados de la ciudad. Su funci\u00f3n principal es la de un elemento tur\u00edstico y cultural que atrae a visitantes de todo el mundo. Adem\u00e1s, el arco tambi\u00e9n se utiliza para algunos eventos y celebraciones en la ciudad, como la Semana Santa o la Feria de Abril. Se puede afirmar que , el Arco es un monumento hist\u00f3rico que ha sobrevivido a trav\u00e9s de los siglos, y que hoy en d\u00eda sigue siendo un lugar importante en la ciudad de Sevilla. Su historia, conservaci\u00f3n y funci\u00f3n cultural lo convierten en un punto de referencia y un atractivo tur\u00edstico para los visitantes de la ciudad.<\/p>\n<p>Respecto a su conservaci\u00f3n hay que recalcar que en los \u00faltimos a\u00f1os, el Arco de la Macarena ha sido sometido a diversas modificaciones y mejoras para garantizar su conservaci\u00f3n y para adaptarse a las necesidades de los turistas y visitantes de la ciudad. En 2016, se llev\u00f3 a cabo una restauraci\u00f3n del arco para consolidar su estructura y limpiar su fachada. Adem\u00e1s, se mejor\u00f3 la iluminaci\u00f3n del monumento para resaltar su belleza durante la noche.<\/p>\n<p>En 2018, se realiz\u00f3 una remodelaci\u00f3n de la plaza que se encuentra junto al Arco de la Macarena. Se ensanch\u00f3 la acera y se mejor\u00f3 la accesibilidad para los peatones y los turistas. Tambi\u00e9n se instalaron bancos y un sistema de iluminaci\u00f3n ambiental para mejorar la experiencia de los visitantes.<\/p>\n<p>En 2019, se llev\u00f3 a cabo una intervenci\u00f3n arqueol\u00f3gica en el subsuelo de la plaza del arco, donde se encontraron restos de la antigua muralla de la ciudad y otros elementos hist\u00f3ricos. Esto permiti\u00f3 conocer m\u00e1s sobre la historia del monumento y su entorno.<\/p>\n<p><img decoding=\"async\" src=\"https:\/\/i0.wp.com\/www.sevillaactualidad.com\/wp-content\/uploads\/2022\/04\/arco-macarena-antes-despues-1.jpg?fit=2400%2C1350&amp;ssl=1\" alt=\"El antes y el despu\u00e9s del Arco de la Macarena tras su restauraci\u00f3n\" \/><\/p>\n<p>Aqui podemos ver la foto de antes y despu\u00e9s del arco. Estas mejoras y modificaciones han permitido que el Arco de la Macarena se mantenga en buenas condiciones y que siga siendo un monumento imprescindible para los turistas que visitan Sevilla.<\/p>\n<p><em>BIBLIOGRAF\u00cdA<\/em><\/p>\n<p><em>Fern\u00e1ndez de la Cueva, M. C. y Blanco Belmonte, M. R. (2005). El Arco de la Macarena: un estudio hist\u00f3rico-art\u00edstico. Sevilla: Universidad de Sevilla.<\/em><\/p>\n<p><em>Palacios Rodr\u00edguez, L. F. (2013). El arco de la Macarena en la ciudad de Sevilla: s\u00edmbolo de un barrio y de una devoci\u00f3n. Revista de arte, cultura e historia, 5(1), 29-42.<\/em><\/p>\n","protected":false},"excerpt":{"rendered":"<p>El Arco de la Macarena es una de las puertas m\u00e1s emblem\u00e1ticas y famosas de la ciudad de Sevilla. Se encuentra en la muralla que rodeaba la ciudad y conectaba el centro hist\u00f3rico con el barrio de La Macarena, donde se encuentra la bas\u00edlica del mismo nombre. El arco de la Macarena fue construido en [&hellip;]<\/p>\n","protected":false},"author":116,"featured_media":0,"comment_status":"open","ping_status":"open","sticky":false,"template":"","format":"standard","meta":{"_acf_changed":false,"_monsterinsights_skip_tracking":false,"_monsterinsights_sitenote_active":false,"_monsterinsights_sitenote_note":"","_monsterinsights_sitenote_category":0,"footnotes":""},"categories":[1,24,166,403,677,170,44,301],"tags":[],"class_list":["post-6129","post","type-post","status-publish","format-standard","hentry","category-sin-categoria","category-conservacion-y-restauracion","category-historia-arqueologia","category-historias-y-mucho-mas","category-lugares-reconditos-de-sevilla","category-monumentos-y-turismo","category-patrimonio","category-sevilla"],"blocksy_meta":[],"acf":[],"jetpack_featured_media_url":"","_links":{"self":[{"href":"https:\/\/www.upo.es\/patio-colorado\/wp-json\/wp\/v2\/posts\/6129","targetHints":{"allow":["GET"]}}],"collection":[{"href":"https:\/\/www.upo.es\/patio-colorado\/wp-json\/wp\/v2\/posts"}],"about":[{"href":"https:\/\/www.upo.es\/patio-colorado\/wp-json\/wp\/v2\/types\/post"}],"author":[{"embeddable":true,"href":"https:\/\/www.upo.es\/patio-colorado\/wp-json\/wp\/v2\/users\/116"}],"replies":[{"embeddable":true,"href":"https:\/\/www.upo.es\/patio-colorado\/wp-json\/wp\/v2\/comments?post=6129"}],"version-history":[{"count":2,"href":"https:\/\/www.upo.es\/patio-colorado\/wp-json\/wp\/v2\/posts\/6129\/revisions"}],"predecessor-version":[{"id":6132,"href":"https:\/\/www.upo.es\/patio-colorado\/wp-json\/wp\/v2\/posts\/6129\/revisions\/6132"}],"wp:attachment":[{"href":"https:\/\/www.upo.es\/patio-colorado\/wp-json\/wp\/v2\/media?parent=6129"}],"wp:term":[{"taxonomy":"category","embeddable":true,"href":"https:\/\/www.upo.es\/patio-colorado\/wp-json\/wp\/v2\/categories?post=6129"},{"taxonomy":"post_tag","embeddable":true,"href":"https:\/\/www.upo.es\/patio-colorado\/wp-json\/wp\/v2\/tags?post=6129"}],"curies":[{"name":"wp","href":"https:\/\/api.w.org\/{rel}","templated":true}]}}