{"id":6133,"date":"2023-04-05T13:52:00","date_gmt":"2023-04-05T13:52:00","guid":{"rendered":"https:\/\/www.upo.es\/patio-colorado\/?p=6133"},"modified":"2023-04-05T13:52:00","modified_gmt":"2023-04-05T13:52:00","slug":"la-madrugada-en-la-macarena","status":"publish","type":"post","link":"https:\/\/www.upo.es\/patio-colorado\/2023\/04\/05\/la-madrugada-en-la-macarena\/","title":{"rendered":"La Madrugada en la Macarena."},"content":{"rendered":"<p>La Semana Santa de Sevilla es uno de los eventos m\u00e1s importantes del calendario religioso y cultural de la ciudad. Durante esta semana, las calles se llenan de procesiones que muestran la pasi\u00f3n y el fervor religioso de los sevillanos. Y entre todas las procesiones, una de las m\u00e1s esperadas es la Madrugada de la Semana Santa, una noche llena de emoci\u00f3n y devoci\u00f3n que se vive con especial intensidad en el barrio de la Macarena.<\/p>\n<p>La Madrugada de la Semana Santa sevillana tiene lugar en la noche del Jueves al Viernes Santo y es una de las noches m\u00e1s emocionantes para los cofrades y los fieles. La procesi\u00f3n de la Hermandad de la Macarena es una de las m\u00e1s antiguas y prestigiosas de la ciudad, y su paso por el Arco de la Macarena es uno de los momentos m\u00e1s esperados de la noche.\u00a0 \u00a0 \u00a0 \u00a0 \u00a0 \u00a0<img loading=\"lazy\" decoding=\"async\" class=\"\" src=\"https:\/\/e00-elmundo.uecdn.es\/assets\/multimedia\/imagenes\/2019\/04\/19\/15556610316862.jpg\" alt=\"Madrugada brillante sin incidentes en Sevilla | Andaluc\u00eda\" width=\"396\" height=\"264\" \/> <img loading=\"lazy\" decoding=\"async\" class=\"\" src=\"https:\/\/www.lavanguardia.com\/files\/content_image_mobile_filter\/uploads\/2022\/04\/12\/6255a400907f5.jpeg\" alt=\"As\u00ed es la 'Madrug\u00e1' en Sevilla: los mejores rincones para ver los pasos del  D\u00eda Grande de las Cofrad\u00edas\" width=\"393\" height=\"262\" \/><\/p>\n<p>El Arco de la Macarena, que se encuentra en el coraz\u00f3n del barrio que lleva su nombre, es el monumento m\u00e1s emblem\u00e1tico del lugar. Este arco, construido en el siglo XVII, es una de las entradas a la ciudad de Sevilla y es uno de los lugares m\u00e1s fotografiados durante la Semana Santa. El arco es el punto de partida de la procesi\u00f3n de la Hermandad de la Macarena y es el lugar donde se concentran miles de fieles y turistas para ver el paso de la Virgen de la Esperanza Macarena. La iglesia de la Macarena, situada a pocos metros del Arco, es otra parada imprescindible durante la Semana Santa. En su interior se encuentra la imagen de la Virgen de la Esperanza Macarena, una de las m\u00e1s veneradas de la ciudad. La iglesia es el punto de partida de la procesi\u00f3n del Jueves Santo y es el lugar donde se concentran los cofrades antes de salir a la calle.<\/p>\n<p>Pero la Madrugada de la Semana Santa es mucho m\u00e1s que el Arco y la iglesia de la Macarena. Durante toda la noche, las calles del barrio se llenan de m\u00fasica, saetas y devoci\u00f3n. Las casas se engalanan con flores y farolillos, y las calles se llenan de gente que espera el paso de las procesiones con fervor. La procesi\u00f3n de la Hermandad de la Macarena es la m\u00e1s esperada de la Madrugada, pero no es la \u00fanica. Otras hermandades, como la del Gran Poder o la de la Esperanza de Triana, tambi\u00e9n salen a la calle en esta noche m\u00e1gica. Y todos los pasos, con sus miles de flores y sus cirios encendidos, llenan las calles de luz y color.<\/p>\n<p>Para concluir la Madrugada de la Semana Santa de Sevilla es una noche m\u00e1gica e inolvidable, llena de emociones y de devoci\u00f3n. Es una noche en la que el tiempo parece detenerse y en la que todo gira en torno a la fe y a la tradici\u00f3n. Una noche que ning\u00fan sevillano o visitante debe perderse.<\/p>\n<p><em>Bibliograf\u00eda<\/em><\/p>\n<ul>\n<li>Roda Pe\u00f1a, J. (2019). La Semana Santa en Sevilla: Historia, arte y devoci\u00f3n. Editorial Universidad de Sevilla.<\/li>\n<li>Santos G\u00f3mez, A. (2014). Semana Santa en Sevilla: Historia, arte y fe. Ediciones Tartessos.<\/li>\n<\/ul>\n","protected":false},"excerpt":{"rendered":"<p>La Semana Santa de Sevilla es uno de los eventos m\u00e1s importantes del calendario religioso y cultural de la ciudad. Durante esta semana, las calles se llenan de procesiones que muestran la pasi\u00f3n y el fervor religioso de los sevillanos. Y entre todas las procesiones, una de las m\u00e1s esperadas es la Madrugada de la [&hellip;]<\/p>\n","protected":false},"author":116,"featured_media":0,"comment_status":"open","ping_status":"open","sticky":false,"template":"","format":"standard","meta":{"_acf_changed":false,"_monsterinsights_skip_tracking":false,"_monsterinsights_sitenote_active":false,"_monsterinsights_sitenote_note":"","_monsterinsights_sitenote_category":0,"footnotes":""},"categories":[12,35,403,677,170,23,44,301],"tags":[],"class_list":["post-6133","post","type-post","status-publish","format-standard","hentry","category-eventos","category-fiestas-tradiciones","category-historias-y-mucho-mas","category-lugares-reconditos-de-sevilla","category-monumentos-y-turismo","category-patrimonio-vivo","category-patrimonio","category-sevilla"],"blocksy_meta":[],"acf":[],"jetpack_featured_media_url":"","_links":{"self":[{"href":"https:\/\/www.upo.es\/patio-colorado\/wp-json\/wp\/v2\/posts\/6133","targetHints":{"allow":["GET"]}}],"collection":[{"href":"https:\/\/www.upo.es\/patio-colorado\/wp-json\/wp\/v2\/posts"}],"about":[{"href":"https:\/\/www.upo.es\/patio-colorado\/wp-json\/wp\/v2\/types\/post"}],"author":[{"embeddable":true,"href":"https:\/\/www.upo.es\/patio-colorado\/wp-json\/wp\/v2\/users\/116"}],"replies":[{"embeddable":true,"href":"https:\/\/www.upo.es\/patio-colorado\/wp-json\/wp\/v2\/comments?post=6133"}],"version-history":[{"count":1,"href":"https:\/\/www.upo.es\/patio-colorado\/wp-json\/wp\/v2\/posts\/6133\/revisions"}],"predecessor-version":[{"id":6134,"href":"https:\/\/www.upo.es\/patio-colorado\/wp-json\/wp\/v2\/posts\/6133\/revisions\/6134"}],"wp:attachment":[{"href":"https:\/\/www.upo.es\/patio-colorado\/wp-json\/wp\/v2\/media?parent=6133"}],"wp:term":[{"taxonomy":"category","embeddable":true,"href":"https:\/\/www.upo.es\/patio-colorado\/wp-json\/wp\/v2\/categories?post=6133"},{"taxonomy":"post_tag","embeddable":true,"href":"https:\/\/www.upo.es\/patio-colorado\/wp-json\/wp\/v2\/tags?post=6133"}],"curies":[{"name":"wp","href":"https:\/\/api.w.org\/{rel}","templated":true}]}}