{"id":6141,"date":"2023-04-05T14:35:57","date_gmt":"2023-04-05T14:35:57","guid":{"rendered":"https:\/\/www.upo.es\/patio-colorado\/?p=6141"},"modified":"2023-04-05T14:35:57","modified_gmt":"2023-04-05T14:35:57","slug":"las-sirenas","status":"publish","type":"post","link":"https:\/\/www.upo.es\/patio-colorado\/2023\/04\/05\/las-sirenas\/","title":{"rendered":"Las Sirenas"},"content":{"rendered":"<p>El Edificio de las Sirenas es uno de los monumentos m\u00e1s emblem\u00e1ticos de la Alameda de H\u00e9rcules, en Sevilla. Tambi\u00e9n conocido como Casa de las Sirenas, es un edificio de estilo neobarroco construido a principios del siglo XX.<\/p>\n<p>El edificio fue construido entre 1909 y 1911 por el arquitecto An\u00edbal Gonz\u00e1lez, quien es conocido por su obra en la Exposici\u00f3n Iberoamericana de 1929. Originalmente, el edificio fue destinado a ser una oficina de seguros y fue encargado por la Compa\u00f1\u00eda de Seguros La Equitativa.<\/p>\n<p>&nbsp;<\/p>\n<p>El nombre del edificio se debe a la presencia de dos sirenas talladas en piedra en la fachada del edificio, una en cada extremo. Las sirenas son una referencia a la mitolog\u00eda cl\u00e1sica, ya que seg\u00fan la leyenda, ellas seduc\u00edan a los marineros con su canto y los llevaban a la muerte en las rocas. A lo largo de los a\u00f1os, el edificio ha tenido varios usos. En la d\u00e9cada de 1940, fue la sede de la Caja de Ahorros y Monte de Piedad de Sevilla. Posteriormente, alberg\u00f3 la sede de la Delegaci\u00f3n Provincial de Cultura de la Junta de Andaluc\u00eda<\/p>\n<p><img decoding=\"async\" src=\"http:\/\/4.bp.blogspot.com\/_IgCpP-1q78E\/TMNskS0xXHI\/AAAAAAAAB1g\/CuGOLbsFBdU\/s1600\/5267823295734822.jpg\" alt=\"La casa de las Sirenas | Sevilla al alcance de tu mano\" \/>\u00a0 \u00a0 <img loading=\"lazy\" decoding=\"async\" class=\"\" src=\"https:\/\/www.sevillacitycentre.com\/wp-content\/uploads\/2016\/05\/casa-de-las-sirenas.jpg\" alt=\"Casa de las Sirenas | Sevilla City Centre\" width=\"400\" height=\"320\" \/><\/p>\n<p>En 1995, el edificio fue declarado Bien de Inter\u00e9s Cultural (BIC) por la Junta de Andaluc\u00eda. Desde entonces, se han llevado a cabo diversas obras de restauraci\u00f3n y conservaci\u00f3n para preservar su valor hist\u00f3rico y arquitect\u00f3nico. En 2004, el Ayuntamiento de Sevilla adquiri\u00f3 el edificio y lo someti\u00f3 a una profunda restauraci\u00f3n, respetando su estructura original.<\/p>\n<p>Actualmente, el Edificio de las Sirenas es la sede de la Fundaci\u00f3n Tres Culturas del Mediterr\u00e1neo, una organizaci\u00f3n sin \u00e1nimo de lucro que tiene como objetivo promover el di\u00e1logo y la cooperaci\u00f3n entre culturas mediterr\u00e1neas. El edificio tambi\u00e9n alberga salas de exposiciones, salones para eventos y una cafeter\u00eda. Hoy en d\u00eda el edificio de las Sirenas en la Alameda de H\u00e9rcules es una biblioteca p\u00fablica. Fue remodelado y adaptado para esta funci\u00f3n en el a\u00f1o 2008, conservando su estructura original y elementos decorativos como las esculturas de las sirenas que le dan nombre. La biblioteca cuenta con una amplia colecci\u00f3n de libros y material audiovisual, salas de estudio, acceso a internet y diversas actividades culturales y educativas para la comunidad.<\/p>\n<p><img loading=\"lazy\" decoding=\"async\" class=\"alignnone  wp-image-6142\" src=\"https:\/\/www.upo.es\/patio-colorado\/wp-content\/uploads\/2023\/04\/descarga-1.jpg\" alt=\"\" width=\"519\" height=\"345\" \/><\/p>\n<p>En definitiva, el Edificio de las Sirenas es una muestra m\u00e1s del rico patrimonio hist\u00f3rico y cultural de Sevilla, y su conservaci\u00f3n y uso actual son una muestra del compromiso de la ciudad por preservar su legado cultural para las generaciones futuras.<\/p>\n","protected":false},"excerpt":{"rendered":"<p>El Edificio de las Sirenas es uno de los monumentos m\u00e1s emblem\u00e1ticos de la Alameda de H\u00e9rcules, en Sevilla. Tambi\u00e9n conocido como Casa de las Sirenas, es un edificio de estilo neobarroco construido a principios del siglo XX. El edificio fue construido entre 1909 y 1911 por el arquitecto An\u00edbal Gonz\u00e1lez, quien es conocido por [&hellip;]<\/p>\n","protected":false},"author":116,"featured_media":0,"comment_status":"open","ping_status":"open","sticky":false,"template":"","format":"standard","meta":{"_acf_changed":false,"_monsterinsights_skip_tracking":false,"_monsterinsights_sitenote_active":false,"_monsterinsights_sitenote_note":"","_monsterinsights_sitenote_category":0,"footnotes":""},"categories":[1,24,12,322,677,170,44],"tags":[],"class_list":["post-6141","post","type-post","status-publish","format-standard","hentry","category-sin-categoria","category-conservacion-y-restauracion","category-eventos","category-libros-bibliotecas-y-mucho-mas","category-lugares-reconditos-de-sevilla","category-monumentos-y-turismo","category-patrimonio"],"blocksy_meta":[],"acf":[],"jetpack_featured_media_url":"","_links":{"self":[{"href":"https:\/\/www.upo.es\/patio-colorado\/wp-json\/wp\/v2\/posts\/6141","targetHints":{"allow":["GET"]}}],"collection":[{"href":"https:\/\/www.upo.es\/patio-colorado\/wp-json\/wp\/v2\/posts"}],"about":[{"href":"https:\/\/www.upo.es\/patio-colorado\/wp-json\/wp\/v2\/types\/post"}],"author":[{"embeddable":true,"href":"https:\/\/www.upo.es\/patio-colorado\/wp-json\/wp\/v2\/users\/116"}],"replies":[{"embeddable":true,"href":"https:\/\/www.upo.es\/patio-colorado\/wp-json\/wp\/v2\/comments?post=6141"}],"version-history":[{"count":1,"href":"https:\/\/www.upo.es\/patio-colorado\/wp-json\/wp\/v2\/posts\/6141\/revisions"}],"predecessor-version":[{"id":6143,"href":"https:\/\/www.upo.es\/patio-colorado\/wp-json\/wp\/v2\/posts\/6141\/revisions\/6143"}],"wp:attachment":[{"href":"https:\/\/www.upo.es\/patio-colorado\/wp-json\/wp\/v2\/media?parent=6141"}],"wp:term":[{"taxonomy":"category","embeddable":true,"href":"https:\/\/www.upo.es\/patio-colorado\/wp-json\/wp\/v2\/categories?post=6141"},{"taxonomy":"post_tag","embeddable":true,"href":"https:\/\/www.upo.es\/patio-colorado\/wp-json\/wp\/v2\/tags?post=6141"}],"curies":[{"name":"wp","href":"https:\/\/api.w.org\/{rel}","templated":true}]}}