{"id":6149,"date":"2023-04-11T16:02:07","date_gmt":"2023-04-11T16:02:07","guid":{"rendered":"https:\/\/www.upo.es\/patio-colorado\/?p=6149"},"modified":"2023-04-11T16:04:26","modified_gmt":"2023-04-11T16:04:26","slug":"mercedes-de-cordoba-en-la-upo","status":"publish","type":"post","link":"https:\/\/www.upo.es\/patio-colorado\/2023\/04\/11\/mercedes-de-cordoba-en-la-upo\/","title":{"rendered":"Mercedes de C\u00f3rdoba en la UPO"},"content":{"rendered":"<p><span class=\"TextRun SCXW199080886 BCX0\" lang=\"ES-ES\" xml:lang=\"ES-ES\" data-contrast=\"auto\"><span class=\"NormalTextRun SCXW199080886 BCX0\">Flamenco es innegable un arte muy <\/span><span class=\"NormalTextRun SCXW199080886 BCX0\">especial y <\/span><span class=\"NormalTextRun SCXW199080886 BCX0\">es una expresi\u00f3n cultural propia de Andaluc\u00eda. <\/span><span class=\"NormalTextRun SCXW199080886 BCX0\">Me encanta descubrir<\/span><span class=\"NormalTextRun SCXW199080886 BCX0\"> diversas <\/span><span class=\"NormalTextRun SCXW199080886 BCX0\">facetas del flamenco, experimentar<\/span> <span class=\"NormalTextRun SCXW199080886 BCX0\">la pasi\u00f3n que transmite.<\/span> <span class=\"NormalTextRun SCXW199080886 BCX0\">El 2 de fe<\/span><span class=\"NormalTextRun SCXW199080886 BCX0\">brero de 2023 tuvo lugar <\/span><span class=\"NormalTextRun SCXW199080886 BCX0\">un evento de flamenco especial en la Universidad Pablo de Olavide. Esa noche, <\/span><span class=\"NormalTextRun SCXW199080886 BCX0\">el sal\u00f3n<\/span><span class=\"NormalTextRun SCXW199080886 BCX0\"> de acto<\/span><span class=\"NormalTextRun SCXW199080886 BCX0\">s <\/span><span class=\"NormalTextRun SCXW199080886 BCX0\">se llen\u00f3 de la gente para atender la VIII edici\u00f3n del Ciclo \u201cLas mujeres como tr<\/span><span class=\"NormalTextRun SCXW199080886 BCX0\">ansmisoras del flamenco<\/span><span class=\"NormalTextRun SCXW199080886 BCX0\">\u201d<\/span><span class=\"NormalTextRun SCXW199080886 BCX0\"> y encontrarse con la bailaora Mercedes de C\u00f3rdoba. <\/span><span class=\"NormalTextRun SCXW199080886 BCX0\">Se conmemoraban tambi\u00e9n los 25 a\u00f1os del nacimiento de la Universidad Pablo de Olavide y 10 a\u00f1os de andadura de su Pe\u00f1a Flamenca.\u00a0<\/span><\/span><span class=\"EOP SCXW199080886 BCX0\" data-ccp-props=\"{&quot;201341983&quot;:0,&quot;335559739&quot;:160,&quot;335559740&quot;:360}\">\u00a0<\/span><\/p>\n<p><img loading=\"lazy\" decoding=\"async\" class=\"alignnone wp-image-6151 size-medium\" src=\"https:\/\/www.upo.es\/patio-colorado\/wp-content\/uploads\/2023\/04\/IMG_5122-169x300.jpeg\" alt=\"fuente: la foto de la autora\" width=\"169\" height=\"300\" srcset=\"https:\/\/www.upo.es\/patio-colorado\/wp-content\/uploads\/2023\/04\/IMG_5122-169x300.jpeg 169w, https:\/\/www.upo.es\/patio-colorado\/wp-content\/uploads\/2023\/04\/IMG_5122-576x1024.jpeg 576w, https:\/\/www.upo.es\/patio-colorado\/wp-content\/uploads\/2023\/04\/IMG_5122-768x1365.jpeg 768w, https:\/\/www.upo.es\/patio-colorado\/wp-content\/uploads\/2023\/04\/IMG_5122-864x1536.jpeg 864w, https:\/\/www.upo.es\/patio-colorado\/wp-content\/uploads\/2023\/04\/IMG_5122-1152x2048.jpeg 1152w, https:\/\/www.upo.es\/patio-colorado\/wp-content\/uploads\/2023\/04\/IMG_5122-scaled.jpeg 1441w\" sizes=\"auto, (max-width: 169px) 100vw, 169px\" \/><\/p>\n<p><span data-contrast=\"auto\">El sal\u00f3n de actos se llen\u00f3 casi en total con los espectadores y el encuentro empez\u00f3 con un corto agradecimiento a todos los universitarios involucrados en la promoci\u00f3n y creaci\u00f3n de cultura. La reuni\u00f3n sigui\u00f3 con la entrevista con Mercedes de C\u00f3rdoba conducida por la periodista \u00c1ngeles Cruzado. Escuchamos sobre la experiencia de la bailaora, su historia familiar y como en su entorno familiar no exist\u00eda la tradici\u00f3n flamenca. La artista subray\u00f3 el esfuerzo, arduo trabajo y complicidad del proceso de su formaci\u00f3n.<\/span><span data-ccp-props=\"{&quot;201341983&quot;:0,&quot;335559739&quot;:160,&quot;335559740&quot;:360}\">\u00a0<\/span><\/p>\n<p><span data-contrast=\"auto\">Su historia, como creci\u00f3 sin una figura flamenca para seguir en su entorno, encima como una mujer y el trabajo dur\u00edsimo detr\u00e1s de ese arte impact\u00f3 a m\u00ed y al resto de espectadores. Mercedes nos cont\u00f3 sobre su trabajo, desarrollo y escalada en la carrera profesional tanto como el sacrificio y problemas que sufri\u00f3.\u00a0<\/span><span data-ccp-props=\"{&quot;201341983&quot;:0,&quot;335559739&quot;:160,&quot;335559740&quot;:360}\">\u00a0<\/span><\/p>\n<p><span data-contrast=\"auto\">Despu\u00e9s, pasamos al momento culminante que era\u00a0el espect\u00e1culo. Hubo tres partes, primera la preciosa actuaci\u00f3n de guitarrista Juan Campallo, luego acompa\u00f1ado con el cante de Jes\u00fas Corbacho y la \u00faltima era el espect\u00e1culo de los tres juntos. Fue maravilloso ver como los m\u00fasicos construyeron la tensi\u00f3n coronada por un hermoso baile lleno de emoci\u00f3n de Mercedes. Ella no fue la \u00fanica quien expres\u00f3 su ilusi\u00f3n, todo el sal\u00f3n se puso de pie para aplaudirla. Not\u00e9 las l\u00e1grimas en los ojos de los espectadores.<\/span><span data-ccp-props=\"{&quot;201341983&quot;:0,&quot;335559739&quot;:160,&quot;335559740&quot;:360}\">\u00a0<\/span><\/p>\n<p><img loading=\"lazy\" decoding=\"async\" class=\"alignnone wp-image-6150 size-medium\" src=\"https:\/\/www.upo.es\/patio-colorado\/wp-content\/uploads\/2023\/04\/IMG_5131-225x300.jpeg\" alt=\"fuente: la foto de la autora\" width=\"225\" height=\"300\" srcset=\"https:\/\/www.upo.es\/patio-colorado\/wp-content\/uploads\/2023\/04\/IMG_5131-225x300.jpeg 225w, https:\/\/www.upo.es\/patio-colorado\/wp-content\/uploads\/2023\/04\/IMG_5131-768x1024.jpeg 768w, https:\/\/www.upo.es\/patio-colorado\/wp-content\/uploads\/2023\/04\/IMG_5131-1152x1536.jpeg 1152w, https:\/\/www.upo.es\/patio-colorado\/wp-content\/uploads\/2023\/04\/IMG_5131-1536x2048.jpeg 1536w, https:\/\/www.upo.es\/patio-colorado\/wp-content\/uploads\/2023\/04\/IMG_5131-scaled.jpeg 1920w\" sizes=\"auto, (max-width: 225px) 100vw, 225px\" \/><\/p>\n<p><span class=\"TextRun SCXW184678220 BCX0\" lang=\"ES-ES\" xml:lang=\"ES-ES\" data-contrast=\"auto\"><span class=\"NormalTextRun SCXW184678220 BCX0\">Aunque no habl\u00e9 con nadie sobre el encuentro la impr<\/span><span class=\"NormalTextRun SCXW184678220 BCX0\">esi\u00f3n y el <\/span><span class=\"NormalTextRun SCXW184678220 BCX0\">deleite del p\u00fablico\u00a0<\/span><span class=\"NormalTextRun SCXW184678220 BCX0\">eran <\/span><span class=\"NormalTextRun SCXW184678220 BCX0\">perceptible.<\/span> <span class=\"NormalTextRun SCXW184678220 BCX0\">Para resumir, la reuni\u00f3n me pareci\u00f3 un acercamiento a realidad <\/span><span class=\"NormalTextRun SCXW184678220 BCX0\">de una bailaora muy <\/span><span class=\"NormalTextRun SCXW184678220 BCX0\">in<\/span><span class=\"NormalTextRun SCXW184678220 BCX0\">valuable y <\/span><span class=\"NormalTextRun SCXW184678220 BCX0\">lo agradezco mucho. Para una persona extranjera que solo empieza a <\/span><span class=\"NormalTextRun SCXW184678220 BCX0\">conocer la cultura andaluza<\/span><span class=\"NormalTextRun SCXW184678220 BCX0\"> result\u00f3 una experiencia <\/span><span class=\"NormalTextRun SCXW184678220 BCX0\">preciosa y sin duda la recordar\u00e9 regularmente. <\/span><span class=\"NormalTextRun SCXW184678220 BCX0\">Espero que disfrut\u00e9is <\/span><span class=\"NormalTextRun SCXW184678220 BCX0\">la documentaci\u00f3n multimedial<\/span><span class=\"NormalTextRun SCXW184678220 BCX0\"> que hice. <\/span><\/span><span class=\"TextRun SCXW184678220 BCX0\" lang=\"ES-ES\" xml:lang=\"ES-ES\" data-contrast=\"auto\"><span class=\"NormalTextRun SCXW184678220 BCX0\">?<\/span><\/span><span class=\"TextRun SCXW184678220 BCX0\" lang=\"ES-ES\" xml:lang=\"ES-ES\" data-contrast=\"auto\"> <span class=\"NormalTextRun SCXW184678220 BCX0\">\u00a1Ol\u00e9!<\/span><\/span><\/p>\n<div style=\"width: 848px;\" class=\"wp-video\"><video class=\"wp-video-shortcode\" id=\"video-6149-1\" width=\"848\" height=\"480\" preload=\"metadata\" controls=\"controls\"><source type=\"video\/mp4\" src=\"https:\/\/www.upo.es\/patio-colorado\/wp-content\/uploads\/2023\/04\/WhatsApp-Video-2023-04-11-at-17.53.17.mp4?_=1\" \/><a href=\"https:\/\/www.upo.es\/patio-colorado\/wp-content\/uploads\/2023\/04\/WhatsApp-Video-2023-04-11-at-17.53.17.mp4\">https:\/\/www.upo.es\/patio-colorado\/wp-content\/uploads\/2023\/04\/WhatsApp-Video-2023-04-11-at-17.53.17.mp4<\/a><\/video><\/div>\n","protected":false},"excerpt":{"rendered":"<p>Flamenco es innegable un arte muy especial y es una expresi\u00f3n cultural propia de Andaluc\u00eda. Me encanta descubrir diversas facetas del flamenco, experimentar la pasi\u00f3n que transmite. El 2 de febrero de 2023 tuvo lugar un evento de flamenco especial en la Universidad Pablo de Olavide. Esa noche, el sal\u00f3n de actos se llen\u00f3 de [&hellip;]<\/p>\n","protected":false},"author":119,"featured_media":0,"comment_status":"open","ping_status":"open","sticky":false,"template":"","format":"standard","meta":{"_acf_changed":false,"_monsterinsights_skip_tracking":false,"_monsterinsights_sitenote_active":false,"_monsterinsights_sitenote_note":"","_monsterinsights_sitenote_category":0,"footnotes":""},"categories":[35,23,136],"tags":[89,710,711],"class_list":["post-6149","post","type-post","status-publish","format-standard","hentry","category-fiestas-tradiciones","category-patrimonio-vivo","category-reportajes","tag-flamenco","tag-mercedesdecordoba","tag-reportaje"],"blocksy_meta":[],"acf":[],"jetpack_featured_media_url":"","_links":{"self":[{"href":"https:\/\/www.upo.es\/patio-colorado\/wp-json\/wp\/v2\/posts\/6149","targetHints":{"allow":["GET"]}}],"collection":[{"href":"https:\/\/www.upo.es\/patio-colorado\/wp-json\/wp\/v2\/posts"}],"about":[{"href":"https:\/\/www.upo.es\/patio-colorado\/wp-json\/wp\/v2\/types\/post"}],"author":[{"embeddable":true,"href":"https:\/\/www.upo.es\/patio-colorado\/wp-json\/wp\/v2\/users\/119"}],"replies":[{"embeddable":true,"href":"https:\/\/www.upo.es\/patio-colorado\/wp-json\/wp\/v2\/comments?post=6149"}],"version-history":[{"count":1,"href":"https:\/\/www.upo.es\/patio-colorado\/wp-json\/wp\/v2\/posts\/6149\/revisions"}],"predecessor-version":[{"id":6153,"href":"https:\/\/www.upo.es\/patio-colorado\/wp-json\/wp\/v2\/posts\/6149\/revisions\/6153"}],"wp:attachment":[{"href":"https:\/\/www.upo.es\/patio-colorado\/wp-json\/wp\/v2\/media?parent=6149"}],"wp:term":[{"taxonomy":"category","embeddable":true,"href":"https:\/\/www.upo.es\/patio-colorado\/wp-json\/wp\/v2\/categories?post=6149"},{"taxonomy":"post_tag","embeddable":true,"href":"https:\/\/www.upo.es\/patio-colorado\/wp-json\/wp\/v2\/tags?post=6149"}],"curies":[{"name":"wp","href":"https:\/\/api.w.org\/{rel}","templated":true}]}}