{"id":6156,"date":"2023-04-12T12:16:27","date_gmt":"2023-04-12T12:16:27","guid":{"rendered":"https:\/\/www.upo.es\/patio-colorado\/?p=6156"},"modified":"2023-04-12T12:16:27","modified_gmt":"2023-04-12T12:16:27","slug":"medio-siglo-del-traslado-de-la-feria-de-abril-a-los-remedios","status":"publish","type":"post","link":"https:\/\/www.upo.es\/patio-colorado\/2023\/04\/12\/medio-siglo-del-traslado-de-la-feria-de-abril-a-los-remedios\/","title":{"rendered":"Medio siglo del traslado de la Feria de Abril a Los Remedios"},"content":{"rendered":"<p><span data-contrast=\"auto\">Muy pronto, en solo\u00a011 d\u00edas en Sevilla vamos a celebrar una de las m\u00e1s importantes fiestas de Andaluc\u00eda o incluso en Espa\u00f1a: la Feria de Abril. Esta vez va a pasar desde el 23 de abril hasta el 29 de abril. La historia de esta festividad se remota al tiempo de Alfonso X el Sabio y Isabel II,\u00a0pero la primera Feria de los tiempos modernos tuvo lugar en el a\u00f1o 1847. <\/span><span data-ccp-props=\"{&quot;201341983&quot;:0,&quot;335559739&quot;:160,&quot;335559740&quot;:360}\">\u00a0<\/span><\/p>\n<p>&nbsp;<\/p>\n<p><img loading=\"lazy\" decoding=\"async\" class=\"aligncenter\" src=\"https:\/\/www.diariodesevilla.es\/2022\/09\/24\/sevilla\/Primera-Feria-Abril-terrenos-Remedios_1723338676_166718835_667x375.jpg\" alt=\"recuperado de &quot;Diario de Sevilla&quot;\" width=\"667\" height=\"375\" \/><\/p>\n<p style=\"text-align: center;\">recuperado de \u00abDiario de Sevilla\u00bb<\/p>\n<p><span data-contrast=\"auto\">La Feria de Abril de Sevilla se ha trasladado de ubicaci\u00f3n varias veces a lo largo de su historia. En 1847, la feria se traslad\u00f3 del Barrio de la Feria al Prado de San Sebasti\u00e1n, y en 1973 se traslad\u00f3 de nuevo al recinto ferial de Los Remedios, donde se celebra actualmente.<\/span><span data-ccp-props=\"{&quot;201341983&quot;:0,&quot;335559739&quot;:160,&quot;335559740&quot;:360}\">\u00a0<\/span><\/p>\n<p><span data-contrast=\"auto\">En 2023 se cumplir\u00e1n 50 a\u00f1os desde el traslado de la Feria de Abril de Sevilla al recinto ferial de Los Remedios en 1973. Ese a\u00f1o, la feria tuvo lugar por primera vez en su nueva ubicaci\u00f3n, que se ha convertido en un lugar emblem\u00e1tico para los sevillanos y visitantes de todo el mundo.<\/span><span data-ccp-props=\"{&quot;201341983&quot;:0,&quot;335559739&quot;:160,&quot;335559740&quot;:360}\">\u00a0<\/span><\/p>\n<p><span data-contrast=\"auto\">El traslado de la feria de abril a Los Remedios supuso un gran cambio en la organizaci\u00f3n de la feria, ya que permiti\u00f3 una mayor expansi\u00f3n del recinto y la construcci\u00f3n de nuevas casetas y atracciones. Desde entonces, la feria de abril de Sevilla se ha convertido en una de las festividades m\u00e1s importantes de la ciudad y en un atractivo tur\u00edstico para todo el mundo.<\/span><span data-ccp-props=\"{&quot;201341983&quot;:0,&quot;335559739&quot;:160,&quot;335559740&quot;:360}\">\u00a0<\/span><\/p>\n<p><span data-contrast=\"auto\">Se espera que el aniversario del traslado de la feria de abril de Sevilla en 2023 sea una ocasi\u00f3n especial para los sevillanos y para todos los que visiten la ciudad durante ese per\u00edodo.<\/span><span data-ccp-props=\"{&quot;201341983&quot;:0,&quot;335559739&quot;:160,&quot;335559740&quot;:360}\">\u00a0<\/span><\/p>\n<p><span data-ccp-props=\"{&quot;201341983&quot;:0,&quot;335559739&quot;:160,&quot;335559740&quot;:360}\">\u00a0<\/span><span data-contrast=\"auto\">En los \u00faltimos a\u00f1os, ha habido discusiones sobre un posible traslado de la Feria de Abril a otro lugar dentro de la ciudad de Sevilla, debido a la necesidad de mejorar la accesibilidad y la infraestructura en el recinto ferial de Los Remedios. Sin embargo, hasta ahora, no se ha llevado a cabo ning\u00fan traslado oficial de la feria.<\/span><span data-ccp-props=\"{&quot;201341983&quot;:0,&quot;335559739&quot;:160,&quot;335559740&quot;:360}\">\u00a0<\/span><\/p>\n<p>\u00a1Nos vemos en la Feria!<\/p>\n<p>&nbsp;<\/p>\n<p>Bibliograf\u00eda:<\/p>\n<p>https:\/\/www.diariodesevilla.es\/opinion\/articulos\/anos-Feria-Remedios_0_1678934246.html<\/p>\n<p>https:\/\/www.diariodesevilla.es\/sevilla\/Feria-Abril-Sevilla-Traslado-Prado-Remedios_0_1723328548.html<\/p>\n<p>https:\/\/www.sevilla.org\/fiestas-de-la-ciudad\/feria-de-sevilla\/feria-de-abril\/origen-e-historia-de-la-feria<\/p>\n<p>https:\/\/sevilla.abc.es\/sevilla\/feria-abril\/sevi-feria-abril-sevilla-2022-alcalde-sevilla-descarta-trasladar-feria-otro-espacio-ante-aglomeraciones-real-202205031430_noticia.html<\/p>\n","protected":false},"excerpt":{"rendered":"<p>Muy pronto, en solo\u00a011 d\u00edas en Sevilla vamos a celebrar una de las m\u00e1s importantes fiestas de Andaluc\u00eda o incluso en Espa\u00f1a: la Feria de Abril. Esta vez va a pasar desde el 23 de abril hasta el 29 de abril. La historia de esta festividad se remota al tiempo de Alfonso X el Sabio [&hellip;]<\/p>\n","protected":false},"author":119,"featured_media":0,"comment_status":"open","ping_status":"open","sticky":false,"template":"","format":"standard","meta":{"_acf_changed":false,"_monsterinsights_skip_tracking":false,"_monsterinsights_sitenote_active":false,"_monsterinsights_sitenote_note":"","_monsterinsights_sitenote_category":0,"footnotes":""},"categories":[45,35,403,23,301],"tags":[114,116],"class_list":["post-6156","post","type-post","status-publish","format-standard","hentry","category-boletin-colorao","category-fiestas-tradiciones","category-historias-y-mucho-mas","category-patrimonio-vivo","category-sevilla","tag-feria","tag-feriadeabril"],"blocksy_meta":[],"acf":[],"jetpack_featured_media_url":"","_links":{"self":[{"href":"https:\/\/www.upo.es\/patio-colorado\/wp-json\/wp\/v2\/posts\/6156","targetHints":{"allow":["GET"]}}],"collection":[{"href":"https:\/\/www.upo.es\/patio-colorado\/wp-json\/wp\/v2\/posts"}],"about":[{"href":"https:\/\/www.upo.es\/patio-colorado\/wp-json\/wp\/v2\/types\/post"}],"author":[{"embeddable":true,"href":"https:\/\/www.upo.es\/patio-colorado\/wp-json\/wp\/v2\/users\/119"}],"replies":[{"embeddable":true,"href":"https:\/\/www.upo.es\/patio-colorado\/wp-json\/wp\/v2\/comments?post=6156"}],"version-history":[{"count":2,"href":"https:\/\/www.upo.es\/patio-colorado\/wp-json\/wp\/v2\/posts\/6156\/revisions"}],"predecessor-version":[{"id":6158,"href":"https:\/\/www.upo.es\/patio-colorado\/wp-json\/wp\/v2\/posts\/6156\/revisions\/6158"}],"wp:attachment":[{"href":"https:\/\/www.upo.es\/patio-colorado\/wp-json\/wp\/v2\/media?parent=6156"}],"wp:term":[{"taxonomy":"category","embeddable":true,"href":"https:\/\/www.upo.es\/patio-colorado\/wp-json\/wp\/v2\/categories?post=6156"},{"taxonomy":"post_tag","embeddable":true,"href":"https:\/\/www.upo.es\/patio-colorado\/wp-json\/wp\/v2\/tags?post=6156"}],"curies":[{"name":"wp","href":"https:\/\/api.w.org\/{rel}","templated":true}]}}