{"id":6166,"date":"2023-04-16T07:51:59","date_gmt":"2023-04-16T07:51:59","guid":{"rendered":"https:\/\/www.upo.es\/patio-colorado\/?p=6166"},"modified":"2023-04-16T07:51:59","modified_gmt":"2023-04-16T07:51:59","slug":"visita-a-la-exposicion-comic-suenos-e-historia-en-caixaforum-sevilla","status":"publish","type":"post","link":"https:\/\/www.upo.es\/patio-colorado\/2023\/04\/16\/visita-a-la-exposicion-comic-suenos-e-historia-en-caixaforum-sevilla\/","title":{"rendered":"Visita a la exposici\u00f3n C\u00f3mic. Sue\u00f1os e historia en Caixaforum Sevilla"},"content":{"rendered":"<p>\u00a1Buenos d\u00edas a todos!<\/p>\n<p>Ayer, s\u00e1bado 15 de abril, fui a visitar con una amiga la exposici\u00f3n llamada <em>C\u00f3mic. Sue\u00f1os e historia<\/em> en Caixaforum Sevilla. En ella se muestra y exponen una gran variedad y cantidad de c\u00f3mics desde los comienzos del g\u00e9nero hasta la actualidad. Cada sala est\u00e1 dedicada a un pa\u00eds, en el que se hace un repaso hist\u00f3rico de los comienzos y c\u00f3mo ha ido evolucionando a lo largo del tiempo.<\/p>\n<p style=\"text-align: center;\">\n<p style=\"text-align: center;\"><img loading=\"lazy\" decoding=\"async\" class=\"alignnone  wp-image-6173\" src=\"https:\/\/www.upo.es\/patio-colorado\/wp-content\/uploads\/2023\/04\/WhatsApp-Image-2023-04-16-at-09.39.12-300x225.jpeg\" alt=\"\" width=\"416\" height=\"312\" srcset=\"https:\/\/www.upo.es\/patio-colorado\/wp-content\/uploads\/2023\/04\/WhatsApp-Image-2023-04-16-at-09.39.12-300x225.jpeg 300w, https:\/\/www.upo.es\/patio-colorado\/wp-content\/uploads\/2023\/04\/WhatsApp-Image-2023-04-16-at-09.39.12-1024x768.jpeg 1024w, https:\/\/www.upo.es\/patio-colorado\/wp-content\/uploads\/2023\/04\/WhatsApp-Image-2023-04-16-at-09.39.12-768x576.jpeg 768w, https:\/\/www.upo.es\/patio-colorado\/wp-content\/uploads\/2023\/04\/WhatsApp-Image-2023-04-16-at-09.39.12-1536x1152.jpeg 1536w, https:\/\/www.upo.es\/patio-colorado\/wp-content\/uploads\/2023\/04\/WhatsApp-Image-2023-04-16-at-09.39.12.jpeg 1600w\" sizes=\"auto, (max-width: 416px) 100vw, 416px\" \/><\/p>\n<p style=\"text-align: center;\">Imagen de autor\u00eda propia<\/p>\n<p style=\"text-align: center;\"><img loading=\"lazy\" decoding=\"async\" class=\"alignnone  wp-image-6174\" src=\"https:\/\/www.upo.es\/patio-colorado\/wp-content\/uploads\/2023\/04\/WhatsApp-Image-2023-04-16-at-08.32.31-225x300.jpeg\" alt=\"\" width=\"293\" height=\"391\" srcset=\"https:\/\/www.upo.es\/patio-colorado\/wp-content\/uploads\/2023\/04\/WhatsApp-Image-2023-04-16-at-08.32.31-225x300.jpeg 225w, https:\/\/www.upo.es\/patio-colorado\/wp-content\/uploads\/2023\/04\/WhatsApp-Image-2023-04-16-at-08.32.31-768x1024.jpeg 768w, https:\/\/www.upo.es\/patio-colorado\/wp-content\/uploads\/2023\/04\/WhatsApp-Image-2023-04-16-at-08.32.31-1152x1536.jpeg 1152w, https:\/\/www.upo.es\/patio-colorado\/wp-content\/uploads\/2023\/04\/WhatsApp-Image-2023-04-16-at-08.32.31.jpeg 1536w\" sizes=\"auto, (max-width: 293px) 100vw, 293px\" \/><\/p>\n<p style=\"text-align: center;\">Imagen de autor\u00eda propia<\/p>\n<p style=\"text-align: center;\"><img loading=\"lazy\" decoding=\"async\" class=\"alignnone  wp-image-6178\" src=\"https:\/\/www.upo.es\/patio-colorado\/wp-content\/uploads\/2023\/04\/WhatsApp-Image-2023-04-15-at-19.40.37-300x169.jpeg\" alt=\"\" width=\"391\" height=\"220\" srcset=\"https:\/\/www.upo.es\/patio-colorado\/wp-content\/uploads\/2023\/04\/WhatsApp-Image-2023-04-15-at-19.40.37-300x169.jpeg 300w, https:\/\/www.upo.es\/patio-colorado\/wp-content\/uploads\/2023\/04\/WhatsApp-Image-2023-04-15-at-19.40.37-1024x576.jpeg 1024w, https:\/\/www.upo.es\/patio-colorado\/wp-content\/uploads\/2023\/04\/WhatsApp-Image-2023-04-15-at-19.40.37-768x432.jpeg 768w, https:\/\/www.upo.es\/patio-colorado\/wp-content\/uploads\/2023\/04\/WhatsApp-Image-2023-04-15-at-19.40.37-1536x864.jpeg 1536w, https:\/\/www.upo.es\/patio-colorado\/wp-content\/uploads\/2023\/04\/WhatsApp-Image-2023-04-15-at-19.40.37.jpeg 1664w\" sizes=\"auto, (max-width: 391px) 100vw, 391px\" \/><\/p>\n<p style=\"text-align: center;\">Imagen de autor\u00eda propia<\/p>\n<p>&nbsp;<\/p>\n<p>Seg\u00fan la RAE (Real Academia Espa\u00f1ola), podemos definir al &#8216;c\u00f3mic&#8217; como una \u00abserie o secuencia de vi\u00f1etas que cuenta una historia\u00bb. La representaci\u00f3n de la historia se materializa a trav\u00e9s de los di\u00e1logos entre los personajes y la propia representaci\u00f3n gr\u00e1fica. Para mi sorpresa, debido a que mi generaci\u00f3n no ha estado tan en contacto con el c\u00f3mic como generaciones pasadas, me di cuenta de la riqueza art\u00edstica que poseen cada una de las vi\u00f1etas y el detallismo y expresi\u00f3n que emanan de ellas. Pude comprobar que el mundo de la ilustraci\u00f3n de c\u00f3mics es un mundo que va de la mano tambi\u00e9n con la de otros movimientos art\u00edsticos, pero que, sin embargo, no se le ha dado el valor que se merece. Un valor que tambi\u00e9n se manifiesta en que algunas de las producciones cinematogr\u00e1ficas m\u00e1s conocidas del mundo adoptaron personajes de c\u00f3mic para protagonizar sus pel\u00edculas que han alcanzado una fama que sobrepasa fronteras y constituyen ya iconos internacionales.<\/p>\n<p>En cuanto a la disposici\u00f3n de la exposici\u00f3n, la primera parte estaba dedicada a los or\u00edgenes del c\u00f3mic en Estados Unidos y Reino Unido, en los que el c\u00f3mic tuvo una finalidad distinta. En el ejemplo de Reino Unido, el c\u00f3mic se caracteriz\u00f3 por representar escenas cr\u00edticas de la sociedad y pol\u00edtica del momento utilizando para ello personajes con unos rasgos f\u00edsicos muy exagerados, en definitiva, escenas sat\u00edricas para producir burla. Por su parte, en Estados Unidos, el c\u00f3mic comenz\u00f3 a introducirse en la sociedad a trav\u00e9s de la prensa y ten\u00eda el objetivo de acercar a los ni\u00f1os y los j\u00f3venes a los peri\u00f3dicos en papel. Posteriormente, unas salas despu\u00e9s, podemos disfrutar de vi\u00f1etas del c\u00f3mic espa\u00f1ol, as\u00ed como de vi\u00f1etas francesas o franco-belgas que tambi\u00e9n tuvieron gran relevancia y que a d\u00eda de hoy sigue teniendo, como todos sabemos, en la figura del joven personaje Tint\u00edn. Por \u00faltimo, la \u00faltima sala est\u00e1 dedicada a c\u00f3mics italianos y a c\u00f3mics que versan sobre historias de ciencia ficci\u00f3n. Sin duda, la exposici\u00f3n en su conjunto es una gran muestra de c\u00f3mo el c\u00f3mic es y debe considerado un arte, un arte que atrapa con los ojos y con la palabra.<\/p>\n<p style=\"text-align: center;\"><img loading=\"lazy\" decoding=\"async\" class=\"wp-image-6175 aligncenter\" src=\"https:\/\/www.upo.es\/patio-colorado\/wp-content\/uploads\/2023\/04\/WhatsApp-Image-2023-04-16-at-08.32.21-300x225.jpeg\" alt=\"\" width=\"415\" height=\"311\" srcset=\"https:\/\/www.upo.es\/patio-colorado\/wp-content\/uploads\/2023\/04\/WhatsApp-Image-2023-04-16-at-08.32.21-300x225.jpeg 300w, https:\/\/www.upo.es\/patio-colorado\/wp-content\/uploads\/2023\/04\/WhatsApp-Image-2023-04-16-at-08.32.21-1024x768.jpeg 1024w, https:\/\/www.upo.es\/patio-colorado\/wp-content\/uploads\/2023\/04\/WhatsApp-Image-2023-04-16-at-08.32.21-768x576.jpeg 768w, https:\/\/www.upo.es\/patio-colorado\/wp-content\/uploads\/2023\/04\/WhatsApp-Image-2023-04-16-at-08.32.21-1536x1152.jpeg 1536w, https:\/\/www.upo.es\/patio-colorado\/wp-content\/uploads\/2023\/04\/WhatsApp-Image-2023-04-16-at-08.32.21.jpeg 1600w\" sizes=\"auto, (max-width: 415px) 100vw, 415px\" \/><\/p>\n<p style=\"text-align: center;\">Imagen de autor\u00eda propia<\/p>\n<p style=\"text-align: center;\"><img loading=\"lazy\" decoding=\"async\" class=\"alignnone  wp-image-6176\" src=\"https:\/\/www.upo.es\/patio-colorado\/wp-content\/uploads\/2023\/04\/WhatsApp-Image-2023-04-15-at-19.38.38-169x300.jpeg\" alt=\"\" width=\"254\" height=\"451\" srcset=\"https:\/\/www.upo.es\/patio-colorado\/wp-content\/uploads\/2023\/04\/WhatsApp-Image-2023-04-15-at-19.38.38-169x300.jpeg 169w, https:\/\/www.upo.es\/patio-colorado\/wp-content\/uploads\/2023\/04\/WhatsApp-Image-2023-04-15-at-19.38.38-576x1024.jpeg 576w, https:\/\/www.upo.es\/patio-colorado\/wp-content\/uploads\/2023\/04\/WhatsApp-Image-2023-04-15-at-19.38.38-768x1365.jpeg 768w, https:\/\/www.upo.es\/patio-colorado\/wp-content\/uploads\/2023\/04\/WhatsApp-Image-2023-04-15-at-19.38.38-864x1536.jpeg 864w, https:\/\/www.upo.es\/patio-colorado\/wp-content\/uploads\/2023\/04\/WhatsApp-Image-2023-04-15-at-19.38.38.jpeg 936w\" sizes=\"auto, (max-width: 254px) 100vw, 254px\" \/><\/p>\n<p style=\"text-align: center;\">Imagen de autor\u00eda propia<\/p>\n<p style=\"text-align: center;\"><img loading=\"lazy\" decoding=\"async\" class=\"alignnone  wp-image-6177\" src=\"https:\/\/www.upo.es\/patio-colorado\/wp-content\/uploads\/2023\/04\/WhatsApp-Image-2023-04-15-at-19.49.57-300x169.jpeg\" alt=\"\" width=\"375\" height=\"211\" srcset=\"https:\/\/www.upo.es\/patio-colorado\/wp-content\/uploads\/2023\/04\/WhatsApp-Image-2023-04-15-at-19.49.57-300x169.jpeg 300w, https:\/\/www.upo.es\/patio-colorado\/wp-content\/uploads\/2023\/04\/WhatsApp-Image-2023-04-15-at-19.49.57-1024x576.jpeg 1024w, https:\/\/www.upo.es\/patio-colorado\/wp-content\/uploads\/2023\/04\/WhatsApp-Image-2023-04-15-at-19.49.57-768x432.jpeg 768w, https:\/\/www.upo.es\/patio-colorado\/wp-content\/uploads\/2023\/04\/WhatsApp-Image-2023-04-15-at-19.49.57-1536x864.jpeg 1536w, https:\/\/www.upo.es\/patio-colorado\/wp-content\/uploads\/2023\/04\/WhatsApp-Image-2023-04-15-at-19.49.57.jpeg 1664w\" sizes=\"auto, (max-width: 375px) 100vw, 375px\" \/><\/p>\n<p style=\"text-align: center;\">Imagen de autor\u00eda propia<\/p>\n<p>&nbsp;<\/p>\n<p>Recomiendo a todo el mundo las exposiciones de Caixaforum Sevilla, es una buena forma de aproximarse a temas muy interesantes y, para algunos, algo desconocidos. Siempre recordar\u00e9 las palabras que dijo el director de Caixaforum Sevilla en unas jornadas de orientaci\u00f3n profesional en la Universidad Pablo de Olavide: \u00abintentamos que la visita sea una aut\u00e9ntica experiencia\u00bb y as\u00ed es. Un consejo que se puede aplicar como futuros gestores culturales a nuestras propuestas y actividades, en las que tiene que estar presente que el visitante tiene que embriagarse de conocimiento y disfrute.<\/p>\n<p>\u00a1No te la pierdas! \u00a1Hasta el 11 de junio de 2023!<\/p>\n<p>IMAGEN DE LA PORTADA: https:\/\/caixaforum.org\/es\/sevilla\/p\/comic_a86768959 (Web oficial de Caixaforum Sevilla)<\/p>\n","protected":false},"excerpt":{"rendered":"<p>\u00a1Buenos d\u00edas a todos! Ayer, s\u00e1bado 15 de abril, fui a visitar con una amiga la exposici\u00f3n llamada C\u00f3mic. Sue\u00f1os e historia en Caixaforum Sevilla. En ella se muestra y exponen una gran variedad y cantidad de c\u00f3mics desde los comienzos del g\u00e9nero hasta la actualidad. Cada sala est\u00e1 dedicada a un pa\u00eds, en el [&hellip;]<\/p>\n","protected":false},"author":112,"featured_media":6171,"comment_status":"open","ping_status":"open","sticky":false,"template":"","format":"standard","meta":{"_acf_changed":false,"_monsterinsights_skip_tracking":false,"_monsterinsights_sitenote_active":false,"_monsterinsights_sitenote_note":"","_monsterinsights_sitenote_category":0,"footnotes":""},"categories":[12,301],"tags":[28,721,265,6,722],"class_list":["post-6166","post","type-post","status-publish","format-standard","has-post-thumbnail","hentry","category-eventos","category-sevilla","tag-arte","tag-comic","tag-exposicion-caixaforum","tag-sevilla","tag-vinetas"],"blocksy_meta":[],"acf":[],"jetpack_featured_media_url":"https:\/\/www.upo.es\/patio-colorado\/wp-content\/uploads\/2023\/04\/Comic_cartell_desktop_es.jpg","_links":{"self":[{"href":"https:\/\/www.upo.es\/patio-colorado\/wp-json\/wp\/v2\/posts\/6166","targetHints":{"allow":["GET"]}}],"collection":[{"href":"https:\/\/www.upo.es\/patio-colorado\/wp-json\/wp\/v2\/posts"}],"about":[{"href":"https:\/\/www.upo.es\/patio-colorado\/wp-json\/wp\/v2\/types\/post"}],"author":[{"embeddable":true,"href":"https:\/\/www.upo.es\/patio-colorado\/wp-json\/wp\/v2\/users\/112"}],"replies":[{"embeddable":true,"href":"https:\/\/www.upo.es\/patio-colorado\/wp-json\/wp\/v2\/comments?post=6166"}],"version-history":[{"count":2,"href":"https:\/\/www.upo.es\/patio-colorado\/wp-json\/wp\/v2\/posts\/6166\/revisions"}],"predecessor-version":[{"id":6179,"href":"https:\/\/www.upo.es\/patio-colorado\/wp-json\/wp\/v2\/posts\/6166\/revisions\/6179"}],"wp:featuredmedia":[{"embeddable":true,"href":"https:\/\/www.upo.es\/patio-colorado\/wp-json\/wp\/v2\/media\/6171"}],"wp:attachment":[{"href":"https:\/\/www.upo.es\/patio-colorado\/wp-json\/wp\/v2\/media?parent=6166"}],"wp:term":[{"taxonomy":"category","embeddable":true,"href":"https:\/\/www.upo.es\/patio-colorado\/wp-json\/wp\/v2\/categories?post=6166"},{"taxonomy":"post_tag","embeddable":true,"href":"https:\/\/www.upo.es\/patio-colorado\/wp-json\/wp\/v2\/tags?post=6166"}],"curies":[{"name":"wp","href":"https:\/\/api.w.org\/{rel}","templated":true}]}}