{"id":6189,"date":"2023-04-17T11:54:13","date_gmt":"2023-04-17T11:54:13","guid":{"rendered":"https:\/\/www.upo.es\/patio-colorado\/?p=6189"},"modified":"2023-04-17T11:55:06","modified_gmt":"2023-04-17T11:55:06","slug":"andalucia-las-expectativas-y-la-realidad","status":"publish","type":"post","link":"https:\/\/www.upo.es\/patio-colorado\/2023\/04\/17\/andalucia-las-expectativas-y-la-realidad\/","title":{"rendered":"Andaluc\u00eda: las expectativas y la realidad"},"content":{"rendered":"<p>\u00a1Hola chic@s! \u00a1Hoy voy a escribir en espa\u00f1ol!<\/p>\n<p>Antes de llegar en Sevilla, pens\u00e9 que sab\u00eda lo que es \u2018la cultura andaluza\u2019. Estaba muy emocionada por el sol, el flamenco, y la sangr\u00eda. Ahora, llevo Sevilla 7 meses, y tengo una idea un poco mejor de lo que es la Andaluc\u00eda verdadera. \u00a1Y me encanta m\u00e1s de lo que pens\u00e9 ser\u00eda posible! En este art\u00edculo, quiero hablar de mis expectativas de Andaluc\u00eda, y si la realidad es la misma.<\/p>\n<p><strong>Sangr\u00eda<\/strong><\/p>\n<p><strong>Expectativa: <\/strong>Todo el mundo en Inglaterra asocia Espa\u00f1a con la sangr\u00eda. Imaginaba que iba a beber sangr\u00eda en el sol todos los d\u00edas. Para m\u00ed, la sangr\u00eda era la bebida de Espa\u00f1a.<\/p>\n<p><strong>Realidad: <\/strong>Cuando llegu\u00e9 a Sevilla, mi amiga de aqu\u00ed me dijo que NADIE de Sevilla bebe Sangr\u00eda. Dijo que, si bebes Sangr\u00eda, eres un turista. \u00a1Obviamente no quer\u00eda ser un turista! Quer\u00eda acostumbrarme a la cultura svillana. Por eso, solo he bebido Sangr\u00eda una vez durante mi Erasmus. Ahora soy muy espa\u00f1ola porque bebo <em>tinto de verano<\/em>, un bebido de vino tinto y limonada completamente diferente de la Sangr\u00eda\u2026<\/p>\n<p><strong>Flamenco<\/strong><\/p>\n<p><strong>Expectativa: <\/strong>No pensaba mucho sobre el flamenco antes de llegando en Sevilla. Pensaba que era el baile tradicional de Espa\u00f1a, pero no sab\u00eda si va a ser una parte de mi experiencia o no.<\/p>\n<p><strong>Realidad:<\/strong> En realidad el flamenco ha sido un parte bastante grande de mi experiencia sevillana. He visto espect\u00e1culos de flamenco en las calles, en teatros, en la Plaza de Espa\u00f1a y en bares. Creo que en Sevilla puede ser una atracci\u00f3n tur\u00edstica, pero tambi\u00e9n algo que disfruta la gente de aqu\u00ed. Feria es muy pronto, y desde febrero he visto las mujeres preparando sus trajes por este evento muy grande. Tengo muchas ganas de ver lo que es Feria. Sin embargo, es importante tener en cuenta que es un estereotipo que todos los espa\u00f1oles bailan o al menos disfrutan el flamenco. He encontrado muchos espa\u00f1oles que no les importa el flamenco.<\/p>\n<p><strong>Siestas <\/strong><\/p>\n<p><strong>Expectativa: <\/strong>Las siestas son un estereotipo de Espa\u00f1a. Se cree que el mundo para durante dos horas de las dos hasta las cuatro para que toda la gente pueda dormir. Con verg\u00fcenza, confeso que he pensado que quiz\u00e1s la universidad cerrar\u00eda entre estas horas.<\/p>\n<p><strong>Realidad: <\/strong>Por supuesto, mis expectativas no podr\u00edan haber estado m\u00e1s equivocadas. La universidad es abierta a todas horas y todos los d\u00edas. Incluso en los d\u00edas tan calores, continua todo el mundo. Tambi\u00e9n, no he visto que muchas tiendas cierran entre estas horas. Me parece que las siestas son mitos. Sin embargo, he tenido que tener un par durante mi tiempo aqu\u00ed- \u00a1hace demasiado calor de estar despierta!<\/p>\n<p><strong>El acento andaluz <\/strong><\/p>\n<p><strong>Expectativa: <\/strong>Despu\u00e9s de venir aqu\u00ed, ten\u00eda mucho miedo del acento andaluz. No estaba segura en mi espa\u00f1ol, y toda la gente en mi universidad en Inglaterra me hab\u00eda dicho que el acento andaluz es lo m\u00e1s dif\u00edcil para entender.<\/p>\n<p><strong>Realidad: <\/strong>La realidad es que el acento es muy dif\u00edcil de entender. Mis primeras semanas en la UPO me costaban mucho. Pens\u00e9 que nunca voy a entender mis profesores. Sin embargo, despu\u00e9s del primer mes pod\u00eda entender un poco m\u00e1s. Y en el fin del primer semestre incluso pod\u00eda participar un poco en mis clases. He notado tambi\u00e9n que a veces hablo un poco con el acento. Cuando vuelvo a mis clases de espa\u00f1ol en Inglaterra, voy a ser orgullosa de tener un acento un poco andaluz, porque va ser un recuerdo del mejor a\u00f1o de mi vida.<\/p>\n<p>Foto: Flamenco: <a href=\"https:\/\/www.spain.info\/en\/discover-spain\/flamenco-spain\/\">https:\/\/www.spain.info\/en\/discover-spain\/flamenco-spain\/<\/a><\/p>\n<p>&nbsp;<\/p>\n","protected":false},"excerpt":{"rendered":"<p>\u00a1Hola chic@s! \u00a1Hoy voy a escribir en espa\u00f1ol! Antes de llegar en Sevilla, pens\u00e9 que sab\u00eda lo que es \u2018la cultura andaluza\u2019. Estaba muy emocionada por el sol, el flamenco, y la sangr\u00eda. Ahora, llevo Sevilla 7 meses, y tengo una idea un poco mejor de lo que es la Andaluc\u00eda verdadera. \u00a1Y me encanta [&hellip;]<\/p>\n","protected":false},"author":118,"featured_media":6190,"comment_status":"open","ping_status":"open","sticky":false,"template":"","format":"standard","meta":{"_acf_changed":false,"_monsterinsights_skip_tracking":false,"_monsterinsights_sitenote_active":false,"_monsterinsights_sitenote_note":"","_monsterinsights_sitenote_category":0,"footnotes":""},"categories":[35,26,23],"tags":[726,55,725,89,14],"class_list":["post-6189","post","type-post","status-publish","format-standard","has-post-thumbnail","hentry","category-fiestas-tradiciones","category-gastronomia-artesania","category-patrimonio-vivo","tag-acentos","tag-andalucia","tag-cultura-sevilla","tag-flamenco","tag-gastronomia"],"blocksy_meta":[],"acf":[],"jetpack_featured_media_url":"https:\/\/www.upo.es\/patio-colorado\/wp-content\/uploads\/2023\/04\/two-dancers.jpg","_links":{"self":[{"href":"https:\/\/www.upo.es\/patio-colorado\/wp-json\/wp\/v2\/posts\/6189","targetHints":{"allow":["GET"]}}],"collection":[{"href":"https:\/\/www.upo.es\/patio-colorado\/wp-json\/wp\/v2\/posts"}],"about":[{"href":"https:\/\/www.upo.es\/patio-colorado\/wp-json\/wp\/v2\/types\/post"}],"author":[{"embeddable":true,"href":"https:\/\/www.upo.es\/patio-colorado\/wp-json\/wp\/v2\/users\/118"}],"replies":[{"embeddable":true,"href":"https:\/\/www.upo.es\/patio-colorado\/wp-json\/wp\/v2\/comments?post=6189"}],"version-history":[{"count":1,"href":"https:\/\/www.upo.es\/patio-colorado\/wp-json\/wp\/v2\/posts\/6189\/revisions"}],"predecessor-version":[{"id":6191,"href":"https:\/\/www.upo.es\/patio-colorado\/wp-json\/wp\/v2\/posts\/6189\/revisions\/6191"}],"wp:featuredmedia":[{"embeddable":true,"href":"https:\/\/www.upo.es\/patio-colorado\/wp-json\/wp\/v2\/media\/6190"}],"wp:attachment":[{"href":"https:\/\/www.upo.es\/patio-colorado\/wp-json\/wp\/v2\/media?parent=6189"}],"wp:term":[{"taxonomy":"category","embeddable":true,"href":"https:\/\/www.upo.es\/patio-colorado\/wp-json\/wp\/v2\/categories?post=6189"},{"taxonomy":"post_tag","embeddable":true,"href":"https:\/\/www.upo.es\/patio-colorado\/wp-json\/wp\/v2\/tags?post=6189"}],"curies":[{"name":"wp","href":"https:\/\/api.w.org\/{rel}","templated":true}]}}