{"id":6193,"date":"2023-04-17T23:52:32","date_gmt":"2023-04-17T23:52:32","guid":{"rendered":"https:\/\/www.upo.es\/patio-colorado\/?p=6193"},"modified":"2023-04-17T23:52:32","modified_gmt":"2023-04-17T23:52:32","slug":"sevilla-durante-la-feria-de-abril-que-visitar","status":"publish","type":"post","link":"https:\/\/www.upo.es\/patio-colorado\/2023\/04\/17\/sevilla-durante-la-feria-de-abril-que-visitar\/","title":{"rendered":"Sevilla durante la Feria de Abril: \u00bfQu\u00e9 visitar?"},"content":{"rendered":"<p><span style=\"font-weight: 400\">La Feria de Abril de Sevilla es una de las fiestas m\u00e1s esperadas de la capital andaluza. Se celebra entre el 23 y el 29 de abril de 2023 y, en ella, se podr\u00e1 disfrutar de m\u00e1s de 1000 casetas -algunas p\u00fablicas- y de muchas atracciones en la conocida Calle del Infierno. Adem\u00e1s, es conocida por sus tradiciones, sus trajes de flamenca, sus carrozas, su rebujito, su albero, sus sevillanas y, sobre todo, de las reuniones de familias y amigos.<\/span><\/p>\n<p><span style=\"font-weight: 400\">Si vas a la Feria de Sevilla no puedes perderte la portada. Es el punto de encuentro de los sevillanos y el punto central desde el que se organizan todas las calles de casetas. La portada de 2023 estar\u00e1 dedicada a la Plaza de Espa\u00f1a -sitio tur\u00edstico de la ciudad- y al teatro Coliseo Espa\u00f1a. Tampoco puedes perderte la fabulosa \u201cnoche del pesca\u00edto\u201d que se celebra el d\u00eda del alumbrao\u2019. Esta noche se podr\u00e1 disfrutar de pescado frito en las casetas y de rebujito a la vez que se contempla c\u00f3mo se enciende la portada y el recinto ferial.\u00a0<\/span><\/p>\n<p><span style=\"font-weight: 400\">Y si vas al recinto ferial no puedes perderte la Calle del Infierno. Es la parte m\u00e1s divertida para algunos ya que en ella podr\u00e1s encontrar muchas atracciones, tanto para ni\u00f1os como para adultos, como por ejemplo los coches locos, el inverter, la noria, o el pasaje del terror, as\u00ed como de puestos de comida r\u00e1pida o dulces como gofres y bu\u00f1uelos. Y, por supuesto, no puedes perderte la noche de los fuegos artificiales -que se ven espectaculares desde el puente de triana o desde el puente de San Telmo- que tendr\u00e1 lugar el \u00faltimo d\u00eda de feria.\u00a0<\/span><\/p>\n<p><img loading=\"lazy\" decoding=\"async\" class=\" wp-image-6195 aligncenter\" src=\"https:\/\/www.upo.es\/patio-colorado\/wp-content\/uploads\/2023\/04\/Captura-de-pantalla-2023-04-18-013617-300x167.png\" alt=\"\" width=\"365\" height=\"203\" srcset=\"https:\/\/www.upo.es\/patio-colorado\/wp-content\/uploads\/2023\/04\/Captura-de-pantalla-2023-04-18-013617-300x167.png 300w, https:\/\/www.upo.es\/patio-colorado\/wp-content\/uploads\/2023\/04\/Captura-de-pantalla-2023-04-18-013617.png 766w\" sizes=\"auto, (max-width: 365px) 100vw, 365px\" \/><\/p>\n<p><span style=\"font-weight: 400\">Recuperado de: <\/span><a href=\"https:\/\/www.sevillaactualidad.com\/feria-de-abril\/261255-la-calle-del-infierno-comienza-a-funcionar-este-jueves\/\"><span style=\"font-weight: 400\">https:\/\/www.sevillaactualidad.com\/feria-de-abril\/261255-la-calle-del-infierno-comienza-a-funcionar-este-jueves\/<\/span><\/a><span style=\"font-weight: 400\">\u00a0<\/span><\/p>\n<p><span style=\"font-weight: 400\">Pero, para quien no sea aficionado a las ferias, tambi\u00e9n se pueden visitar otros lugares en la ciudad durante esta semana. Aparte de los monumentos t\u00edpicos como la Catedral, la Giralda o las Setas, tambi\u00e9n existen otros lugares con mucho encanto y que, en estos d\u00edas de primavera, tienen un esplendor \u00fanico. Podemos visitar el Acuario de Sevilla que cuenta con una gran diversidad de especies marinas y adem\u00e1s ofrece un recorrido por la cultura Marina que conoci\u00f3 Magallanes en su vuelta al mundo.\u00a0<\/span><\/p>\n<p><span style=\"font-weight: 400\">Tambi\u00e9n podemos dar un paseo por las estrechas calles del barrio de Santa Cruz, situado en el casco hist\u00f3rico, que nos ofrece casas, patios y portales muy t\u00edpicos en Andaluc\u00eda. Recomendamos merendar en la cafeter\u00eda Salt and Sugar, una cafeter\u00eda moderna y decorada con plantas que la hace muy acogedora. Y, ya que estamos en feria, si te gusta un poco el flamenco te recomendamos visitar alg\u00fan espect\u00e1culo en el Museo del Flamenco que ofrece numerosas actuaciones de la mano de artistas profesionales y m\u00fasica en directo.\u00a0<\/span><\/p>\n<p><span style=\"font-weight: 400\">Y por \u00faltimo, para los m\u00e1s atrevidos y calurosos, si lo tuyo no son los monumentos, los paseos por los barrios o las ferias, te recomendamos visitar el Parque de atracciones Isla M\u00e1gica. Tiene numerosas atracciones -algunas de agua como la Anaconda- y espect\u00e1culos en todo el parque. Es un sitio ideal tanto para adultos como para ni\u00f1os y te sumerge en el mundo de los piratas nada m\u00e1s poner un pie dentro. Esta semana de feria, \u00a1disfruta de Sevilla como sea y donde sea!<\/span><\/p>\n<p><img loading=\"lazy\" decoding=\"async\" class=\"size-medium wp-image-6194 aligncenter\" src=\"https:\/\/www.upo.es\/patio-colorado\/wp-content\/uploads\/2023\/04\/Captura-de-pantalla-2023-04-18-014808-300x201.png\" alt=\"\" width=\"300\" height=\"201\" srcset=\"https:\/\/www.upo.es\/patio-colorado\/wp-content\/uploads\/2023\/04\/Captura-de-pantalla-2023-04-18-014808-300x201.png 300w, https:\/\/www.upo.es\/patio-colorado\/wp-content\/uploads\/2023\/04\/Captura-de-pantalla-2023-04-18-014808.png 760w\" sizes=\"auto, (max-width: 300px) 100vw, 300px\" \/><\/p>\n<p><span style=\"font-weight: 400\">Recuperado de: <\/span><a href=\"https:\/\/www.andalucia.org\/en\/sevilla-leisure-and-fun-leisure-parks-isla-magica\"><span style=\"font-weight: 400\">https:\/\/www.andalucia.org\/en\/sevilla-leisure-and-fun-leisure-parks-isla-magica<\/span><\/a><\/p>\n","protected":false},"excerpt":{"rendered":"<p>La Feria de Abril de Sevilla es una de las fiestas m\u00e1s esperadas de la capital andaluza. Se celebra entre el 23 y el 29 de abril de 2023 y, en ella, se podr\u00e1 disfrutar de m\u00e1s de 1000 casetas -algunas p\u00fablicas- y de muchas atracciones en la conocida Calle del Infierno. Adem\u00e1s, es conocida [&hellip;]<\/p>\n","protected":false},"author":31,"featured_media":6196,"comment_status":"open","ping_status":"open","sticky":false,"template":"","format":"standard","meta":{"_acf_changed":false,"_monsterinsights_skip_tracking":false,"_monsterinsights_sitenote_active":false,"_monsterinsights_sitenote_note":"","_monsterinsights_sitenote_category":0,"footnotes":""},"categories":[35,170,301],"tags":[728,196,727,564,6],"class_list":["post-6193","post","type-post","status-publish","format-standard","has-post-thumbnail","hentry","category-fiestas-tradiciones","category-monumentos-y-turismo","category-sevilla","tag-atracciones","tag-feria-de-abril","tag-lugares","tag-monumentos","tag-sevilla"],"blocksy_meta":[],"acf":[],"jetpack_featured_media_url":"https:\/\/www.upo.es\/patio-colorado\/wp-content\/uploads\/2023\/04\/Captura-de-pantalla-2023-04-18-015209.png","_links":{"self":[{"href":"https:\/\/www.upo.es\/patio-colorado\/wp-json\/wp\/v2\/posts\/6193","targetHints":{"allow":["GET"]}}],"collection":[{"href":"https:\/\/www.upo.es\/patio-colorado\/wp-json\/wp\/v2\/posts"}],"about":[{"href":"https:\/\/www.upo.es\/patio-colorado\/wp-json\/wp\/v2\/types\/post"}],"author":[{"embeddable":true,"href":"https:\/\/www.upo.es\/patio-colorado\/wp-json\/wp\/v2\/users\/31"}],"replies":[{"embeddable":true,"href":"https:\/\/www.upo.es\/patio-colorado\/wp-json\/wp\/v2\/comments?post=6193"}],"version-history":[{"count":1,"href":"https:\/\/www.upo.es\/patio-colorado\/wp-json\/wp\/v2\/posts\/6193\/revisions"}],"predecessor-version":[{"id":6197,"href":"https:\/\/www.upo.es\/patio-colorado\/wp-json\/wp\/v2\/posts\/6193\/revisions\/6197"}],"wp:featuredmedia":[{"embeddable":true,"href":"https:\/\/www.upo.es\/patio-colorado\/wp-json\/wp\/v2\/media\/6196"}],"wp:attachment":[{"href":"https:\/\/www.upo.es\/patio-colorado\/wp-json\/wp\/v2\/media?parent=6193"}],"wp:term":[{"taxonomy":"category","embeddable":true,"href":"https:\/\/www.upo.es\/patio-colorado\/wp-json\/wp\/v2\/categories?post=6193"},{"taxonomy":"post_tag","embeddable":true,"href":"https:\/\/www.upo.es\/patio-colorado\/wp-json\/wp\/v2\/tags?post=6193"}],"curies":[{"name":"wp","href":"https:\/\/api.w.org\/{rel}","templated":true}]}}