{"id":6205,"date":"2023-04-19T12:18:10","date_gmt":"2023-04-19T12:18:10","guid":{"rendered":"https:\/\/www.upo.es\/patio-colorado\/?p=6205"},"modified":"2023-04-19T12:18:10","modified_gmt":"2023-04-19T12:18:10","slug":"el-especial-de-moda-flamenca-del-zoco-del-parque-de-maria-luisa-en-sevilla","status":"publish","type":"post","link":"https:\/\/www.upo.es\/patio-colorado\/2023\/04\/19\/el-especial-de-moda-flamenca-del-zoco-del-parque-de-maria-luisa-en-sevilla\/","title":{"rendered":"El especial de moda flamenca del zoco del Parque de Mar\u00eda Luisa en Sevilla"},"content":{"rendered":"<p>Desde el a\u00f1o 2013 se celebra el ya tradicional zoco del Parque Mar\u00eda Luisa el tercer domingo de cada mes a excepci\u00f3n de los meses de julio y agosto por las altas temperaturas de la ciudad sevillana. El horario habitual es de 11:00 a 15:00 h.<\/p>\n<p>En este zoco encontramos puestos de peque\u00f1os comercios sevillanos que nos ofrecen una gran variedad de productos de diferentes sectores como la moda, la artesan\u00eda o la decoraci\u00f3n.<\/p>\n<p>Sin embargo, con motivo de la Feria de abril y de brindar apoyo al sector de la moda flamenca, el zoco celebrar\u00e1 una edici\u00f3n especial este s\u00e1bado 22 de abril. De esta forma, el n\u00famero de puestos del zoco se ampliar\u00e1 a 60 y los emprendedores sevillanos de la moda flamenca podr\u00e1n promocionar sus productos y aumentar sus ventas. As\u00ed mismo, tambi\u00e9n encontraremos los puestos tradicionales de otros sectores que como cada tercer domingo del mes acuden a esta singular cita.<\/p>\n<p><img loading=\"lazy\" decoding=\"async\" class=\" wp-image-6207 aligncenter\" src=\"https:\/\/www.upo.es\/patio-colorado\/wp-content\/uploads\/2023\/04\/IMG_2065-224x300.jpg\" alt=\"\" width=\"251\" height=\"336\" srcset=\"https:\/\/www.upo.es\/patio-colorado\/wp-content\/uploads\/2023\/04\/IMG_2065-224x300.jpg 224w, https:\/\/www.upo.es\/patio-colorado\/wp-content\/uploads\/2023\/04\/IMG_2065-765x1024.jpg 765w, https:\/\/www.upo.es\/patio-colorado\/wp-content\/uploads\/2023\/04\/IMG_2065-768x1029.jpg 768w, https:\/\/www.upo.es\/patio-colorado\/wp-content\/uploads\/2023\/04\/IMG_2065.jpg 828w\" sizes=\"auto, (max-width: 251px) 100vw, 251px\" \/><\/p>\n<p>Adem\u00e1s, con motivo de esta edici\u00f3n especial el zoco contar\u00e1 con una c\u00e1mara <em>videobooth<\/em> 360 \u00ba que permitir\u00e1 a todos los visitantes grabar v\u00eddeos y boomerangs de forma gratuita y podr\u00e1n descargarlos en sus dispositivos m\u00f3viles mediante c\u00f3digo QR. Igualmente, podr\u00e1n a disposici\u00f3n del p\u00fablico luces, disfraces y atrezos para que puedan grabar videos que despu\u00e9s se llevar\u00e1n de recuerdo a sus casas.<\/p>\n<p>Por si todo esto fuera poco, a partir de esta edici\u00f3n especial flamenca, el zoco ampliar\u00e1 sus horarios al segundo y tercer domingo de cada mes en las futuras ediciones. A nosotros no se nos ocurre mejor plan que el de disfrutar la ma\u00f1ana del domingo paseando entre la maravillosa vegetaci\u00f3n del parque y su zoco, al mismo tiempo que podemos encontrar verdaderas joyas artesanales que llevarnos a casa, y t\u00fa, \u00bfte lo vas a perder?<\/p>\n<p><img loading=\"lazy\" decoding=\"async\" class=\"aligncenter\" src=\"https:\/\/www.sevillaactualidad.com\/wp-content\/uploads\/2022\/12\/zoco-parque-maria-luisa.jpg\" width=\"692\" height=\"389\" \/><\/p>\n<p>Pod\u00e9is encontrar m\u00e1s informaci\u00f3n en las redes sociales del zoco:<\/p>\n<ul>\n<li>Instragram:\u00a0<a href=\"https:\/\/www.instagram.com\/zocoparquemarialuisa\/?hl=es\">https:\/\/www.instagram.com\/zocoparquemarialuisa\/?hl=es<\/a><\/li>\n<li>Facebook:\u00a0<a href=\"https:\/\/www.facebook.com\/people\/Zoco-Parque-Maria-Luisa\/100059981777599\/?locale=es_ES\">https:\/\/www.facebook.com\/people\/Zoco-Parque-Maria-Luisa\/100059981777599\/?locale=es_ES<\/a><\/li>\n<\/ul>\n<p>Bibliograf\u00eda:<\/p>\n<ul>\n<li><a href=\"https:\/\/sevillasecreta.co\/zoco-parque-maria-luisa\/\">https:\/\/sevillasecreta.co\/zoco-parque-maria-luisa\/<\/a><\/li>\n<li><a href=\"https:\/\/www.diariodesevilla.es\/vivirensevilla\/Zoco-Parque-Maria-Luisa-calendario_0_1766523998.html\">https:\/\/www.diariodesevilla.es\/vivirensevilla\/Zoco-Parque-Maria-Luisa-calendario_0_1766523998.html<\/a><\/li>\n<li><a href=\"https:\/\/www.sevillaactualidad.com\/cultura\/517901-el-zoco-de-maria-luisa-se-viste-de-feria-este-sabado-en-una-edicion-especial\/\">https:\/\/www.sevillaactualidad.com\/cultura\/517901-el-zoco-de-maria-luisa-se-viste-de-feria-este-sabado-en-una-edicion-especial\/<\/a><\/li>\n<\/ul>\n","protected":false},"excerpt":{"rendered":"<p>Desde el a\u00f1o 2013 se celebra el ya tradicional zoco del Parque Mar\u00eda Luisa el tercer domingo de cada mes a excepci\u00f3n de los meses de julio y agosto por las altas temperaturas de la ciudad sevillana. El horario habitual es de 11:00 a 15:00 h. En este zoco encontramos puestos de peque\u00f1os comercios sevillanos [&hellip;]<\/p>\n","protected":false},"author":111,"featured_media":6206,"comment_status":"open","ping_status":"open","sticky":false,"template":"","format":"standard","meta":{"_acf_changed":false,"_monsterinsights_skip_tracking":false,"_monsterinsights_sitenote_active":false,"_monsterinsights_sitenote_note":"","_monsterinsights_sitenote_category":0,"footnotes":""},"categories":[45,12,35,301],"tags":[],"class_list":["post-6205","post","type-post","status-publish","format-standard","has-post-thumbnail","hentry","category-boletin-colorao","category-eventos","category-fiestas-tradiciones","category-sevilla"],"blocksy_meta":[],"acf":[],"jetpack_featured_media_url":"https:\/\/www.upo.es\/patio-colorado\/wp-content\/uploads\/2023\/04\/IMG_2066.jpg","_links":{"self":[{"href":"https:\/\/www.upo.es\/patio-colorado\/wp-json\/wp\/v2\/posts\/6205","targetHints":{"allow":["GET"]}}],"collection":[{"href":"https:\/\/www.upo.es\/patio-colorado\/wp-json\/wp\/v2\/posts"}],"about":[{"href":"https:\/\/www.upo.es\/patio-colorado\/wp-json\/wp\/v2\/types\/post"}],"author":[{"embeddable":true,"href":"https:\/\/www.upo.es\/patio-colorado\/wp-json\/wp\/v2\/users\/111"}],"replies":[{"embeddable":true,"href":"https:\/\/www.upo.es\/patio-colorado\/wp-json\/wp\/v2\/comments?post=6205"}],"version-history":[{"count":1,"href":"https:\/\/www.upo.es\/patio-colorado\/wp-json\/wp\/v2\/posts\/6205\/revisions"}],"predecessor-version":[{"id":6208,"href":"https:\/\/www.upo.es\/patio-colorado\/wp-json\/wp\/v2\/posts\/6205\/revisions\/6208"}],"wp:featuredmedia":[{"embeddable":true,"href":"https:\/\/www.upo.es\/patio-colorado\/wp-json\/wp\/v2\/media\/6206"}],"wp:attachment":[{"href":"https:\/\/www.upo.es\/patio-colorado\/wp-json\/wp\/v2\/media?parent=6205"}],"wp:term":[{"taxonomy":"category","embeddable":true,"href":"https:\/\/www.upo.es\/patio-colorado\/wp-json\/wp\/v2\/categories?post=6205"},{"taxonomy":"post_tag","embeddable":true,"href":"https:\/\/www.upo.es\/patio-colorado\/wp-json\/wp\/v2\/tags?post=6205"}],"curies":[{"name":"wp","href":"https:\/\/api.w.org\/{rel}","templated":true}]}}