{"id":6210,"date":"2023-04-19T14:54:25","date_gmt":"2023-04-19T14:54:25","guid":{"rendered":"https:\/\/www.upo.es\/patio-colorado\/?p=6210"},"modified":"2023-04-19T14:55:59","modified_gmt":"2023-04-19T14:55:59","slug":"2023-ano-picasso","status":"publish","type":"post","link":"https:\/\/www.upo.es\/patio-colorado\/2023\/04\/19\/2023-ano-picasso\/","title":{"rendered":"2023, a\u00f1o Picasso"},"content":{"rendered":"<p>Con motivo del 50 aniversario de la muerte del pintor malague\u00f1o Pablo Ru\u00edz Picasso, la ciudad de M\u00e1laga est\u00e1 siendo protagonista de numerosos eventos para conmemorar al citado y reconocido pintor.<\/p>\n<p>En primer lugar, podr\u00e1 destacarse que, durante el pasado mes de marzo, cadenas de televisi\u00f3n del Reino Unido y Alemania acudieron a la ciudad para grabar programas de televisi\u00f3n en los que Picasso ha sido el protagonista. En el caso del Reino Unido, ha sido el programa <em>The Travel Show<\/em>, emitido por la BBC y, en el caso de la televisi\u00f3n p\u00fablica alemana <em>Deutsche We<\/em><em>lle<\/em> (DW), el programa <em>Euromaxx<\/em>. Ambos programas centraban su filmaci\u00f3n en la cultura y sociedad de M\u00e1laga, incluyendo visitas al Museo Picasso, al Museo Casa Natal de Picasso, la Plaza de Toros y otros lugares de la ciudad relacionados con la vida y obra del pintor malague\u00f1o.<\/p>\n<figure style=\"width: 416px\" class=\"wp-caption alignleft\"><img loading=\"lazy\" decoding=\"async\" class=\"\" src=\"https:\/\/s2.abcstatics.com\/abc\/sevilla\/multimedia\/viajar\/2023\/01\/09\/estatua-picasso-malaga-RU1MW9nJvGXrmflOFLHzxMJ-1200x840@abc.jpeg\" alt=\"Descubriendo a Picasso en M\u00e1laga\" width=\"416\" height=\"292\" \/><figcaption class=\"wp-caption-text\">Recuperado de: https:\/\/sevilla.abc.es\/viajar\/descubriendo-picasso-malaga-20230110080827-nts.html<\/figcaption><\/figure>\n<p>Como se destaca en el t\u00edtulo de esta noticia, este a\u00f1o 2023 es el \u201cA\u00f1o Picasso\u201d el cual pretende ofrecerle al artista el gran homenaje que quiz\u00e1 no se le hizo en vida. Tanto el <a href=\"https:\/\/www.museopicassomalaga.org\/exposiciones\">Museo Picasso<\/a> como la <a href=\"https:\/\/museocasanatalpicasso.malaga.eu\/\">Fundaci\u00f3n Casa Natal<\/a>, han estado ofreciendo y a\u00fan siguen ofreciendo tres grandes exposiciones adem\u00e1s de numerosas conferencias, talleres educativos y un gran n\u00famero de actividades. Puede resaltarse la publicaci\u00f3n titulada <em>Las edades <\/em>de Picasso en la que se pueden apreciar las distintas etapas del pintor y su evoluci\u00f3n permitiendo as\u00ed ahondar m\u00e1s en la figura de Picasso y en su huella imborrable.<\/p>\n<p>En segundo y \u00faltimo lugar, es de gran importancia considerar que a lo largo de la vida de Picasso se sucedieron algunos de los conflictos m\u00e1s importantes y sangrientos de la historia como por ejemplo la Primera y la Segunda Guerra Mundial, la Guerra Civil Espa\u00f1ola, la guerra de Corea o la guerra de Vietnam. Es algo conocido por todos que el artista malague\u00f1o pudo plasmar la barbarie belicista de estos conflictos en obras como <em>El Guernica<\/em>. En relaci\u00f3n a esta \u00faltima idea y para concluir, se se\u00f1alar\u00e1 la conmemoraci\u00f3n del Museo Picasso realizada el pasado 8 de abril con la suelta de una paloma como acci\u00f3n simb\u00f3lica con la que recordar el compromiso de Picasso con la paz y su oposici\u00f3n a la guerra y como otro evento m\u00e1s para conmemorar el 50 aniversario de su muerte.<\/p>\n<figure style=\"width: 617px\" class=\"wp-caption aligncenter\"><img loading=\"lazy\" decoding=\"async\" src=\"https:\/\/historia.nationalgeographic.com.es\/medio\/2019\/01\/30\/el-resultado-final_86c80317_1200x630.jpg\" alt=\"El Guernica de Picasso paso a paso\" width=\"617\" height=\"324\" \/><figcaption class=\"wp-caption-text\">Recuperado de: https:\/\/historia.nationalgeographic.com.es\/a\/guernica-picasso-paso-a-paso_12698<\/figcaption><\/figure>\n<p style=\"text-align: center;\">\n","protected":false},"excerpt":{"rendered":"<p>Con motivo del 50 aniversario de la muerte del pintor malague\u00f1o Pablo Ru\u00edz Picasso, la ciudad de M\u00e1laga est\u00e1 siendo protagonista de numerosos eventos para conmemorar al citado y reconocido pintor. En primer lugar, podr\u00e1 destacarse que, durante el pasado mes de marzo, cadenas de televisi\u00f3n del Reino Unido y Alemania acudieron a la ciudad [&hellip;]<\/p>\n","protected":false},"author":110,"featured_media":6211,"comment_status":"open","ping_status":"open","sticky":false,"template":"","format":"standard","meta":{"_acf_changed":false,"_monsterinsights_skip_tracking":false,"_monsterinsights_sitenote_active":false,"_monsterinsights_sitenote_note":"","_monsterinsights_sitenote_category":0,"footnotes":""},"categories":[45,46,311,167],"tags":[733,731,732],"class_list":["post-6210","post","type-post","status-publish","format-standard","has-post-thumbnail","hentry","category-boletin-colorao","category-en-la-prensa","category-malaga","category-pintura-escultura","tag-50-aniversario-fallecimiento","tag-picasso","tag-reconocimiento"],"blocksy_meta":[],"acf":[],"jetpack_featured_media_url":"https:\/\/www.upo.es\/patio-colorado\/wp-content\/uploads\/2023\/04\/d.jpg","_links":{"self":[{"href":"https:\/\/www.upo.es\/patio-colorado\/wp-json\/wp\/v2\/posts\/6210","targetHints":{"allow":["GET"]}}],"collection":[{"href":"https:\/\/www.upo.es\/patio-colorado\/wp-json\/wp\/v2\/posts"}],"about":[{"href":"https:\/\/www.upo.es\/patio-colorado\/wp-json\/wp\/v2\/types\/post"}],"author":[{"embeddable":true,"href":"https:\/\/www.upo.es\/patio-colorado\/wp-json\/wp\/v2\/users\/110"}],"replies":[{"embeddable":true,"href":"https:\/\/www.upo.es\/patio-colorado\/wp-json\/wp\/v2\/comments?post=6210"}],"version-history":[{"count":3,"href":"https:\/\/www.upo.es\/patio-colorado\/wp-json\/wp\/v2\/posts\/6210\/revisions"}],"predecessor-version":[{"id":6214,"href":"https:\/\/www.upo.es\/patio-colorado\/wp-json\/wp\/v2\/posts\/6210\/revisions\/6214"}],"wp:featuredmedia":[{"embeddable":true,"href":"https:\/\/www.upo.es\/patio-colorado\/wp-json\/wp\/v2\/media\/6211"}],"wp:attachment":[{"href":"https:\/\/www.upo.es\/patio-colorado\/wp-json\/wp\/v2\/media?parent=6210"}],"wp:term":[{"taxonomy":"category","embeddable":true,"href":"https:\/\/www.upo.es\/patio-colorado\/wp-json\/wp\/v2\/categories?post=6210"},{"taxonomy":"post_tag","embeddable":true,"href":"https:\/\/www.upo.es\/patio-colorado\/wp-json\/wp\/v2\/tags?post=6210"}],"curies":[{"name":"wp","href":"https:\/\/api.w.org\/{rel}","templated":true}]}}