{"id":6215,"date":"2023-04-19T15:01:44","date_gmt":"2023-04-19T15:01:44","guid":{"rendered":"https:\/\/www.upo.es\/patio-colorado\/?p=6215"},"modified":"2023-04-19T15:01:44","modified_gmt":"2023-04-19T15:01:44","slug":"sevilla-en-nueva-york-gracias-a-la-fundacion-focus-loyola","status":"publish","type":"post","link":"https:\/\/www.upo.es\/patio-colorado\/2023\/04\/19\/sevilla-en-nueva-york-gracias-a-la-fundacion-focus-loyola\/","title":{"rendered":"Sevilla en Nueva York gracias a la Fundaci\u00f3n Focus Loyola"},"content":{"rendered":"<p>La pintura \u201cVista de Sevilla\u201d del pintor Juan de Pareja, se encuentra, desde el 3 de abril al 16 de julio, en la exposici\u00f3n del <a href=\"https:\/\/www.metmuseum.org\/?utm_source=google&amp;utm_medium=cpc&amp;utm_campaign=&amp;utm_term=metropolitan%20museum%20of%20art&amp;utm_content=39536&amp;mkwid=s&amp;pcrid=610446548844&amp;pmt=b&amp;pkw=metropolitan%20museum%20of%20art&amp;pdv=c&amp;slid=&amp;product=&amp;gad=1&amp;gclid=CjwKCAjwov6hBhBsEiwAvrvN6PYaa3H77AzyO6J04_Jv2aYsTwiqteBYfdpJSJs6OmLZX98UBpUbkBoCIkQQAvD_BwE\">Metropolitan Museum of Art<\/a> de Nueva York titulada \u201cJuan de Pareja, pintor afrohispano\u201d (Juan de Pareja, Afro-Hispanic Painter).<\/p>\n<p>La exposici\u00f3n pretende destacar los logros art\u00edsticos de Juan de Pareja que trabaj\u00f3 como esclavo en el estudio de Vel\u00e1zquez antes de convertirse en artista por derecho propio. Asimismo, la exposici\u00f3n desea mostrar la importancia del Siglo de Oro espa\u00f1ol con pinturas, esculturas, objetos art\u00edsticos decorativos, libros y documentos hist\u00f3ricos procedentes de colecciones de EE.UU. y Europa y, tambi\u00e9n del acervo del Museo Metropolitano de Arte de Nueva York.<\/p>\n<p>La pintura \u201cVista de Sevilla\u201d nos enmarca la ciudad sevillana en el Siglo de Oro en un continuo movimiento y trasiego de galeones y galeras, pues era puerto y puerta de Am\u00e9rica. La posibilidad de que esta pintura se encuentre en Nueva York es un ejemplo m\u00e1s de un importante proyecto que pretende promocionar la ciudad de Sevilla en un museo que es visitado a diario por miles de personas. Ello es, asimismo, una muestra m\u00e1s del patrimonio art\u00edstico con el que cuenta Sevilla y la importancia de las relaciones internacionales que crean un gran impacto econ\u00f3mico y social.<\/p>\n<figure style=\"width: 441px\" class=\"wp-caption aligncenter\"><img loading=\"lazy\" decoding=\"async\" src=\"https:\/\/img.europapress.es\/fotoweb\/fotonoticia_20230330164055_1200.jpg\" alt=\"La Fundaci\u00f3n Focus Loyola participa en la muestra del Metropolitan de Nueva  York con la pintura 'Vista de Sevilla'\" width=\"441\" height=\"331\" \/><figcaption class=\"wp-caption-text\">Recuperado de: https:\/\/www.europapress.es\/andalucia\/sevilla-00357\/noticia-fundacion-focus-loyola-participa-muestra-metropolitan-nueva-york-pintura-vista-sevilla-20230330164055.html<\/figcaption><\/figure>\n<p>A modo de conclusi\u00f3n, se\u00f1alar\u00e9 las palabras de Anabel Morillo, directora general de la Fundaci\u00f3n Focus Loyola, que permiten recalcar la importancia de la idea anteriormente mencionada: \u201c<em>la excepcionalidad del pr\u00e9stamo de la Fundaci\u00f3n Focus Loyola se debe a la calidad e importancia del proyecto cient\u00edfico ideado por David Pullins, El resultado de los diferentes estudios de investigaci\u00f3n queda patente en el bello cat\u00e1logo de la muestra, editado por el Met y distribuido por la Yale University Press<\/em>\u201d.<\/p>\n","protected":false},"excerpt":{"rendered":"<p>La pintura \u201cVista de Sevilla\u201d del pintor Juan de Pareja, se encuentra, desde el 3 de abril al 16 de julio, en la exposici\u00f3n del Metropolitan Museum of Art de Nueva York titulada \u201cJuan de Pareja, pintor afrohispano\u201d (Juan de Pareja, Afro-Hispanic Painter). La exposici\u00f3n pretende destacar los logros art\u00edsticos de Juan de Pareja que [&hellip;]<\/p>\n","protected":false},"author":110,"featured_media":6216,"comment_status":"open","ping_status":"open","sticky":false,"template":"","format":"standard","meta":{"_acf_changed":false,"_monsterinsights_skip_tracking":false,"_monsterinsights_sitenote_active":false,"_monsterinsights_sitenote_note":"","_monsterinsights_sitenote_category":0,"footnotes":""},"categories":[46,44,301],"tags":[736,735,734],"class_list":["post-6215","post","type-post","status-publish","format-standard","has-post-thumbnail","hentry","category-en-la-prensa","category-patrimonio","category-sevilla","tag-fundacion-focus-loyola","tag-nueva-york","tag-vista-de-sevilla"],"blocksy_meta":[],"acf":[],"jetpack_featured_media_url":"https:\/\/www.upo.es\/patio-colorado\/wp-content\/uploads\/2023\/04\/a.jpg","_links":{"self":[{"href":"https:\/\/www.upo.es\/patio-colorado\/wp-json\/wp\/v2\/posts\/6215","targetHints":{"allow":["GET"]}}],"collection":[{"href":"https:\/\/www.upo.es\/patio-colorado\/wp-json\/wp\/v2\/posts"}],"about":[{"href":"https:\/\/www.upo.es\/patio-colorado\/wp-json\/wp\/v2\/types\/post"}],"author":[{"embeddable":true,"href":"https:\/\/www.upo.es\/patio-colorado\/wp-json\/wp\/v2\/users\/110"}],"replies":[{"embeddable":true,"href":"https:\/\/www.upo.es\/patio-colorado\/wp-json\/wp\/v2\/comments?post=6215"}],"version-history":[{"count":1,"href":"https:\/\/www.upo.es\/patio-colorado\/wp-json\/wp\/v2\/posts\/6215\/revisions"}],"predecessor-version":[{"id":6217,"href":"https:\/\/www.upo.es\/patio-colorado\/wp-json\/wp\/v2\/posts\/6215\/revisions\/6217"}],"wp:featuredmedia":[{"embeddable":true,"href":"https:\/\/www.upo.es\/patio-colorado\/wp-json\/wp\/v2\/media\/6216"}],"wp:attachment":[{"href":"https:\/\/www.upo.es\/patio-colorado\/wp-json\/wp\/v2\/media?parent=6215"}],"wp:term":[{"taxonomy":"category","embeddable":true,"href":"https:\/\/www.upo.es\/patio-colorado\/wp-json\/wp\/v2\/categories?post=6215"},{"taxonomy":"post_tag","embeddable":true,"href":"https:\/\/www.upo.es\/patio-colorado\/wp-json\/wp\/v2\/tags?post=6215"}],"curies":[{"name":"wp","href":"https:\/\/api.w.org\/{rel}","templated":true}]}}