{"id":6257,"date":"2023-04-26T15:02:32","date_gmt":"2023-04-26T15:02:32","guid":{"rendered":"https:\/\/www.upo.es\/patio-colorado\/?p=6257"},"modified":"2023-04-26T15:02:32","modified_gmt":"2023-04-26T15:02:32","slug":"el-nuevo-cuadro-atribuido-a-velazquez-en-la-real-parroquia-de-santa-maria-magdalena-de-sevilla","status":"publish","type":"post","link":"https:\/\/www.upo.es\/patio-colorado\/2023\/04\/26\/el-nuevo-cuadro-atribuido-a-velazquez-en-la-real-parroquia-de-santa-maria-magdalena-de-sevilla\/","title":{"rendered":"El nuevo cuadro atribuido a Vel\u00e1zquez en la Real Parroquia de Santa Mar\u00eda Magdalena de Sevilla"},"content":{"rendered":"<p>La Real Parroquia de Santa Mar\u00eda Magdalena aumenta su patrimonio con una pieza de gran valor art\u00edstico, una donaci\u00f3n pict\u00f3rica atribuida por el Instituto Andaluz de Patrimonio Hist\u00f3rico al famoso pintor barroco Diego Vel\u00e1zquez. Dicha obra ha sido titulada <em>La<\/em>\u00a0<em>Inmaculada con el Ni\u00f1o. <\/em><em>S<\/em>e trata de una donaci\u00f3n realizada por una feligresa, la cual decidi\u00f3 entregar el cuadro en herencia a la iglesia. Esta feligresa fue Soledad de Rojas, fallecida en Sevilla el 23 de julio de 2020, a los 96 a\u00f1os de edad. Este cuadro era una reliquia especial perteneciente a la familia de Soledad, grandes coleccionistas de arte, y el cual la hab\u00eda acompa\u00f1ado durante toda su vida puesto que se hallaba en la cabecera de su cama y all\u00ed hab\u00eda permanecido hasta su muerte.<\/p>\n<p>Cuando Soledad falleci\u00f3 el cuadro fue trasladado a dicha parroquia, donde fue observado y valorado por el historiador del arte Gabriel Ferreras, miembro de su comisi\u00f3n art\u00edstica, quien sugiri\u00f3 que se restaurase en el Instituto Andaluz del Patrimonio Hist\u00f3rico.<\/p>\n<p>Finalmente, el cuadro ha sido restaurado por conjunto de miembros del IAPH que, adem\u00e1s, lo ha sometido a un estudio profundo, consistente en varios estudios hist\u00f3ricos, an\u00e1lisis qu\u00edmicos y fotogr\u00e1ficos, adem\u00e1s de una detallada comparaci\u00f3n con otras obras de Vel\u00e1zquez y de Pacheco, maestro de juventud del pintor. \u00a0Para la atribuci\u00f3n de dicha obra a Vel\u00e1zquez han recogido unas claves que han determinado su autor\u00eda.<\/p>\n<figure style=\"width: 567px\" class=\"wp-caption alignnone\"><img loading=\"lazy\" decoding=\"async\" src=\"https:\/\/fotografias.larazon.es\/clipping\/cmsimages02\/2023\/01\/26\/CAB91E50-04CB-4129-AE3A-24E33BA20339\/inmaculada-nino-iglesia-magdalena-sevilla_67.jpg?crop=865,1525,x169,y0&amp;width=567&amp;height=1000&amp;optimize=high&amp;format=webply\" alt=\"La &amp;quot;Inmaculada con el ni\u00f1o&amp;quot;, de la Iglesia de la Magdalena de Sevilla\" width=\"567\" height=\"1000\" \/><figcaption class=\"wp-caption-text\">Fuente: La Raz\u00f3n https:\/\/www.larazon.es\/cultura\/atribuyen-velazquez-inmaculada-nino-iglesia-magdalena-sevilla_2023012663d22cd83c81f20001e4049d.html<\/figcaption><\/figure>\n<p>Unas de las principales claves son las t\u00e9cnicas que Vel\u00e1zquez repiti\u00f3 en toda su trayectoria y que se observan en esta obra. Por ejemplo, el uso de una pincelada m\u00e1s larga o el blanco que caracteriza las siluetas de las figuras. Tambi\u00e9n destaca el tratamiento de los ropajes en sus pliegues y el naturalismo con el que retrataba a las personas, que lo diferenciaban de su maestro Pacheco, quien era m\u00e1s idealista en su forma de retratar.<\/p>\n<p>Otra diferencia que se estableci\u00f3 entre Vel\u00e1zquez y su maestro fue el tratamiento de las estrellas. Mientras que Pacheco las hac\u00eda de seis u ocho puntas, Vel\u00e1zquez siempre las representaba como puntos de luz.<\/p>\n<p>Por \u00faltimo, el conjunto del IAPH ha se\u00f1alado un detalle muy interesante en dicha obra y se trata de la presencia de la firma del autor camuflada en el gale\u00f3n que aparece en el cuadro. Gracias a un fallo observado con respecto a la perspectiva del cuadro se ha podido observar c\u00f3mo las velas y m\u00e1stiles forman el anagrama D D V, iniciales que utilizaba Vel\u00e1zquez en sus primeras firmas.<\/p>\n<p><img loading=\"lazy\" decoding=\"async\" class=\"alignnone  wp-image-6259\" src=\"https:\/\/www.upo.es\/patio-colorado\/wp-content\/uploads\/2023\/04\/WhatsApp-Image-2023-04-26-at-16.46.53-169x300.jpeg\" alt=\"\" width=\"315\" height=\"559\" srcset=\"https:\/\/www.upo.es\/patio-colorado\/wp-content\/uploads\/2023\/04\/WhatsApp-Image-2023-04-26-at-16.46.53-169x300.jpeg 169w, https:\/\/www.upo.es\/patio-colorado\/wp-content\/uploads\/2023\/04\/WhatsApp-Image-2023-04-26-at-16.46.53-576x1024.jpeg 576w, https:\/\/www.upo.es\/patio-colorado\/wp-content\/uploads\/2023\/04\/WhatsApp-Image-2023-04-26-at-16.46.53-768x1365.jpeg 768w, https:\/\/www.upo.es\/patio-colorado\/wp-content\/uploads\/2023\/04\/WhatsApp-Image-2023-04-26-at-16.46.53-864x1536.jpeg 864w, https:\/\/www.upo.es\/patio-colorado\/wp-content\/uploads\/2023\/04\/WhatsApp-Image-2023-04-26-at-16.46.53.jpeg 1125w\" sizes=\"auto, (max-width: 315px) 100vw, 315px\" \/><\/p>\n<p>Fuente: Fotograf\u00eda propia<\/p>\n<p>Actualmente, el cuadro permanece expuesto en el museo del coro alto de la Real Parroquia de Santa Mar\u00eda Magdalena, una de las iglesias m\u00e1s importantes de Sevilla, que originalmente fue Convento de San Pablo el Real. Dicha iglesia en su conjunto constituye una obra art\u00edstica e hist\u00f3rica de una enorme envergadura. En su interior se encuentra decorada con pinturas murales y diversas obras de los mejores escultores sevillanos como Juan Bautista V\u00e1zquez el Viejo, Jer\u00f3nimo Hern\u00e1ndez, Juan de Mesa o Pedro Rold\u00e1n. Tambi\u00e9n alberga un extraordinario patrimonio pict\u00f3rico de grandes pintores sevillanos como Francisco de Zurbar\u00e1n,\u00a0Francisco Pacheco y Vald\u00e9s Leal.<\/p>\n<p>Por lo tanto, su visita puede resultar una experiencia enriquecedora para disfrutar de una obra maestra dentro de otra gran obra maestra como es la Real Parroquia de Santa Mar\u00eda Magdalena en su conjunto.<\/p>\n","protected":false},"excerpt":{"rendered":"<p>La Real Parroquia de Santa Mar\u00eda Magdalena aumenta su patrimonio con una pieza de gran valor art\u00edstico, una donaci\u00f3n pict\u00f3rica atribuida por el Instituto Andaluz de Patrimonio Hist\u00f3rico al famoso pintor barroco Diego Vel\u00e1zquez. Dicha obra ha sido titulada La\u00a0Inmaculada con el Ni\u00f1o. Se trata de una donaci\u00f3n realizada por una feligresa, la cual decidi\u00f3 [&hellip;]<\/p>\n","protected":false},"author":41,"featured_media":0,"comment_status":"open","ping_status":"open","sticky":false,"template":"","format":"standard","meta":{"_acf_changed":false,"_monsterinsights_skip_tracking":false,"_monsterinsights_sitenote_active":false,"_monsterinsights_sitenote_note":"","_monsterinsights_sitenote_category":0,"footnotes":""},"categories":[1],"tags":[],"class_list":["post-6257","post","type-post","status-publish","format-standard","hentry","category-sin-categoria"],"blocksy_meta":[],"acf":[],"jetpack_featured_media_url":"","_links":{"self":[{"href":"https:\/\/www.upo.es\/patio-colorado\/wp-json\/wp\/v2\/posts\/6257","targetHints":{"allow":["GET"]}}],"collection":[{"href":"https:\/\/www.upo.es\/patio-colorado\/wp-json\/wp\/v2\/posts"}],"about":[{"href":"https:\/\/www.upo.es\/patio-colorado\/wp-json\/wp\/v2\/types\/post"}],"author":[{"embeddable":true,"href":"https:\/\/www.upo.es\/patio-colorado\/wp-json\/wp\/v2\/users\/41"}],"replies":[{"embeddable":true,"href":"https:\/\/www.upo.es\/patio-colorado\/wp-json\/wp\/v2\/comments?post=6257"}],"version-history":[{"count":1,"href":"https:\/\/www.upo.es\/patio-colorado\/wp-json\/wp\/v2\/posts\/6257\/revisions"}],"predecessor-version":[{"id":6260,"href":"https:\/\/www.upo.es\/patio-colorado\/wp-json\/wp\/v2\/posts\/6257\/revisions\/6260"}],"wp:attachment":[{"href":"https:\/\/www.upo.es\/patio-colorado\/wp-json\/wp\/v2\/media?parent=6257"}],"wp:term":[{"taxonomy":"category","embeddable":true,"href":"https:\/\/www.upo.es\/patio-colorado\/wp-json\/wp\/v2\/categories?post=6257"},{"taxonomy":"post_tag","embeddable":true,"href":"https:\/\/www.upo.es\/patio-colorado\/wp-json\/wp\/v2\/tags?post=6257"}],"curies":[{"name":"wp","href":"https:\/\/api.w.org\/{rel}","templated":true}]}}