{"id":6298,"date":"2023-04-28T17:51:44","date_gmt":"2023-04-28T17:51:44","guid":{"rendered":"https:\/\/www.upo.es\/patio-colorado\/?p=6298"},"modified":"2023-04-28T18:11:48","modified_gmt":"2023-04-28T18:11:48","slug":"la-casa-de-pilatos-como-centro-acogedor-de-la-musica","status":"publish","type":"post","link":"https:\/\/www.upo.es\/patio-colorado\/2023\/04\/28\/la-casa-de-pilatos-como-centro-acogedor-de-la-musica\/","title":{"rendered":"La Casa de Pilatos como centro acogedor de la m\u00fasica"},"content":{"rendered":"<p>Desde mi perspectiva como migrante, creo que muchos de los viajeros que visitan Sevilla no se replantean acudir a otros lugares que no sean la Catedral, la Giralda o el Alc\u00e1zar, y es una verdadera l\u00e1stima, porque no disfrutan parte del patrimonio hispalense que sigue siendo igual de relevante e impactante, como el edificio que voy a mencionar a continuaci\u00f3n.<\/p>\n<p>Se trata de la Casa de Pilatos, un palacio de finales del siglo XV situado en el centro hist\u00f3rico de Sevilla, que naci\u00f3 fruto de los linajes de Enr\u00edquez y Ribera, tal y como nos cuenta la Fundaci\u00f3n Medinaceli (<a href=\"http:\/\/www.fundacionmedinaceli.org\/monumentos\/pilatos\/\">http:\/\/www.fundacionmedinaceli.org\/monumentos\/pilatos\/<\/a>). Gracias al perseverante contacto con Italia, el edificio sufri\u00f3 transformaciones que se vieron influenciadas por el per\u00edodo del Renacimiento, as\u00ed como de otros estilos como el Romanticismo o el G\u00f3tico-Mud\u00e9jar. El palacio consta de dos plantas y se desarrolla alrededor de dos patios, el de ingreso y el principal y presenta adem\u00e1s dos jardines, el chico y el grande.<\/p>\n<p><img loading=\"lazy\" decoding=\"async\" class=\"alignnone wp-image-6299\" src=\"https:\/\/www.upo.es\/patio-colorado\/wp-content\/uploads\/2023\/04\/main_image_43111-300x169.jpeg\" alt=\"\" width=\"391\" height=\"220\" srcset=\"https:\/\/www.upo.es\/patio-colorado\/wp-content\/uploads\/2023\/04\/main_image_43111-300x169.jpeg 300w, https:\/\/www.upo.es\/patio-colorado\/wp-content\/uploads\/2023\/04\/main_image_43111-1024x576.jpeg 1024w, https:\/\/www.upo.es\/patio-colorado\/wp-content\/uploads\/2023\/04\/main_image_43111-768x432.jpeg 768w, https:\/\/www.upo.es\/patio-colorado\/wp-content\/uploads\/2023\/04\/main_image_43111-1536x864.jpeg 1536w, https:\/\/www.upo.es\/patio-colorado\/wp-content\/uploads\/2023\/04\/main_image_43111-2048x1152.jpeg 2048w\" sizes=\"auto, (max-width: 391px) 100vw, 391px\" \/><\/p>\n<p>Fuente: <a href=\"https:\/\/www.andalucia.org\/es\/sevilla-turismo-cultural-casa-de-pilatos\">https:\/\/www.andalucia.org\/es\/sevilla-turismo-cultural-casa-de-pilatos<\/a><\/p>\n<p>Una vez explicados muy brevemente los or\u00edgenes por los que atraviesa dicha edificaci\u00f3n, cabe destacar que ha experimentado adem\u00e1s determinados acontecimientos hist\u00f3ricos al formar parte de la capital andaluza, como la denominaci\u00f3n de dicha ciudad como Reino de Sevilla o la atribuci\u00f3n a Vel\u00e1zquez como pintor de la Corte de Felipe IV. Por ello, se ha decidido que tanto el 4 como el 11 de mayo a las 19h se utilizar\u00e1 como centro acogedor de la m\u00fasica, precisamente para conmemorar estas dos efem\u00e9rides en este mismo orden.<\/p>\n<p>Dichos conciertos, de los que se ha encargado el Ayuntamiento de Sevilla a trav\u00e9s del Instituto de Cultura y las Artes de Sevilla, ser\u00e1n gratuitos de m\u00fasica antigua, y los gestionar\u00e1n las agrupaciones musicales Carmina Terrarum y Ministriles Hispalensis; la primera de ellas contar\u00e1 con la participaci\u00f3n de un music\u00f3logo marroqu\u00ed especialista en la m\u00fasica andalus\u00ed llamado Amin Chaachoo; la segunda, en cambio, est\u00e1 especializada en m\u00fasica renacentista y recrear\u00e1 a trav\u00e9s de la m\u00fasica la vida de dicho pintor, contextualiz\u00e1ndolo en su \u00e9poca, los siglos XVI-XVII, adem\u00e1s de contar con la presencia de actrices y escritoras que narrar\u00e1n textos relacionados con este personaje. Una vez m\u00e1s, observamos la importancia de la cultura: la necesidad del patrimonio como centro acogedor de m\u00e1s patrimonio. En este caso, el patrimonio musical dentro del patrimonio arquitect\u00f3nico.<\/p>\n<p>Fuente: Sevillaactualidad. Recuperado de: \u00a0<a href=\"https:\/\/www.sevillaactualidad.com\/cultura\/518362-conciertos-gratuitos-casa-de-pilatos\/\">https:\/\/www.sevillaactualidad.com\/cultura\/518362-conciertos-gratuitos-casa-de-pilatos\/<\/a><\/p>\n","protected":false},"excerpt":{"rendered":"<p>Desde mi perspectiva como migrante, creo que muchos de los viajeros que visitan Sevilla no se replantean acudir a otros lugares que no sean la Catedral, la Giralda o el Alc\u00e1zar, y es una verdadera l\u00e1stima, porque no disfrutan parte del patrimonio hispalense que sigue siendo igual de relevante e impactante, como el edificio que [&hellip;]<\/p>\n","protected":false},"author":106,"featured_media":6299,"comment_status":"open","ping_status":"open","sticky":false,"template":"","format":"standard","meta":{"_acf_changed":false,"_monsterinsights_skip_tracking":false,"_monsterinsights_sitenote_active":false,"_monsterinsights_sitenote_note":"","_monsterinsights_sitenote_category":0,"footnotes":""},"categories":[12,186,170,301],"tags":[347],"class_list":["post-6298","post","type-post","status-publish","format-standard","has-post-thumbnail","hentry","category-eventos","category-literatura-musica","category-monumentos-y-turismo","category-sevilla","tag-casadepilatos"],"blocksy_meta":[],"acf":[],"jetpack_featured_media_url":"https:\/\/www.upo.es\/patio-colorado\/wp-content\/uploads\/2023\/04\/main_image_43111-scaled.jpeg","_links":{"self":[{"href":"https:\/\/www.upo.es\/patio-colorado\/wp-json\/wp\/v2\/posts\/6298","targetHints":{"allow":["GET"]}}],"collection":[{"href":"https:\/\/www.upo.es\/patio-colorado\/wp-json\/wp\/v2\/posts"}],"about":[{"href":"https:\/\/www.upo.es\/patio-colorado\/wp-json\/wp\/v2\/types\/post"}],"author":[{"embeddable":true,"href":"https:\/\/www.upo.es\/patio-colorado\/wp-json\/wp\/v2\/users\/106"}],"replies":[{"embeddable":true,"href":"https:\/\/www.upo.es\/patio-colorado\/wp-json\/wp\/v2\/comments?post=6298"}],"version-history":[{"count":3,"href":"https:\/\/www.upo.es\/patio-colorado\/wp-json\/wp\/v2\/posts\/6298\/revisions"}],"predecessor-version":[{"id":6302,"href":"https:\/\/www.upo.es\/patio-colorado\/wp-json\/wp\/v2\/posts\/6298\/revisions\/6302"}],"wp:featuredmedia":[{"embeddable":true,"href":"https:\/\/www.upo.es\/patio-colorado\/wp-json\/wp\/v2\/media\/6299"}],"wp:attachment":[{"href":"https:\/\/www.upo.es\/patio-colorado\/wp-json\/wp\/v2\/media?parent=6298"}],"wp:term":[{"taxonomy":"category","embeddable":true,"href":"https:\/\/www.upo.es\/patio-colorado\/wp-json\/wp\/v2\/categories?post=6298"},{"taxonomy":"post_tag","embeddable":true,"href":"https:\/\/www.upo.es\/patio-colorado\/wp-json\/wp\/v2\/tags?post=6298"}],"curies":[{"name":"wp","href":"https:\/\/api.w.org\/{rel}","templated":true}]}}