{"id":6310,"date":"2023-04-30T11:17:54","date_gmt":"2023-04-30T11:17:54","guid":{"rendered":"https:\/\/www.upo.es\/patio-colorado\/?p=6310"},"modified":"2023-04-30T11:22:08","modified_gmt":"2023-04-30T11:22:08","slug":"revista-erato-entrevista-a-miguel-fernandez-iruzubieta-2","status":"publish","type":"post","link":"https:\/\/www.upo.es\/patio-colorado\/2023\/04\/30\/revista-erato-entrevista-a-miguel-fernandez-iruzubieta-2\/","title":{"rendered":"Revista Erat\u00f3: Entrevista a Miguel Fern\u00e1ndez Iruzubieta"},"content":{"rendered":"<p><span style=\"font-weight: 400\">En esta publicaci\u00f3n tengo el placer de presentarles la entrevista que pude hacerle a Miguel Fern\u00e1ndez Iruzubieta, uno de los miembros de la revista que abordaremos a continuaci\u00f3n. La revista de la que hablaremos en esta publicaci\u00f3n, <\/span><b>Erat\u00f3<\/b><span style=\"font-weight: 400\">, es una creaci\u00f3n universitaria que surgi\u00f3 a partir de la colaboraci\u00f3n de tres estudiantes que asistieron juntos a un taller de edici\u00f3n. Para evitar revelar demasiado, los invito a continuar leyendo la entrevista en la que Miguel compartir\u00e1 con nosotros todo tipo de detalles acerca de esta iniciativa tan interesante, como los or\u00edgenes de la idea, los diferentes estilos y tem\u00e1ticas abordados en sus ediciones, y los requisitos para publicar como autor en la revista. Adem\u00e1s, tambi\u00e9n nos brindar\u00e1 valiosos consejos para aquellos que est\u00e9n interesados en embarcarse en un proyecto similar, destacando la importancia de encontrar compa\u00f1eros con gustos similares y mucha pasi\u00f3n e ilusi\u00f3n.\u00a0 As\u00ed que sin m\u00e1s pre\u00e1mbulos, \u00a1empecemos!<\/span><\/p>\n<p><span style=\"font-weight: 400\">Anastasia: <\/span><b>Antes de nada, \u00bfqu\u00e9 es Erat\u00f3 y qui\u00e9nes forman parte de ello?<\/b><\/p>\n<p><span style=\"font-weight: 400\">Miguel: Erat\u00f3 es una revista universitaria con un enfoque social, que recibe contribuciones en forma de relatos, poemas y arte. Est\u00e1 formada por tres miembros: Sandra P\u00e9rez Serrano, Nerea Quesada Valdivia y yo, Miguel Fern\u00e1ndez Iruzubieta.<\/span><\/p>\n<p><span style=\"font-weight: 400\">A: <\/span><b>\u00bfPodr\u00edas hablarnos sobre los or\u00edgenes de esta iniciativa y en qu\u00e9 lugar surgi\u00f3?<\/b><\/p>\n<p><span style=\"font-weight: 400\">M: La idea surgi\u00f3 en el Laboratorio de Creaci\u00f3n Literaria y Editorial (LACRE), fue en CICUS (Centro de Iniciativas Culturales de la Universidad de Sevilla) el a\u00f1o pasado. <\/span><span style=\"font-weight: 400\">En un principio, la idea de crear una revista surgi\u00f3 y se desarroll\u00f3 durante el verano, aunque su formato original era muy diferente al actual. Era m\u00e1s bien un pasqu\u00edn de una sola p\u00e1gina donde se compart\u00edan noticias sobre traducci\u00f3n, y no estaba enfocado en arte o poes\u00eda. Cuando los tres miembros nos reunimos nuevamente despu\u00e9s del verano, hablamos sobre c\u00f3mo quer\u00edamos llevar adelante esta idea y poco a poco comenzamos a darle forma a lo que hoy conocemos como la revista Erat\u00f3.<\/span><\/p>\n<p><span style=\"font-weight: 400\">A: <\/span><b>\u00bfPodr\u00edas contarnos un poco acerca del dise\u00f1o y contenido de cada una de las publicaciones de la revista?<\/b><\/p>\n<p><span style=\"font-weight: 400\">M: Hasta ahora hemos publicado 6 n\u00fameros. En cuanto al dise\u00f1o, todas las publicaciones siguen una estructura similar. En la portada se incluye una ilustraci\u00f3n proporcionada por un artista, seguida de tres poemas consecutivos, un relato intercalado, una secci\u00f3n de cultura y finalmente los cr\u00e9ditos. Esto se debi\u00f3 a que, al principio, nos preguntamos qu\u00e9 tipo de colaboraciones recibir\u00edamos, y al ver que la mayor\u00eda eran poemas, nos planteamos c\u00f3mo organizarlos en la revista. Fue as\u00ed que en el primer n\u00famero, publicado en noviembre, empezamos a experimentar con diferentes formatos hasta que finalmente dimos con el modelo actual a trav\u00e9s de prueba y error.\u00a0<\/span><\/p>\n<p><span style=\"font-weight: 400\">A: <\/span><b>\u00bfPodr\u00edas hablarnos en detalle sobre la edici\u00f3n especial de marzo?<\/b><\/p>\n<p><span style=\"font-weight: 400\">M: La edici\u00f3n especial de marzo estuvo enfocada en el D\u00eda de la Mujer, y quisimos publicarla temprano en el mes para que estuviera disponible antes del 8 de marzo. En otras ocasiones hemos publicado la revista a mediados de mes, pero en esta ocasi\u00f3n nos aseguramos de tenerla lista temprano y acab\u00f3 public\u00e1ndose el 7 de marzo. Esta edici\u00f3n fue un poco ca\u00f3tica ya que no se trataba simplemente de seleccionar poemas enviados, sino que contactamos directamente con poetas para pedirles que crearan algo inspirado en el 8M. Adem\u00e1s, siempre contamos con Roc\u00edo, que es una chica fant\u00e1stica que nos hace rese\u00f1as incre\u00edbles. En fin, fue ca\u00f3tica porque acabamos recibiendo todo el material el d\u00eda anterior a la impresi\u00f3n final, por otro lado, a la ilustradora de esta edici\u00f3n se le borr\u00f3 la ilustraci\u00f3n el d\u00eda de antes, por lo que tuvo que volver a crearla r\u00e1pidamente aunque finalmente pudo recuperar parte de ella y al final acab\u00f3 saliendo, con algunos retoques pero acab\u00f3 saliendo.\u00a0<\/span><\/p>\n<p><span style=\"font-weight: 400\">A: <\/span><b>\u00bfQu\u00e9 hay que hacer para publicar con Erat\u00f3?<\/b><\/p>\n<p><span style=\"font-weight: 400\">M: Simplemente solo necesitas mandarnos un mensaje a trav\u00e9s de nuestras redes sociales (@eratorevista), no hay requisitos en cuanto a la universidad a la que perteneces o la edad que tengas. S\u00ed es cierto que es una revista que est\u00e1 orientada hacia un p\u00fablico joven y de la Facultad de Humanidades que es donde nos encontramos, pero al final hemos publicado a autores de diversos lugares, incluso de Valencia. Una vez recibido el mensaje, nos ponemos en contacto y se publica el material.<\/span><\/p>\n<p><span style=\"font-weight: 400\">A: <\/span><b>\u00bfSent\u00eds el apoyo de vuestros compa\u00f1eros\/amigos en este proyecto?<\/b><\/p>\n<p><span style=\"font-weight: 400\">M: \u00a1Much\u00edsimo! Hasta que no sali\u00f3 el primer n\u00famero f\u00edsicamente no les dijimos nada, lo mantuvimos en secreto hasta el mismo d\u00eda de la publicaci\u00f3n.\u00a0<\/span><span style=\"font-weight: 400\">Siempre se han volcado much\u00edsimo, cada vez que publicamos un n\u00famero lo comparten en sus redes sociales en forma de apoyo y son los primeros en comprarlos. Tener a un grupo as\u00ed detr\u00e1s es fant\u00e1stico, sobre todo la gente de doble grado que es la que m\u00e1s nos apoya, porque al final es lo que les gusta. No conocemos a mucha gente del grado de Humanidades, pero me imagino que se volcar\u00edan de la misma forma.\u00a0<\/span><\/p>\n<p><span style=\"font-weight: 400\">A: <\/span><b>Nos podr\u00edas compartir tu experiencia en cuanto a los aspectos financieros, \u00bfcu\u00e1l es el costo de obtener una copia? \u00bfEs posible generar ganancias, aunque sean peque\u00f1as, en este tipo de proyecto?<\/b><\/p>\n<p><span style=\"font-weight: 400\">M: Quer\u00edamos que el precio de las copias fuera accesible para los estudiantes, por lo que lo establecimos en 0.50 c\u00e9ntimos, es decir, que no te cueste m\u00e1s que un caf\u00e9 b\u00e1sicamente. En t\u00e9rminos financieros, nuestro proyecto no es complicado ya que solo necesitamos papel y dinero para imprimir. Afortunadamente, el precio que establecimos para la revista cubre los costos de impresi\u00f3n y nos deja con un peque\u00f1o beneficio que, aunque es min\u00fasculo, nos permite comprar suministros adicionales, como grapadoras o papel especial para futuras ediciones. Actualmente, despu\u00e9s de cinco meses, nuestro beneficio total es de 8 euros por persona, pero planeamos utilizarlo en el futuro para cuando tengamos que imprimir grandes cantidades. En resumen, hasta ahora no hemos tenido que gastar nada de nuestros propios bolsillos pero tampoco lo consideramos como una fuente de ingresos.<\/span><\/p>\n<p><span style=\"font-weight: 400\">A: <\/span><b>\u00bfCreen que la Universidad Pablo de Olavide podr\u00eda brindarles alg\u00fan tipo de ayuda financiera?<\/b><\/p>\n<p><span style=\"font-weight: 400\">M: Por ahora no hemos recibido ninguna ayuda pero porque tampoco se la hemos pedido directamente. S\u00ed que es verdad que los profesores y la gente de la universidad que conocen nuestro proyecto siempre nos han apoyado, por ejemplo Alberto Marina Castillo.\u00a0 Por otro lado, me gustar\u00eda darle las gracias al profesor Daniel Nisa, a quien le regal\u00e9 los primeros n\u00fameros de Erat\u00f3 y nos envi\u00f3 un correo electr\u00f3nico con una rese\u00f1a y palabras muy bonitas sobre la revista. No hemos podido solicitar la ayuda institucional porque perdimos el plazo para solicitarla. Es posible que hubi\u00e9ramos obtenido esa ayuda de la universidad si lo hubi\u00e9ramos hecho a tiempo\u2026\u00a0<\/span><\/p>\n<p><span style=\"font-weight: 400\">A: <\/span><b>\u00bfCu\u00e1l es tu opini\u00f3n sobre las oportunidades de formaci\u00f3n en el mundo editorial que se pueden encontrar fuera del aula pero dentro del campus de la UPO?<\/b><\/p>\n<p><span style=\"font-weight: 400\">M: La Facultad de Humanidades s\u00ed que proporciona bastantes charlas y un mont\u00f3n de cosas relacionadas con el tema, todos los a\u00f1os se hace un taller de correcci\u00f3n y edici\u00f3n que es fant\u00e1stico, lo organizan Alberto Marina Castillo y C\u00e9sar de Bordons Ort\u00edz del Laboratorio de Creaci\u00f3n Literaria y Editorial (LACRE) que mencionaba antes. As\u00ed como dentro de las aulas, hay una asignatura para estudiantes de traducci\u00f3n llamada \u201cEdici\u00f3n y Maquetaci\u00f3n de Textos\u201d que es bastante \u00fatil para iniciarse y obtener los conocimientos b\u00e1sicos. En general hay algunas que otras actividades que fomentan un clima creativo para los estudiantes.\u00a0<\/span><\/p>\n<p><span style=\"font-weight: 400\">A: <\/span><b>\u00bfAlg\u00fan peque\u00f1o spoiler acerca de la pr\u00f3xima edici\u00f3n?<\/b><\/p>\n<p><span style=\"font-weight: 400\">M: Justo acabamos de publicar la edici\u00f3n de abril que pod\u00e9is ver en nuestras redes sociales, lo que s\u00ed que me gustar\u00eda destacar es la ilustraci\u00f3n de mayo que para m\u00ed es la m\u00e1s bonita de todas hasta ahora. Nos la est\u00e1 haciendo una chica del m\u00e1ster y para el d\u00eda de su publicaci\u00f3n, 3 de mayo, \u00a0queremos hacer una presentaci\u00f3n especial, ya ten\u00e9is toda la informaci\u00f3n disponible acerca del evento.\u00a0<\/span><\/p>\n<figure id=\"attachment_6285\" aria-describedby=\"caption-attachment-6285\" style=\"width: 236px\" class=\"wp-caption aligncenter\"><img loading=\"lazy\" decoding=\"async\" class=\"wp-image-6285\" src=\"https:\/\/www.upo.es\/patio-colorado\/wp-content\/uploads\/2023\/04\/IMG-3395-168x300.jpg\" alt=\"\" width=\"236\" height=\"422\" srcset=\"https:\/\/www.upo.es\/patio-colorado\/wp-content\/uploads\/2023\/04\/IMG-3395-168x300.jpg 168w, https:\/\/www.upo.es\/patio-colorado\/wp-content\/uploads\/2023\/04\/IMG-3395-573x1024.jpg 573w, https:\/\/www.upo.es\/patio-colorado\/wp-content\/uploads\/2023\/04\/IMG-3395-768x1372.jpg 768w, https:\/\/www.upo.es\/patio-colorado\/wp-content\/uploads\/2023\/04\/IMG-3395-860x1536.jpg 860w, https:\/\/www.upo.es\/patio-colorado\/wp-content\/uploads\/2023\/04\/IMG-3395.jpg 1088w\" sizes=\"auto, (max-width: 236px) 100vw, 236px\" \/><figcaption id=\"caption-attachment-6285\" class=\"wp-caption-text\">@eratorevista<\/figcaption><\/figure>\n<p><span style=\"font-weight: 400\">A: <\/span><b>Para finalizar, \u00bfpodr\u00edas dar un consejo para todos aquellos que tienen inter\u00e9s en crear algo pero no saben c\u00f3mo dar el primer paso?<\/b><\/p>\n<p><span style=\"font-weight: 400\">M: Lo mejor es ir a charlas, moverse y asistir a todo tipo de presentaciones y actividades. Estos encuentros pueden inspirarte y motivarte a dar el primer paso, tener ese puntito de aprender por tu cuenta, porque al final si quieres hacer algo del mundo editorial es importante tener conocimientos en programas como InDesign, por ejemplo. Hay que tener actitud y sobre todo ganas, para ver esos eternos tutoriales de Youtube de 3 horas y as\u00ed ir aprendiendo poco a poco a usar el programa, no hay otra. Aunque hay cursos disponibles si est\u00e1s dispuesto a invertir dinero en tu formaci\u00f3n, pero si no quieres gastar el dinero que es lo normal, tutoriales y a esforzarte por tu cuenta. Por ello, lo esencial es tener curiosidad y pasi\u00f3n por aprender, ya que el proceso de convertir una idea en algo material puede resultar un poco complicado, pero si consigues superar ese momento que es el m\u00e1s dif\u00edcil, el resto ser\u00e1 mucho m\u00e1s f\u00e1cil y todo ir\u00e1 para adelante.\u00a0<\/span><\/p>\n<p><span style=\"font-weight: 400\">Y as\u00ed concluimos esta entrevista sobre la revista Erat\u00f3. Agradezco enormemente a Miguel por tomarse el tiempo de responder a todas mis preguntas. Les animo a seguirles en sus redes sociales, Instagram (<\/span><a href=\"https:\/\/www.instagram.com\/eratorevista\/\"><span style=\"font-weight: 400\">https:\/\/www.instagram.com\/eratorevista\/<\/span><\/a><span style=\"font-weight: 400\">) y Twitter (<a href=\"https:\/\/twitter.com\/eratorevista\">https:\/\/twitter.com\/eratorevista<\/a>), y a participar en esta hermosa iniciativa, ya sea como autores o lectores.<\/span><\/p>\n<p><img loading=\"lazy\" decoding=\"async\" class=\"wp-image-6304 aligncenter\" src=\"https:\/\/www.upo.es\/patio-colorado\/wp-content\/uploads\/2023\/04\/1f713947-5934-422c-91e6-508dc0a4e223-300x169.jpg\" alt=\"\" width=\"551\" height=\"311\" srcset=\"https:\/\/www.upo.es\/patio-colorado\/wp-content\/uploads\/2023\/04\/1f713947-5934-422c-91e6-508dc0a4e223-300x169.jpg 300w, https:\/\/www.upo.es\/patio-colorado\/wp-content\/uploads\/2023\/04\/1f713947-5934-422c-91e6-508dc0a4e223-1024x576.jpg 1024w, https:\/\/www.upo.es\/patio-colorado\/wp-content\/uploads\/2023\/04\/1f713947-5934-422c-91e6-508dc0a4e223-768x432.jpg 768w, https:\/\/www.upo.es\/patio-colorado\/wp-content\/uploads\/2023\/04\/1f713947-5934-422c-91e6-508dc0a4e223-1536x864.jpg 1536w, https:\/\/www.upo.es\/patio-colorado\/wp-content\/uploads\/2023\/04\/1f713947-5934-422c-91e6-508dc0a4e223.jpg 1920w\" sizes=\"auto, (max-width: 551px) 100vw, 551px\" \/><\/p>\n","protected":false},"excerpt":{"rendered":"<p>En esta publicaci\u00f3n tengo el placer de presentarles la entrevista que pude hacerle a Miguel Fern\u00e1ndez Iruzubieta, uno de los miembros de la revista que abordaremos a continuaci\u00f3n. La revista de la que hablaremos en esta publicaci\u00f3n, Erat\u00f3, es una creaci\u00f3n universitaria que surgi\u00f3 a partir de la colaboraci\u00f3n de tres estudiantes que asistieron juntos [&hellip;]<\/p>\n","protected":false},"author":35,"featured_media":6281,"comment_status":"open","ping_status":"open","sticky":false,"template":"","format":"standard","meta":{"_acf_changed":false,"_monsterinsights_skip_tracking":false,"_monsterinsights_sitenote_active":false,"_monsterinsights_sitenote_note":"","_monsterinsights_sitenote_category":0,"footnotes":""},"categories":[45,1,137,12,186],"tags":[],"class_list":["post-6310","post","type-post","status-publish","format-standard","has-post-thumbnail","hentry","category-boletin-colorao","category-sin-categoria","category-entrevistas","category-eventos","category-literatura-musica"],"blocksy_meta":[],"acf":[],"jetpack_featured_media_url":"https:\/\/www.upo.es\/patio-colorado\/wp-content\/uploads\/2023\/04\/IMG-3390-e1682690020441.jpg","_links":{"self":[{"href":"https:\/\/www.upo.es\/patio-colorado\/wp-json\/wp\/v2\/posts\/6310","targetHints":{"allow":["GET"]}}],"collection":[{"href":"https:\/\/www.upo.es\/patio-colorado\/wp-json\/wp\/v2\/posts"}],"about":[{"href":"https:\/\/www.upo.es\/patio-colorado\/wp-json\/wp\/v2\/types\/post"}],"author":[{"embeddable":true,"href":"https:\/\/www.upo.es\/patio-colorado\/wp-json\/wp\/v2\/users\/35"}],"replies":[{"embeddable":true,"href":"https:\/\/www.upo.es\/patio-colorado\/wp-json\/wp\/v2\/comments?post=6310"}],"version-history":[{"count":2,"href":"https:\/\/www.upo.es\/patio-colorado\/wp-json\/wp\/v2\/posts\/6310\/revisions"}],"predecessor-version":[{"id":6312,"href":"https:\/\/www.upo.es\/patio-colorado\/wp-json\/wp\/v2\/posts\/6310\/revisions\/6312"}],"wp:featuredmedia":[{"embeddable":true,"href":"https:\/\/www.upo.es\/patio-colorado\/wp-json\/wp\/v2\/media\/6281"}],"wp:attachment":[{"href":"https:\/\/www.upo.es\/patio-colorado\/wp-json\/wp\/v2\/media?parent=6310"}],"wp:term":[{"taxonomy":"category","embeddable":true,"href":"https:\/\/www.upo.es\/patio-colorado\/wp-json\/wp\/v2\/categories?post=6310"},{"taxonomy":"post_tag","embeddable":true,"href":"https:\/\/www.upo.es\/patio-colorado\/wp-json\/wp\/v2\/tags?post=6310"}],"curies":[{"name":"wp","href":"https:\/\/api.w.org\/{rel}","templated":true}]}}