{"id":6320,"date":"2023-04-30T17:54:27","date_gmt":"2023-04-30T17:54:27","guid":{"rendered":"https:\/\/www.upo.es\/patio-colorado\/?p=6320"},"modified":"2023-04-30T17:54:27","modified_gmt":"2023-04-30T17:54:27","slug":"la-musica-y-la-naturaleza-se-fusionan-en-sevilla-los-mejores-planes-al-aire-libre","status":"publish","type":"post","link":"https:\/\/www.upo.es\/patio-colorado\/2023\/04\/30\/la-musica-y-la-naturaleza-se-fusionan-en-sevilla-los-mejores-planes-al-aire-libre\/","title":{"rendered":"La m\u00fasica y la naturaleza se fusionan en Sevilla: los mejores planes al aire libre"},"content":{"rendered":"<p><span style=\"font-weight: 400\">Si eres un amante de la m\u00fasica y est\u00e1s buscando planes al aire libre en Sevilla, est\u00e1s de suerte. La ciudad cuenta con una gran variedad de opciones para disfrutar de la m\u00fasica en vivo al aire libre de forma gratuita. Desde conciertos en parques y plazas hasta festivales de m\u00fasica, en Sevilla hay opciones para todos los gustos. Ahora que hemos podido disfrutar de una de las semanas m\u00e1s importantes de Sevilla, la Feria de Abril, es interesante conocer otras de las actividades con m\u00fasica al aire libre que se pueden disfrutar en esta ciudad. En esta publicaci\u00f3n trataremos dos en especial: In The Park y ElectroLunch.<\/span><\/p>\n<p><span style=\"font-weight: 400\">La Fiesta In the Park es un evento que se celebra en el Parque del Alamillo de Sevilla. Esta fiesta tiene lugar durante varios d\u00edas en los que se programan diversas actividades y conciertos al aire libre. Se trata de un evento muy popular entre los j\u00f3venes sevillanos, ya que se ha convertido en una cita ineludible para disfrutar de la m\u00fasica, el buen ambiente y la naturaleza. Los conciertos suelen contar con artistas nacionales e internacionales de diversos g\u00e9neros musicales, como el pop, el rock, la electr\u00f3nica y el hip-hop. Adem\u00e1s de los conciertos, la Fiesta In the Park tambi\u00e9n ofrece otras actividades para disfrutar en el parque, como actividades deportivas, ferias de artesan\u00eda y gastron\u00f3micas, talleres y exhibiciones. El Parque del Alamillo es uno de los principales parques urbanos de Sevilla y se encuentra ubicado al norte del casco hist\u00f3rico de la ciudad. Se trata de un gran espacio verde de unas 100 hect\u00e1reas y durante el evento, el parque se llena de j\u00f3venes y familias que disfrutan de la m\u00fasica, la comida y la compa\u00f1\u00eda de amigos y familiares. Por lo tanto, se fusiona\u00a0un espacio natural de gran importancia con la Fiesta In the Park, m\u00fasica con naturaleza, proporcionando una gran oportunidad para disfrutar de este espacio al aire libre y en un ambiente festivo.\u00a0<\/span><\/p>\n<p><img loading=\"lazy\" decoding=\"async\" class=\"wp-image-6328 aligncenter\" src=\"https:\/\/www.upo.es\/patio-colorado\/wp-content\/uploads\/2023\/04\/In-the-Park-Sevilla-009-en-el-Parque-del-Alamillo-211x300.jpg\" alt=\"\" width=\"234\" height=\"333\" srcset=\"https:\/\/www.upo.es\/patio-colorado\/wp-content\/uploads\/2023\/04\/In-the-Park-Sevilla-009-en-el-Parque-del-Alamillo-211x300.jpg 211w, https:\/\/www.upo.es\/patio-colorado\/wp-content\/uploads\/2023\/04\/In-the-Park-Sevilla-009-en-el-Parque-del-Alamillo.jpg 712w\" sizes=\"auto, (max-width: 234px) 100vw, 234px\" \/> \u00a0<img loading=\"lazy\" decoding=\"async\" class=\"wp-image-6330 aligncenter\" src=\"https:\/\/www.upo.es\/patio-colorado\/wp-content\/uploads\/2023\/04\/007-In-the-Park-2022-en-el-Parque-del-Alamillo-Sevilla-212x300.jpg\" alt=\"\" width=\"235\" height=\"333\" srcset=\"https:\/\/www.upo.es\/patio-colorado\/wp-content\/uploads\/2023\/04\/007-In-the-Park-2022-en-el-Parque-del-Alamillo-Sevilla-212x300.jpg 212w, https:\/\/www.upo.es\/patio-colorado\/wp-content\/uploads\/2023\/04\/007-In-the-Park-2022-en-el-Parque-del-Alamillo-Sevilla-723x1024.jpg 723w, https:\/\/www.upo.es\/patio-colorado\/wp-content\/uploads\/2023\/04\/007-In-the-Park-2022-en-el-Parque-del-Alamillo-Sevilla-768x1088.jpg 768w, https:\/\/www.upo.es\/patio-colorado\/wp-content\/uploads\/2023\/04\/007-In-the-Park-2022-en-el-Parque-del-Alamillo-Sevilla.jpg 900w\" sizes=\"auto, (max-width: 235px) 100vw, 235px\" \/><\/p>\n<p><span style=\"font-weight: 400\">ElectroLunch es otra propuesta igual de innovadora de ocio al aire libre que combina m\u00fasica electr\u00f3nica, gastronom\u00eda, arte y tecnolog\u00eda de una manera original. En sus inicios, la sede principal de ElectroLunch fue el Centro Andaluz de Arte Contempor\u00e1neo situado en la isla de la Cartuja de Sevilla.\u00a0<\/span><span style=\"font-weight: 400\">Este evento ofrece una experiencia \u00fanica en la que los asistentes pueden disfrutar de conciertos, sesiones de DJ, talleres y actividades culturales para todos los p\u00fablicos sin l\u00edmite de edad: taller de skate, actividades creativas para ni\u00f1os, yoga, manualidades\u2026 Desde las 12:00h, los asistentes pueden acceder de manera gratuita y disfrutar de todas las actividades programadas en un mismo recinto. Adem\u00e1s, la organizaci\u00f3n ha dise\u00f1ado diferentes tipos de picnics para que la experiencia al aire libre sea a\u00fan m\u00e1s completa. En definitiva, ElectroLunch es una propuesta divertida y diferente que permite mezclar diferentes tipos de artes al aire libre y aprender jugando con amigos y familiares. Cada edici\u00f3n del evento re\u00fane a m\u00e1s de 2.000 personas, convocando a todo tipo de p\u00fablico, desde familias con ni\u00f1os hasta estudiantes, turistas extranjeros y amantes del baile y la m\u00fasica electr\u00f3nica. Si te gusta la m\u00fasica electr\u00f3nica y quieres disfrutar de una experiencia \u00fanica al aire libre en Sevilla este es tu plan ideal.<\/span><\/p>\n<p><img loading=\"lazy\" decoding=\"async\" class=\"size-medium wp-image-6321 aligncenter\" src=\"https:\/\/www.upo.es\/patio-colorado\/wp-content\/uploads\/2023\/04\/electrolunchXXL-insta-768x768-1-300x300.jpeg\" alt=\"\" width=\"300\" height=\"300\" srcset=\"https:\/\/www.upo.es\/patio-colorado\/wp-content\/uploads\/2023\/04\/electrolunchXXL-insta-768x768-1-300x300.jpeg 300w, https:\/\/www.upo.es\/patio-colorado\/wp-content\/uploads\/2023\/04\/electrolunchXXL-insta-768x768-1-150x150.jpeg 150w, https:\/\/www.upo.es\/patio-colorado\/wp-content\/uploads\/2023\/04\/electrolunchXXL-insta-768x768-1.jpeg 768w\" sizes=\"auto, (max-width: 300px) 100vw, 300px\" \/><\/p>\n<p><img loading=\"lazy\" decoding=\"async\" class=\" wp-image-6329 aligncenter\" src=\"https:\/\/www.upo.es\/patio-colorado\/wp-content\/uploads\/2023\/04\/instagram-300x300.jpg\" alt=\"\" width=\"330\" height=\"330\" srcset=\"https:\/\/www.upo.es\/patio-colorado\/wp-content\/uploads\/2023\/04\/instagram-300x300.jpg 300w, https:\/\/www.upo.es\/patio-colorado\/wp-content\/uploads\/2023\/04\/instagram-1024x1024.jpg 1024w, https:\/\/www.upo.es\/patio-colorado\/wp-content\/uploads\/2023\/04\/instagram-150x150.jpg 150w, https:\/\/www.upo.es\/patio-colorado\/wp-content\/uploads\/2023\/04\/instagram-768x768.jpg 768w, https:\/\/www.upo.es\/patio-colorado\/wp-content\/uploads\/2023\/04\/instagram.jpg 1080w\" sizes=\"auto, (max-width: 330px) 100vw, 330px\" \/><\/p>\n<p><span style=\"font-weight: 400\">Pod\u00e9is encontrar toda la informaci\u00f3n en sus redes sociales&#8230;,\u00a0\u00a1no te pierdas los pr\u00f3ximos eventos!<\/span><\/p>\n<p style=\"text-align: center\">InThePark: <a href=\"https:\/\/www.instagram.com\/in_the_park_sevilla\/?hl=es\">https:\/\/www.instagram.com\/in_the_park_sevilla\/?hl=es<\/a><\/p>\n<p style=\"text-align: center\">ElectroLunch: <a href=\"https:\/\/www.instagram.com\/electrolvnch\/\">https:\/\/www.instagram.com\/electrolvnch\/<\/a><\/p>\n<p>Fuentes:<\/p>\n<p><a href=\"https:\/\/electrolunch.com\">https:\/\/electrolunch.com<\/a><\/p>\n<p><a href=\"https:\/\/onsevilla.com\/in-the-park-parque-alamillo-sevilla\">https:\/\/onsevilla.com\/in-the-park-parque-alamillo-sevilla<\/a><\/p>\n<p><a href=\"https:\/\/inthepark.es\">https:\/\/inthepark.es<\/a><\/p>\n<p>&nbsp;<\/p>\n","protected":false},"excerpt":{"rendered":"<p>Si eres un amante de la m\u00fasica y est\u00e1s buscando planes al aire libre en Sevilla, est\u00e1s de suerte. La ciudad cuenta con una gran variedad de opciones para disfrutar de la m\u00fasica en vivo al aire libre de forma gratuita. Desde conciertos en parques y plazas hasta festivales de m\u00fasica, en Sevilla hay opciones [&hellip;]<\/p>\n","protected":false},"author":35,"featured_media":6333,"comment_status":"open","ping_status":"open","sticky":false,"template":"","format":"standard","meta":{"_acf_changed":false,"_monsterinsights_skip_tracking":false,"_monsterinsights_sitenote_active":false,"_monsterinsights_sitenote_note":"","_monsterinsights_sitenote_category":0,"footnotes":""},"categories":[45,12,35,26,186,23,301],"tags":[],"class_list":["post-6320","post","type-post","status-publish","format-standard","has-post-thumbnail","hentry","category-boletin-colorao","category-eventos","category-fiestas-tradiciones","category-gastronomia-artesania","category-literatura-musica","category-patrimonio-vivo","category-sevilla"],"blocksy_meta":[],"acf":[],"jetpack_featured_media_url":"https:\/\/www.upo.es\/patio-colorado\/wp-content\/uploads\/2023\/04\/Edicion-pasada-Electrolunch-Sevilla-Magallanes_1738636237_170375619_667x375.jpg","_links":{"self":[{"href":"https:\/\/www.upo.es\/patio-colorado\/wp-json\/wp\/v2\/posts\/6320","targetHints":{"allow":["GET"]}}],"collection":[{"href":"https:\/\/www.upo.es\/patio-colorado\/wp-json\/wp\/v2\/posts"}],"about":[{"href":"https:\/\/www.upo.es\/patio-colorado\/wp-json\/wp\/v2\/types\/post"}],"author":[{"embeddable":true,"href":"https:\/\/www.upo.es\/patio-colorado\/wp-json\/wp\/v2\/users\/35"}],"replies":[{"embeddable":true,"href":"https:\/\/www.upo.es\/patio-colorado\/wp-json\/wp\/v2\/comments?post=6320"}],"version-history":[{"count":7,"href":"https:\/\/www.upo.es\/patio-colorado\/wp-json\/wp\/v2\/posts\/6320\/revisions"}],"predecessor-version":[{"id":6334,"href":"https:\/\/www.upo.es\/patio-colorado\/wp-json\/wp\/v2\/posts\/6320\/revisions\/6334"}],"wp:featuredmedia":[{"embeddable":true,"href":"https:\/\/www.upo.es\/patio-colorado\/wp-json\/wp\/v2\/media\/6333"}],"wp:attachment":[{"href":"https:\/\/www.upo.es\/patio-colorado\/wp-json\/wp\/v2\/media?parent=6320"}],"wp:term":[{"taxonomy":"category","embeddable":true,"href":"https:\/\/www.upo.es\/patio-colorado\/wp-json\/wp\/v2\/categories?post=6320"},{"taxonomy":"post_tag","embeddable":true,"href":"https:\/\/www.upo.es\/patio-colorado\/wp-json\/wp\/v2\/tags?post=6320"}],"curies":[{"name":"wp","href":"https:\/\/api.w.org\/{rel}","templated":true}]}}