{"id":6336,"date":"2023-05-01T14:06:27","date_gmt":"2023-05-01T14:06:27","guid":{"rendered":"https:\/\/www.upo.es\/patio-colorado\/?p=6336"},"modified":"2023-05-11T17:25:54","modified_gmt":"2023-05-11T17:25:54","slug":"resena-de-espectaculo-belen-aguilera-en-sevilla","status":"publish","type":"post","link":"https:\/\/www.upo.es\/patio-colorado\/2023\/05\/01\/resena-de-espectaculo-belen-aguilera-en-sevilla\/","title":{"rendered":"Rese\u00f1a de espect\u00e1culo: Bel\u00e9n Aguilera en Sevilla"},"content":{"rendered":"<p>En la entrada de esta semana vengo a haceros una rese\u00f1a sobre el concierto de la catalana Bel\u00e9n Aguilera, celebrado el viernes 10 de febrero en la Sala Custom. Este espect\u00e1culo marca la cuarta vez que Bel\u00e9n viene en Sevilla, siendo la \u00faltima de ellas hace apenas un a\u00f1o en la Sala Malandar; en esta ocasi\u00f3n nos presenta la segunda parte de su Superpop Tour, con canciones de sus dos primeros \u00e1lbumos (<em>Como ves, no siempre he sido m\u00eda<\/em> y <em>Superpop<\/em>), as\u00ed como algunas canciones sacadas en estos \u00faltimos meses y otras in\u00e9ditas que todav\u00eda est\u00e1n por salir de forma oficial.<\/p>\n<p><img loading=\"lazy\" decoding=\"async\" class=\" wp-image-6337 aligncenter\" src=\"https:\/\/www.upo.es\/patio-colorado\/wp-content\/uploads\/2023\/05\/arte-300x135.png\" alt=\"\" width=\"404\" height=\"182\" srcset=\"https:\/\/www.upo.es\/patio-colorado\/wp-content\/uploads\/2023\/05\/arte-300x135.png 300w, https:\/\/www.upo.es\/patio-colorado\/wp-content\/uploads\/2023\/05\/arte-1024x461.png 1024w, https:\/\/www.upo.es\/patio-colorado\/wp-content\/uploads\/2023\/05\/arte-768x346.png 768w, https:\/\/www.upo.es\/patio-colorado\/wp-content\/uploads\/2023\/05\/arte.png 1200w\" sizes=\"auto, (max-width: 404px) 100vw, 404px\" \/><\/p>\n<p style=\"text-align: center;\">Recuperado de: https:\/\/i0.wp.com\/rawmagazine.es\/wp-content\/uploads\/2022\/08\/belen-aguilera-en-concierto.png?fit=1200%2C540&amp;ssl=1<\/p>\n<p>La cantante catalana de tan solo 26 a\u00f1os se dio a conocer en 2014 cuando comenz\u00f3 t\u00edmidamente a abrirse el paso en el mundo de la m\u00fasica con su piano y cantando versiones de conocidos temas de otros artistas. Lo que inicialmente fue un duro camino marcado por <em>covers<\/em> subidas para YouTube, por un fugaz paso por <em>La Voz<\/em> y por un intento fallido de concursar en <em>Operaci\u00f3n Triunfo<\/em> ha terminado por convertirse en un aut\u00e9ntico fen\u00f3meno viral con dos \u00e1lbumes en el mercado y con colaboraciones de \u00e9xito con Edurne o Lola \u00cdndigo, entre otras.<\/p>\n<p><img loading=\"lazy\" decoding=\"async\" class=\"size-medium wp-image-6338 aligncenter\" src=\"https:\/\/www.upo.es\/patio-colorado\/wp-content\/uploads\/2023\/05\/arte-300x300.jpg\" alt=\"\" width=\"300\" height=\"300\" srcset=\"https:\/\/www.upo.es\/patio-colorado\/wp-content\/uploads\/2023\/05\/arte-300x300.jpg 300w, https:\/\/www.upo.es\/patio-colorado\/wp-content\/uploads\/2023\/05\/arte-150x150.jpg 150w, https:\/\/www.upo.es\/patio-colorado\/wp-content\/uploads\/2023\/05\/arte.jpg 470w\" sizes=\"auto, (max-width: 300px) 100vw, 300px\" \/><\/p>\n<p style=\"text-align: center;\">Recuperado de: https:\/\/los40es00.epimg.net\/los40\/imagenes\/2022\/09\/14\/musica\/1663143877_411978_1663145234_miniatura_normal.jpg<\/p>\n<p>El concierto fue brutal, con una gran puesta en escena y una iluminaci\u00f3n \u00f3ptima. Hubo momentos para el disfrute de todos los p\u00fablicos: canciones m\u00e1s movidas como <em>La tirita<\/em>, <em>Antagonista<\/em> o la famos\u00edsima <em>Camale\u00f3n<\/em>, el estreno en directo de temas recientes como <em>Copiloto<\/em>, <em>Locx <\/em>y <em>De charco en charco<\/em> y baladas emotivas como <em>Jaque al rey<\/em>, <em>M\u00eda<\/em> o <em>Cristal<\/em>, as\u00ed como temas in\u00e9ditos que no se conoc\u00edan previamente como son <em>Galgo<\/em> o <em>Quien soy<\/em>.<\/p>\n<p>Para finalizar, me gustar\u00eda recomendaros que vieseis a Bel\u00e9n Aguilera cuando os fuese posible y, en el caso de que no pod\u00e1is, que os adentraseis en su m\u00fasica ya que es una gran artista con un gran coraz\u00f3n, una voz impresionante y unas letras preciosas.<\/p>\n<p>\u00a1Eso es todo por hoy!<\/p>\n<p><strong>P.<\/strong><\/p>\n","protected":false},"excerpt":{"rendered":"<p>En la entrada de esta semana vengo a haceros una rese\u00f1a sobre el concierto de la catalana Bel\u00e9n Aguilera, celebrado el viernes 10 de febrero en la Sala Custom. Este espect\u00e1culo marca la cuarta vez que Bel\u00e9n viene en Sevilla, siendo la \u00faltima de ellas hace apenas un a\u00f1o en la Sala Malandar; en esta [&hellip;]<\/p>\n","protected":false},"author":101,"featured_media":6338,"comment_status":"open","ping_status":"open","sticky":false,"template":"","format":"standard","meta":{"_acf_changed":false,"_monsterinsights_skip_tracking":false,"_monsterinsights_sitenote_active":false,"_monsterinsights_sitenote_note":"","_monsterinsights_sitenote_category":0,"footnotes":""},"categories":[1,186,23],"tags":[630,753,6],"class_list":["post-6336","post","type-post","status-publish","format-standard","has-post-thumbnail","hentry","category-sin-categoria","category-literatura-musica","category-patrimonio-vivo","tag-concierto","tag-belen-aguilera","tag-sevilla"],"blocksy_meta":[],"acf":[],"jetpack_featured_media_url":"https:\/\/www.upo.es\/patio-colorado\/wp-content\/uploads\/2023\/05\/arte.jpg","_links":{"self":[{"href":"https:\/\/www.upo.es\/patio-colorado\/wp-json\/wp\/v2\/posts\/6336","targetHints":{"allow":["GET"]}}],"collection":[{"href":"https:\/\/www.upo.es\/patio-colorado\/wp-json\/wp\/v2\/posts"}],"about":[{"href":"https:\/\/www.upo.es\/patio-colorado\/wp-json\/wp\/v2\/types\/post"}],"author":[{"embeddable":true,"href":"https:\/\/www.upo.es\/patio-colorado\/wp-json\/wp\/v2\/users\/101"}],"replies":[{"embeddable":true,"href":"https:\/\/www.upo.es\/patio-colorado\/wp-json\/wp\/v2\/comments?post=6336"}],"version-history":[{"count":1,"href":"https:\/\/www.upo.es\/patio-colorado\/wp-json\/wp\/v2\/posts\/6336\/revisions"}],"predecessor-version":[{"id":6339,"href":"https:\/\/www.upo.es\/patio-colorado\/wp-json\/wp\/v2\/posts\/6336\/revisions\/6339"}],"wp:featuredmedia":[{"embeddable":true,"href":"https:\/\/www.upo.es\/patio-colorado\/wp-json\/wp\/v2\/media\/6338"}],"wp:attachment":[{"href":"https:\/\/www.upo.es\/patio-colorado\/wp-json\/wp\/v2\/media?parent=6336"}],"wp:term":[{"taxonomy":"category","embeddable":true,"href":"https:\/\/www.upo.es\/patio-colorado\/wp-json\/wp\/v2\/categories?post=6336"},{"taxonomy":"post_tag","embeddable":true,"href":"https:\/\/www.upo.es\/patio-colorado\/wp-json\/wp\/v2\/tags?post=6336"}],"curies":[{"name":"wp","href":"https:\/\/api.w.org\/{rel}","templated":true}]}}