{"id":6340,"date":"2023-05-01T16:49:14","date_gmt":"2023-05-01T16:49:14","guid":{"rendered":"https:\/\/www.upo.es\/patio-colorado\/?p=6340"},"modified":"2023-05-01T17:12:56","modified_gmt":"2023-05-01T17:12:56","slug":"el-titanic-reaparece-en-sevilla-gracias-a-la-tecnologia-3d","status":"publish","type":"post","link":"https:\/\/www.upo.es\/patio-colorado\/2023\/05\/01\/el-titanic-reaparece-en-sevilla-gracias-a-la-tecnologia-3d\/","title":{"rendered":"El Titanic reaparece en Sevilla gracias a la tecnolog\u00eda 3D"},"content":{"rendered":"<p>Hablando en el art\u00edculo anterior sobre la Expo \u201992, a continuaci\u00f3n, destacaremos uno de sus pabellones, y es el Pabell\u00f3n de la Navegaci\u00f3n, como centro acogedor de una nueva exposici\u00f3n que se celebrar\u00e1 en Sevilla entre el 5 de mayo y el 30 de julio. Se trata de un gran centro dedicado a la navegaci\u00f3n atl\u00e1ntica en el que se puede conocer informaci\u00f3n sobre la historia de navegaci\u00f3n, los buques que han surcado los mares durante siglos, sentir c\u00f3mo era la vida a bordo y viajar al pasado de la ciudad cuando su puerto era el foco econ\u00f3mico.<\/p>\n<p>Este edificio se divide en cinco espacios, adem\u00e1s de las exposiciones temporales y congresos. Cada una de las salas posee una belleza particular. La primera de ellas es la m\u00e1s extensa, y consta de una puesta de escena mediante leds que transportan al visitante al oc\u00e9ano y lo llevan a conocer distintos personajes hist\u00f3ricos importantes.<\/p>\n<p><img loading=\"lazy\" decoding=\"async\" class=\"alignnone size-medium wp-image-6356\" src=\"https:\/\/www.upo.es\/patio-colorado\/wp-content\/uploads\/2023\/05\/DSC02070-300x225.jpg\" alt=\"\" width=\"300\" height=\"225\" srcset=\"https:\/\/www.upo.es\/patio-colorado\/wp-content\/uploads\/2023\/05\/DSC02070-300x225.jpg 300w, https:\/\/www.upo.es\/patio-colorado\/wp-content\/uploads\/2023\/05\/DSC02070.jpg 400w\" sizes=\"auto, (max-width: 300px) 100vw, 300px\" \/><\/p>\n<p>Fuente: https:\/\/culturadesevilla.blogspot.com\/2012\/01\/cronicas-urbanas-pabellon-de-la.html<\/p>\n<p>La segunda de ellas consta de un mural en el que se puede observar la historia de la navegaci\u00f3n, as\u00ed como los cambios que han experimentado los buques desde el siglo XVI hasta la actualidad.<\/p>\n<p><img loading=\"lazy\" decoding=\"async\" class=\"alignnone size-medium wp-image-6357\" src=\"https:\/\/www.upo.es\/patio-colorado\/wp-content\/uploads\/2023\/05\/DSC02083-300x225.jpg\" alt=\"\" width=\"300\" height=\"225\" srcset=\"https:\/\/www.upo.es\/patio-colorado\/wp-content\/uploads\/2023\/05\/DSC02083-300x225.jpg 300w, https:\/\/www.upo.es\/patio-colorado\/wp-content\/uploads\/2023\/05\/DSC02083.jpg 400w\" sizes=\"auto, (max-width: 300px) 100vw, 300px\" \/><\/p>\n<p>Fuente: https:\/\/culturadesevilla.blogspot.com\/2012\/01\/cronicas-urbanas-pabellon-de-la.html<\/p>\n<p>La tercera, en cambio, es conocida como \u201cLa vida a bordo\u201d y consiste en una serie de juegos que te permiten conocer el oficio de los marineros, convirti\u00e9ndote t\u00fa mismo en uno de ellos.<\/p>\n<p><img loading=\"lazy\" decoding=\"async\" class=\"alignnone size-medium wp-image-6358\" src=\"https:\/\/www.upo.es\/patio-colorado\/wp-content\/uploads\/2023\/05\/DSC02095-300x225.jpg\" alt=\"\" width=\"300\" height=\"225\" srcset=\"https:\/\/www.upo.es\/patio-colorado\/wp-content\/uploads\/2023\/05\/DSC02095-300x225.jpg 300w, https:\/\/www.upo.es\/patio-colorado\/wp-content\/uploads\/2023\/05\/DSC02095.jpg 400w\" sizes=\"auto, (max-width: 300px) 100vw, 300px\" \/><\/p>\n<p>Fuente: https:\/\/culturadesevilla.blogspot.com\/2012\/01\/cronicas-urbanas-pabellon-de-la.html<\/p>\n<p>Finalmente, la \u00faltima de ellas est\u00e1 destinada a mostrar la evoluci\u00f3n de la capital andaluza y su relaci\u00f3n con el r\u00edo Guadalquivir.<\/p>\n<p>En cuanto a las exposiciones temporales,\u00a0 en este caso, va a ser una acerca del naufragio del buque m\u00e1s famoso del mundo (111 a\u00f1os despu\u00e9s de esta tragedia), adem\u00e1s de conocer, gracias a una reconstrucci\u00f3n virtual, c\u00f3mo era el interior de este transatl\u00e1ntico. Se trata de la exposici\u00f3n \u2018\u2019Titanic: The Reconstruction\u2019\u2019, perteneciente a la Fundaci\u00f3n Titanic, que en Portugal ya fue todo un \u00e9xito en 2019. A parte de que este edificio est\u00e9 destinado a los usos mencionados, cabe destacar como vinculaci\u00f3n entre este y el Titanic, que ya hubo una exposici\u00f3n sobre este buque hace justo una d\u00e9cada, en la que se pudo contemplar muchos de sus objetos y estancias.<\/p>\n<p>Dicha reconstrucci\u00f3n 3D ser\u00e1 de doce metros de eslora, y a trav\u00e9s de ella se podr\u00e1n observar tanto los distintos tipos de camarotes, como sus galer\u00edas o su famosa escalera. El precio de las entradas para visitar la exposici\u00f3n oscilar\u00e1 entre los 8 euros para ni\u00f1os y los 10 euros para adultos, y se podr\u00e1 disfrutar de ella aproximadamente durante cuatro horas (el horario es de ma\u00f1anas durante los fines de semana y de tardes entre semana).<\/p>\n<p><img loading=\"lazy\" decoding=\"async\" class=\"alignnone size-medium wp-image-6342\" src=\"https:\/\/www.upo.es\/patio-colorado\/wp-content\/uploads\/2023\/05\/eca-titanic_21085961_20230421141055-300x178.jpg\" alt=\"\" width=\"300\" height=\"178\" srcset=\"https:\/\/www.upo.es\/patio-colorado\/wp-content\/uploads\/2023\/05\/eca-titanic_21085961_20230421141055-300x178.jpg 300w, https:\/\/www.upo.es\/patio-colorado\/wp-content\/uploads\/2023\/05\/eca-titanic_21085961_20230421141055.jpg 675w\" sizes=\"auto, (max-width: 300px) 100vw, 300px\" \/><\/p>\n<p>Fuente: https:\/\/elcorreoweb.es\/sevilla\/llega-a-sevilla-la-exposicion-del-titanic-AK8518233<\/p>\n<p>BIBLIOGRAF\u00cdA<\/p>\n<p>ABC de Sevilla: <a href=\"https:\/\/sevilla.abc.es\/queplan\/sevilla\/museos-exposiciones\/reconstruccion-grande-titanic-sevilla-20230425161647-nts.html\">https:\/\/sevilla.abc.es\/queplan\/sevilla\/museos-exposiciones\/reconstruccion-grande-titanic-sevilla-20230425161647-nts.html<\/a><\/p>\n<p>El Correo de Andaluc\u00eda: <a href=\"https:\/\/elcorreoweb.es\/sevilla\/llega-a-sevilla-la-exposicion-del-titanic-AK8518233\">https:\/\/elcorreoweb.es\/sevilla\/llega-a-sevilla-la-exposicion-del-titanic-AK8518233<\/a><\/p>\n<p>Cultura de Sevilla: <a href=\"https:\/\/culturadesevilla.blogspot.com\/2012\/01\/cronicas-urbanas-pabellon-de-la.html\">https:\/\/culturadesevilla.blogspot.com\/2012\/01\/cronicas-urbanas-pabellon-de-la.html<\/a><\/p>\n","protected":false},"excerpt":{"rendered":"<p>Hablando en el art\u00edculo anterior sobre la Expo \u201992, a continuaci\u00f3n, destacaremos uno de sus pabellones, y es el Pabell\u00f3n de la Navegaci\u00f3n, como centro acogedor de una nueva exposici\u00f3n que se celebrar\u00e1 en Sevilla entre el 5 de mayo y el 30 de julio. Se trata de un gran centro dedicado a la navegaci\u00f3n [&hellip;]<\/p>\n","protected":false},"author":106,"featured_media":6342,"comment_status":"open","ping_status":"open","sticky":false,"template":"","format":"standard","meta":{"_acf_changed":false,"_monsterinsights_skip_tracking":false,"_monsterinsights_sitenote_active":false,"_monsterinsights_sitenote_note":"","_monsterinsights_sitenote_category":0,"footnotes":""},"categories":[169,1,24],"tags":[755,754],"class_list":["post-6340","post","type-post","status-publish","format-standard","has-post-thumbnail","hentry","category-cine-artes-audiovisuales","category-sin-categoria","category-conservacion-y-restauracion","tag-pabellondelanavegacion","tag-titanic"],"blocksy_meta":[],"acf":[],"jetpack_featured_media_url":"https:\/\/www.upo.es\/patio-colorado\/wp-content\/uploads\/2023\/05\/eca-titanic_21085961_20230421141055.jpg","_links":{"self":[{"href":"https:\/\/www.upo.es\/patio-colorado\/wp-json\/wp\/v2\/posts\/6340","targetHints":{"allow":["GET"]}}],"collection":[{"href":"https:\/\/www.upo.es\/patio-colorado\/wp-json\/wp\/v2\/posts"}],"about":[{"href":"https:\/\/www.upo.es\/patio-colorado\/wp-json\/wp\/v2\/types\/post"}],"author":[{"embeddable":true,"href":"https:\/\/www.upo.es\/patio-colorado\/wp-json\/wp\/v2\/users\/106"}],"replies":[{"embeddable":true,"href":"https:\/\/www.upo.es\/patio-colorado\/wp-json\/wp\/v2\/comments?post=6340"}],"version-history":[{"count":3,"href":"https:\/\/www.upo.es\/patio-colorado\/wp-json\/wp\/v2\/posts\/6340\/revisions"}],"predecessor-version":[{"id":6360,"href":"https:\/\/www.upo.es\/patio-colorado\/wp-json\/wp\/v2\/posts\/6340\/revisions\/6360"}],"wp:featuredmedia":[{"embeddable":true,"href":"https:\/\/www.upo.es\/patio-colorado\/wp-json\/wp\/v2\/media\/6342"}],"wp:attachment":[{"href":"https:\/\/www.upo.es\/patio-colorado\/wp-json\/wp\/v2\/media?parent=6340"}],"wp:term":[{"taxonomy":"category","embeddable":true,"href":"https:\/\/www.upo.es\/patio-colorado\/wp-json\/wp\/v2\/categories?post=6340"},{"taxonomy":"post_tag","embeddable":true,"href":"https:\/\/www.upo.es\/patio-colorado\/wp-json\/wp\/v2\/tags?post=6340"}],"curies":[{"name":"wp","href":"https:\/\/api.w.org\/{rel}","templated":true}]}}