{"id":640,"date":"2020-03-19T09:15:21","date_gmt":"2020-03-19T09:15:21","guid":{"rendered":"https:\/\/www.upo.es\/patio-colorado\/?p=640"},"modified":"2020-03-29T20:44:11","modified_gmt":"2020-03-29T20:44:11","slug":"entrevista-a-carmen-cazorla-arqueologa-y-antropologa-peruana-de-visita-en-sevilla","status":"publish","type":"post","link":"https:\/\/www.upo.es\/patio-colorado\/2020\/03\/19\/entrevista-a-carmen-cazorla-arqueologa-y-antropologa-peruana-de-visita-en-sevilla\/","title":{"rendered":"Entrevista a Carmen Cazorla, arque\u00f3loga y antrop\u00f3loga peruana de visita en Sevilla"},"content":{"rendered":"<p><span style=\"font-weight: 400;\">Los pasados d\u00edas 9, 10, 11 y 12 de marzo se han dado cita en Las Cabezas de San Juan y en la ciudad de Sevilla numerosas ponentes, acad\u00e9micas e investigadores de universidades del \u00e1mbito internacional en torno al congreso: \u00abLa ilusi\u00f3n de la libertad. El liberalismo revolucionario en Espa\u00f1a y Am\u00e9rica en los a\u00f1os 20\u00bb. Este congreso conmemora el 200 aniversario del alzamiento militar protagonizado en 1820 por Rafael de Riego en Las Cabezas de San Juan, proclamando la Constituci\u00f3n de 1812 y dando lugar al Trienio Liberal.<\/span><\/p>\n<p style=\"text-align: center;\"><img loading=\"lazy\" decoding=\"async\" class=\"alignnone size-medium wp-image-642\" src=\"https:\/\/www.upo.es\/patio-colorado\/wp-content\/uploads\/2020\/03\/cartel-194x300.png\" alt=\"\" width=\"194\" height=\"300\" srcset=\"https:\/\/www.upo.es\/patio-colorado\/wp-content\/uploads\/2020\/03\/cartel-194x300.png 194w, https:\/\/www.upo.es\/patio-colorado\/wp-content\/uploads\/2020\/03\/cartel-663x1024.png 663w, https:\/\/www.upo.es\/patio-colorado\/wp-content\/uploads\/2020\/03\/cartel-768x1187.png 768w, https:\/\/www.upo.es\/patio-colorado\/wp-content\/uploads\/2020\/03\/cartel-994x1536.png 994w, https:\/\/www.upo.es\/patio-colorado\/wp-content\/uploads\/2020\/03\/cartel-1325x2048.png 1325w\" sizes=\"auto, (max-width: 194px) 100vw, 194px\" \/><\/p>\n<p><span style=\"font-weight: 400;\">Una de dichas conferencias ha estado protagonizada por Carmen Cazorla, arque\u00f3loga y etn\u00f3grafa peruana as\u00ed como profesora de antropolog\u00eda y lenguas originarias en la Universidad de San Marcos de Per\u00fa. Su generosidad qued\u00f3 muy de manifiesto al venir a visitarnos al alumnado de <\/span><i><span style=\"font-weight: 400;\">el Patio Colorao<\/span><\/i><span style=\"font-weight: 400;\"> el pasado 11 de marzo para compartir con la clase unas pinceladas sobre sus investigaciones y experiencias en el campo de la Etnograf\u00eda y las Humanidades.<\/span><\/p>\n<p>&nbsp;<\/p>\n<p><span style=\"font-weight: 400;\">Esta visita fue de gran inter\u00e9s para todas las presentes y nos hizo reflexionar sobre el papel que tiene <\/span><i><span style=\"font-weight: 400;\">el Patio Colorao<\/span><\/i><span style=\"font-weight: 400;\"> como plataforma de difusi\u00f3n de contenidos, noticias, arte y patrimonio. Carmen Cazorla es sin duda el tipo de persona del que queremos hablar desde nuestro peri\u00f3dico, y por eso hoy os traemos un poquito m\u00e1s sobre ella y lo que hace.\u00a0<\/span><\/p>\n<p>&nbsp;<\/p>\n<p><span style=\"font-weight: 400;\">Como ya hemos mencionado, Carmen es profesora, as\u00ed como arque\u00f3loga y antrop\u00f3loga. Lo que a algunas nos interes\u00f3 sobremanera es que fuera profesora tambi\u00e9n de lenguas originarias, entre ellas el quechua. Desde <\/span><i><span style=\"font-weight: 400;\">el Patio Colorao<\/span><\/i><span style=\"font-weight: 400;\"> celebramos la preservaci\u00f3n, ense\u00f1anza y (re)valoraci\u00f3n de todas las lenguas por igual, reconociendo la relevancia que tienen a la hora de construir la identidad social y cultural de cada grupo, pueblo y comunidad. Carmen nos ense\u00f1\u00f3 algunas palabras en quechua, acompa\u00f1ando sus explicaciones con la narraci\u00f3n de ciertos mitos. Un ejemplo es: \u201cOuyllu riti\u201d, \u201cestrella nevada\u201d, nombre de una alt\u00edsima monta\u00f1a del Per\u00fa, en Cuzco, considerada deidad por muchos y lugar de peregrinaje de miles de personas durante el solsticio de invierno y durante el Corpus Christi.<\/span><\/p>\n<p>&nbsp;<\/p>\n<p><span style=\"font-weight: 400;\">Carmen nos cont\u00f3 que hab\u00eda venido a Sevilla para participar en el congreso que ya hemos mencionado, siendo parte de la mesa del 10 de marzo titulada: \u201cLos colores de la revoluci\u00f3n en Am\u00e9rica\u201d. Junto con sus compa\u00f1eras trajo un manuscrito, una proclama de mujeres ind\u00edgenas escrita en una variante del quechua donde dichas mujeres hac\u00edan un llamamiento a sus hermanos en el ej\u00e9rcito realista a deponer las armas y unirse al ej\u00e9rcito patri\u00f3tico. El documento es de notoria\u00a0 importancia cultural, al estar escrito no solo en una lengua originaria, sino adem\u00e1s en una variante del quechua perdido tras el Tercer Concilio de Lima, tras el cual se generaliz\u00f3 el quechua cuzque\u00f1o. Por lo tanto, puede que este sea el \u00fanico documento escrito en esta variante, por lo que su valor es incalculable. Asimismo, es esencial reconocer en el contenido de la carta que los procesos de independencia de las Am\u00e9ricas no han sido solo impulsados por figuras externas como Bol\u00edvar o San Mart\u00edn, sino que tambi\u00e9n hab\u00eda agencia ind\u00edgena, negra, mulata\u2026 Voces normalmente invisibilizadas y ocultadas a trav\u00e9s de la Historia, y que personas como Carmen buscan \u201cdesocultar\u201d y reivindicar a trav\u00e9s de procesos de investigaci\u00f3n etnogr\u00e1ficos \u00e9ticos no paternalistas y que no se rindan a los poderes hegem\u00f3nicos.<\/span><\/p>\n<p>&nbsp;<\/p>\n<p style=\"text-align: center;\"><img loading=\"lazy\" decoding=\"async\" class=\"alignnone size-medium wp-image-643\" src=\"https:\/\/www.upo.es\/patio-colorado\/wp-content\/uploads\/2020\/03\/e259fb9e-a0a6-4f78-89cb-efe13099059a-300x224.jpg\" alt=\"\" width=\"300\" height=\"224\" srcset=\"https:\/\/www.upo.es\/patio-colorado\/wp-content\/uploads\/2020\/03\/e259fb9e-a0a6-4f78-89cb-efe13099059a-300x224.jpg 300w, https:\/\/www.upo.es\/patio-colorado\/wp-content\/uploads\/2020\/03\/e259fb9e-a0a6-4f78-89cb-efe13099059a-1024x766.jpg 1024w, https:\/\/www.upo.es\/patio-colorado\/wp-content\/uploads\/2020\/03\/e259fb9e-a0a6-4f78-89cb-efe13099059a-768x574.jpg 768w, https:\/\/www.upo.es\/patio-colorado\/wp-content\/uploads\/2020\/03\/e259fb9e-a0a6-4f78-89cb-efe13099059a-1536x1149.jpg 1536w, https:\/\/www.upo.es\/patio-colorado\/wp-content\/uploads\/2020\/03\/e259fb9e-a0a6-4f78-89cb-efe13099059a.jpg 2016w\" sizes=\"auto, (max-width: 300px) 100vw, 300px\" \/><\/p>\n<p><span style=\"font-weight: 400;\">Carmen tambi\u00e9n nos habl\u00f3 de las corrientes de autorreconocimiento y revalorizaci\u00f3n ind\u00edgena, el \u201cc\u00f3mo reconocernos\u201d, y quisimos preguntarle sobre la relaci\u00f3n existente entre arte como parte de la identidad de los pueblos. A esto nuestra invitada respondi\u00f3 reflexionando sobre c\u00f3mo las representaciones art\u00edsticas los son\u00a0 de nosotros y nosotras mismas, y que tenemos que entenderlas con una cuesti\u00f3n cosmog\u00f3nica, simb\u00f3lica e iconogr\u00e1fica detr\u00e1s. Hay memoria. Tambi\u00e9n nos cuestionamos la aparente diferencia entre lo vern\u00e1culo y el arte, siendo considerado \u201carte\u201d solo lo occidentalizado, lo clasista\u2026 esto hace que las reproducciones art\u00edsticas ind\u00edgenas y de los pueblos sean consideradas \u00fanicamente artesan\u00eda, parte del folclore. El arte es identidad de los pueblos, identidad de cada individuo y colectivo. Por eso reivindicamos que no exista hegemon\u00eda en el arte, y menos la misma hegemon\u00eda art\u00edstica occidental y colonialista que ha desembocado en tantas p\u00e9rdidas culturales a lo largo de la historia.<\/span><\/p>\n<p>&nbsp;<\/p>\n<p><span style=\"font-weight: 400;\">\u00bfY con la lengua? La lengua tambi\u00e9n es memoria, y Carmen hac\u00eda hincapi\u00e9 en que cuando hablas en tu lengua originaria recuerdas olores, sabores, situaciones, contextos\u2026 trascendiendo en tiempos reales y m\u00edticos. Hay conceptos y cuestiones que no pueden expresarse o forzarse en otra lengua, por lo que la riqueza y diversidad ling\u00fc\u00edstica deben respetarse, cuidarse y valorarse, pues nos permite entendernos, comunicarnos, aprehender. Las lenguas son cultura.<\/span><\/p>\n<p><img loading=\"lazy\" decoding=\"async\" class=\"size-medium wp-image-645 aligncenter\" src=\"https:\/\/www.upo.es\/patio-colorado\/wp-content\/uploads\/2020\/03\/5f880675-b7ce-4c52-8b42-fe3c9365c393-300x224.jpg\" alt=\"\" width=\"300\" height=\"224\" srcset=\"https:\/\/www.upo.es\/patio-colorado\/wp-content\/uploads\/2020\/03\/5f880675-b7ce-4c52-8b42-fe3c9365c393-300x224.jpg 300w, https:\/\/www.upo.es\/patio-colorado\/wp-content\/uploads\/2020\/03\/5f880675-b7ce-4c52-8b42-fe3c9365c393-1024x766.jpg 1024w, https:\/\/www.upo.es\/patio-colorado\/wp-content\/uploads\/2020\/03\/5f880675-b7ce-4c52-8b42-fe3c9365c393-768x574.jpg 768w, https:\/\/www.upo.es\/patio-colorado\/wp-content\/uploads\/2020\/03\/5f880675-b7ce-4c52-8b42-fe3c9365c393-1536x1149.jpg 1536w, https:\/\/www.upo.es\/patio-colorado\/wp-content\/uploads\/2020\/03\/5f880675-b7ce-4c52-8b42-fe3c9365c393.jpg 2016w\" sizes=\"auto, (max-width: 300px) 100vw, 300px\" \/><\/p>\n<p><span style=\"font-weight: 400;\">Por \u00faltimo, quisimos saber qu\u00e9 pod\u00eda hacer el estudiantado desde los espacios acad\u00e9micos, reconociendo que el papel de la Academia a menudo consist\u00eda en nominar, poner nombres, archivar informaci\u00f3n\u2026 todo desde lo externo, sin involucrarse y perpetuando en muchas ocasiones prejuicios exotizantes y barbarizantes de, por ejemplo, pueblos ind\u00edgenas. Quer\u00edamos saber qu\u00e9 pod\u00edamos hacer para convertir las universidades en los espacios cr\u00edticos, proactivos y decoloniales que necesitamos, y Carmen enfatiz\u00f3 la necesidad en primer lugar de reconocer la diversidad de pueblos, costumbres\u2026 que existe tanto en nuestra Universidad Pablo de Olavide como en la provincia de Sevilla o en el Estado espa\u00f1ol. Nos inst\u00f3 tambi\u00e9n a reconocernos primero nosotras mismas, mirarnos, ver c\u00f3mo nos vemos, c\u00f3mo nos dibujamos como sociedad y como miramos a \u201clos otros\u201d. Por \u00faltimo, Carmen termin\u00f3 recordando la importancia del papel de los y las estudiantes en los movimientos sociales y en la lucha por los derechos, reconociendo que estamos en la punta de lanza, que somos la bandera de lucha y de apoyo de minor\u00edas y reivindicaciones.<\/span><\/p>\n<p>&nbsp;<\/p>\n<p><span style=\"font-weight: 400;\">\u00bfQu\u00e9 m\u00e1s podemos decir? Gracias, Carmen, por haber venido a compartir con el equipo del Patio Colorao. \u00a1Sevilla y la UPO siempre te esperar\u00e1n con los brazos abiertos!<\/span><\/p>\n<p>&nbsp;<\/p>\n","protected":false},"excerpt":{"rendered":"<p>Los pasados d\u00edas 9, 10, 11 y 12 de marzo se han dado cita en Las Cabezas de San Juan y en la ciudad de Sevilla numerosas ponentes, acad\u00e9micas e investigadores de universidades del \u00e1mbito internacional en torno al congreso: \u00abLa ilusi\u00f3n de la libertad. El liberalismo revolucionario en Espa\u00f1a y Am\u00e9rica en los a\u00f1os [&hellip;]<\/p>\n","protected":false},"author":13,"featured_media":641,"comment_status":"open","ping_status":"open","sticky":false,"template":"","format":"standard","meta":{"_acf_changed":false,"_monsterinsights_skip_tracking":false,"_monsterinsights_sitenote_active":false,"_monsterinsights_sitenote_note":"","_monsterinsights_sitenote_category":0,"footnotes":""},"categories":[137],"tags":[64,110,28,111,112,109],"class_list":["post-640","post","type-post","status-publish","format-standard","has-post-thumbnail","hentry","category-entrevistas","tag-patrimonio","tag-antropologia","tag-arte","tag-decolonialismo","tag-identidad","tag-lenguas"],"blocksy_meta":[],"acf":[],"jetpack_featured_media_url":"https:\/\/www.upo.es\/patio-colorado\/wp-content\/uploads\/2020\/03\/IMG_20200312_204100_088-scaled.jpg","_links":{"self":[{"href":"https:\/\/www.upo.es\/patio-colorado\/wp-json\/wp\/v2\/posts\/640","targetHints":{"allow":["GET"]}}],"collection":[{"href":"https:\/\/www.upo.es\/patio-colorado\/wp-json\/wp\/v2\/posts"}],"about":[{"href":"https:\/\/www.upo.es\/patio-colorado\/wp-json\/wp\/v2\/types\/post"}],"author":[{"embeddable":true,"href":"https:\/\/www.upo.es\/patio-colorado\/wp-json\/wp\/v2\/users\/13"}],"replies":[{"embeddable":true,"href":"https:\/\/www.upo.es\/patio-colorado\/wp-json\/wp\/v2\/comments?post=640"}],"version-history":[{"count":2,"href":"https:\/\/www.upo.es\/patio-colorado\/wp-json\/wp\/v2\/posts\/640\/revisions"}],"predecessor-version":[{"id":794,"href":"https:\/\/www.upo.es\/patio-colorado\/wp-json\/wp\/v2\/posts\/640\/revisions\/794"}],"wp:featuredmedia":[{"embeddable":true,"href":"https:\/\/www.upo.es\/patio-colorado\/wp-json\/wp\/v2\/media\/641"}],"wp:attachment":[{"href":"https:\/\/www.upo.es\/patio-colorado\/wp-json\/wp\/v2\/media?parent=640"}],"wp:term":[{"taxonomy":"category","embeddable":true,"href":"https:\/\/www.upo.es\/patio-colorado\/wp-json\/wp\/v2\/categories?post=640"},{"taxonomy":"post_tag","embeddable":true,"href":"https:\/\/www.upo.es\/patio-colorado\/wp-json\/wp\/v2\/tags?post=640"}],"curies":[{"name":"wp","href":"https:\/\/api.w.org\/{rel}","templated":true}]}}