{"id":6454,"date":"2023-05-07T21:27:06","date_gmt":"2023-05-07T21:27:06","guid":{"rendered":"https:\/\/www.upo.es\/patio-colorado\/?p=6454"},"modified":"2023-05-07T21:52:48","modified_gmt":"2023-05-07T21:52:48","slug":"el-templo-romano-escondido-de-sevilla","status":"publish","type":"post","link":"https:\/\/www.upo.es\/patio-colorado\/2023\/05\/07\/el-templo-romano-escondido-de-sevilla\/","title":{"rendered":"El templo romano escondido de Sevilla"},"content":{"rendered":"<p>Tras adentrarme a lo largo de estos \u00faltimos cuatro a\u00f1os en la historia de Sevilla, mi nueva ciudad, descubr\u00ed que en ella hab\u00edan pervivido m\u00e1s culturas de las que imaginaba. Y es que, desde mi perspectiva como migrante, nunca hab\u00eda o\u00eddo decir que en la capital andaluza hubiese un templo, por lo que, para m\u00ed, este es otro de los lugares rec\u00f3nditos de la ciudad.<\/p>\n<p>Ubicado en la calle M\u00e1rmoles (barrio de San Bartolom\u00e9), se encuentran tres columnas de unos 15 metros de altura que forman parte de la antigua Colonia Iulia Romula, cuando Sevilla se llamaba H\u00edspalis, y cuya funci\u00f3n no se ha determinado pero se cree que pod\u00eda ser un p\u00f3rtico de acceso a una zona monumental dedicada al Liber Pater.<\/p>\n<p>Pertenecieron a un templo romano (hallado en el siglo XVI) que en su momento estuvo compuesto por seis columnas, dos de las cuales se encuentran hoy en la Alameda de H\u00e9rcules, ya que se trasladaron por orden del conde de Barajas. Estas \u00faltimas est\u00e1n compuestas adem\u00e1s por dos estatuas que rinden homenaje a H\u00e9rcules, fundador mitol\u00f3gico, y Julio C\u00e9sar, restaurador de la ciudad de Sevilla, obras del escultor Diego de Pesquera. La \u00faltima columna por mencionar tambi\u00e9n sufri\u00f3 un traslado, en este caso ordenado por el rey Pedro I \u2018el Cruel\u2019, que la quer\u00eda en su residencia, el Real Alc\u00e1zar, pero durante el camino, cay\u00f3 y se rompi\u00f3.<\/p>\n<p><img loading=\"lazy\" decoding=\"async\" class=\"alignnone wp-image-6455\" src=\"https:\/\/www.upo.es\/patio-colorado\/wp-content\/uploads\/2023\/05\/columnas-Calle-Marmoles-disperso-Sevilla_1738936593_170458164_667x375-300x169.png\" alt=\"\" width=\"389\" height=\"219\" srcset=\"https:\/\/www.upo.es\/patio-colorado\/wp-content\/uploads\/2023\/05\/columnas-Calle-Marmoles-disperso-Sevilla_1738936593_170458164_667x375-300x169.png 300w, https:\/\/www.upo.es\/patio-colorado\/wp-content\/uploads\/2023\/05\/columnas-Calle-Marmoles-disperso-Sevilla_1738936593_170458164_667x375.png 667w\" sizes=\"auto, (max-width: 389px) 100vw, 389px\" \/><\/p>\n<p><em>Las columnas de la calle M\u00e1rmoles<\/em>. Fuente: https:\/\/www.diariodesevilla.es\/vivirensevilla\/columnas-Calle-Marmoles-legado-romano-Sevilla_0_1738926966.html<\/p>\n<p><img loading=\"lazy\" decoding=\"async\" class=\"alignnone wp-image-6456\" src=\"https:\/\/www.upo.es\/patio-colorado\/wp-content\/uploads\/2023\/05\/shutterstock_1577888188-1-300x175.jpg\" alt=\"\" width=\"396\" height=\"231\" srcset=\"https:\/\/www.upo.es\/patio-colorado\/wp-content\/uploads\/2023\/05\/shutterstock_1577888188-1-300x175.jpg 300w, https:\/\/www.upo.es\/patio-colorado\/wp-content\/uploads\/2023\/05\/shutterstock_1577888188-1-1024x597.jpg 1024w, https:\/\/www.upo.es\/patio-colorado\/wp-content\/uploads\/2023\/05\/shutterstock_1577888188-1-768x447.jpg 768w, https:\/\/www.upo.es\/patio-colorado\/wp-content\/uploads\/2023\/05\/shutterstock_1577888188-1.jpg 1030w\" sizes=\"auto, (max-width: 396px) 100vw, 396px\" \/><\/p>\n<p><em>Las columnas de la Alameda de H\u00e9rcules<\/em>. Fuente: https:\/\/sevillasecreta.co\/calle-marmoles\/<\/p>\n<p>Seg\u00fan indica Carlos M\u00e1rquez, que realiz\u00f3 un trabajo de investigaci\u00f3n de estas columnas, se les asigna a todas el mismo origen, perteneciente a la cronolog\u00eda trajano-adrianea, y corrobora, adem\u00e1s, la presencia de talleres orientales en esa misma zona, as\u00ed como el origen urbano de uno de los capiteles que decoran las columnas de la Alameda de H\u00e9rcules. Dicho capitel est\u00e1 relacionado con los talleres operantes en la Bas\u00edlica <em>Ulpia<\/em>, mientras que el segundo, teniendo en cuenta la semejanza de sus piezas, es procedente del <em>Traianeum<\/em> de It\u00e1lica, ciudad natal de Trajano. Por ello no es de extra\u00f1ar que el emperador tuviese v\u00ednculos estrechos con esta zona y colaborase en alguna obra tanto de It\u00e1lica como de H\u00edspalis.<\/p>\n<p>BIBLIOGRAF\u00cdA<\/p>\n<ul>\n<li>Diario de Sevilla: <a href=\"https:\/\/www.diariodesevilla.es\/vivirensevilla\/columnas-Calle-Marmoles-legado-romano-Sevilla_0_1738926966.html\">https:\/\/www.diariodesevilla.es\/vivirensevilla\/columnas-Calle-Marmoles-legado-romano-Sevilla_0_1738926966.html<\/a><\/li>\n<li>Sevilla Secreta: <a href=\"https:\/\/sevillasecreta.co\/calle-marmoles\/\">https:\/\/sevillasecreta.co\/calle-marmoles\/<\/a><\/li>\n<li>Carlos M\u00e1rquez (2003). Los restos romanos de la calle M\u00e1rmoles en Sevilla. ROMULA: N\u00fam. 2. Recuperado de: <a href=\"https:\/\/www.upo.es\/revistas\/index.php\/romula\/article\/view\/142\/136\">https:\/\/www.upo.es\/revistas\/index.php\/romula\/article\/view\/142\/136<\/a><\/li>\n<\/ul>\n<p>&nbsp;<\/p>\n<p>&nbsp;<\/p>\n","protected":false},"excerpt":{"rendered":"<p>Tras adentrarme a lo largo de estos \u00faltimos cuatro a\u00f1os en la historia de Sevilla, mi nueva ciudad, descubr\u00ed que en ella hab\u00edan pervivido m\u00e1s culturas de las que imaginaba. Y es que, desde mi perspectiva como migrante, nunca hab\u00eda o\u00eddo decir que en la capital andaluza hubiese un templo, por lo que, para m\u00ed, [&hellip;]<\/p>\n","protected":false},"author":106,"featured_media":6457,"comment_status":"open","ping_status":"open","sticky":false,"template":"","format":"standard","meta":{"_acf_changed":false,"_monsterinsights_skip_tracking":false,"_monsterinsights_sitenote_active":false,"_monsterinsights_sitenote_note":"","_monsterinsights_sitenote_category":0,"footnotes":""},"categories":[166,677],"tags":[770],"class_list":["post-6454","post","type-post","status-publish","format-standard","has-post-thumbnail","hentry","category-historia-arqueologia","category-lugares-reconditos-de-sevilla","tag-callemarmoles"],"blocksy_meta":[],"acf":[],"jetpack_featured_media_url":"https:\/\/www.upo.es\/patio-colorado\/wp-content\/uploads\/2023\/05\/marmoles-3.jpg","_links":{"self":[{"href":"https:\/\/www.upo.es\/patio-colorado\/wp-json\/wp\/v2\/posts\/6454","targetHints":{"allow":["GET"]}}],"collection":[{"href":"https:\/\/www.upo.es\/patio-colorado\/wp-json\/wp\/v2\/posts"}],"about":[{"href":"https:\/\/www.upo.es\/patio-colorado\/wp-json\/wp\/v2\/types\/post"}],"author":[{"embeddable":true,"href":"https:\/\/www.upo.es\/patio-colorado\/wp-json\/wp\/v2\/users\/106"}],"replies":[{"embeddable":true,"href":"https:\/\/www.upo.es\/patio-colorado\/wp-json\/wp\/v2\/comments?post=6454"}],"version-history":[{"count":4,"href":"https:\/\/www.upo.es\/patio-colorado\/wp-json\/wp\/v2\/posts\/6454\/revisions"}],"predecessor-version":[{"id":6461,"href":"https:\/\/www.upo.es\/patio-colorado\/wp-json\/wp\/v2\/posts\/6454\/revisions\/6461"}],"wp:featuredmedia":[{"embeddable":true,"href":"https:\/\/www.upo.es\/patio-colorado\/wp-json\/wp\/v2\/media\/6457"}],"wp:attachment":[{"href":"https:\/\/www.upo.es\/patio-colorado\/wp-json\/wp\/v2\/media?parent=6454"}],"wp:term":[{"taxonomy":"category","embeddable":true,"href":"https:\/\/www.upo.es\/patio-colorado\/wp-json\/wp\/v2\/categories?post=6454"},{"taxonomy":"post_tag","embeddable":true,"href":"https:\/\/www.upo.es\/patio-colorado\/wp-json\/wp\/v2\/tags?post=6454"}],"curies":[{"name":"wp","href":"https:\/\/api.w.org\/{rel}","templated":true}]}}