{"id":6488,"date":"2023-05-09T10:24:49","date_gmt":"2023-05-09T10:24:49","guid":{"rendered":"https:\/\/www.upo.es\/patio-colorado\/?p=6488"},"modified":"2023-05-09T10:28:05","modified_gmt":"2023-05-09T10:28:05","slug":"fallece-miguel-de-los-reyes-reconocido-cantaor-de-sevillanas","status":"publish","type":"post","link":"https:\/\/www.upo.es\/patio-colorado\/2023\/05\/09\/fallece-miguel-de-los-reyes-reconocido-cantaor-de-sevillanas\/","title":{"rendered":"Fallece Miguel de los Reyes, reconocido cantaor de sevillanas"},"content":{"rendered":"<p>Seguro que nos suenan \u2018Los Hermanos Reyes\u2019, Miguel y Diego, y, si no es as\u00ed, en este art\u00edculo hablaremos sobre ellos.\u00a0 Ambos triunfaron durante d\u00e9cadas cantando y creando sevillanas que muestran el orgullo de ser andaluz y de su tierra, Castilleja de la Cuesta (Sevilla). Fueron pioneros en su forma particular de hacer m\u00fasica siendo ejemplo para m\u00fasicos y cantaores posteriores.<\/p>\n<figure style=\"width: 348px\" class=\"wp-caption aligncenter\"><img loading=\"lazy\" decoding=\"async\" src=\"https:\/\/4.bp.blogspot.com\/-BW2oLEvxSMg\/U6Rvavig9bI\/AAAAAAAAAeA\/lgtxhmfbi-E\/s1600\/frontal+-+Los+Hermanos+Reyes+-+Triana+llora+de+pena+1979.jpg\" alt=\"S\u00e9neca de las Sevillanas: Los Reyes de las Sevillanas!\" width=\"348\" height=\"338\" \/><figcaption class=\"wp-caption-text\">Recuperado de: http:\/\/senecadelasevillana.blogspot.com\/2014\/06\/los-reyes-de-las-sevillanas.html<\/figcaption><\/figure>\n<p>&nbsp;<\/p>\n<p>El pueblo de Castilleja de la Cuesta, su pueblo\u00a0natal, les ha rendido homenaje en ciertas ocasiones, pues tienen una calle en su honor y un busto con los rostros de Miguel y Diego. Asimismo, el pasado 24 de marzo, se inaugur\u00f3 un nuevo teatro municipal que ahora lleva el nombre de Teatro Municipal Hermanos Reyes, siendo ello una muestra m\u00e1s de la importancia que ambos hermanos tienen en la Historia de la M\u00fasica, as\u00ed como el amor por su pueblo.<\/p>\n<p>&nbsp;<\/p>\n<figure style=\"width: 494px\" class=\"wp-caption aligncenter\"><img loading=\"lazy\" decoding=\"async\" src=\"https:\/\/www.castillejadelacuesta.es\/export\/sites\/castillejadelacuesta\/.galleries\/noticias\/Castilleja-despide-a-Miguel-de-los-Reyes-2023.jpg_1430334566.jpg\" alt=\"Castilleja de la Cuesta despide a Miguel de los Reyes, vecino ilustre y art\u00edfice, junto a su hermano Diego, del grupo Los Hermanos Reyes\" width=\"494\" height=\"310\" \/><figcaption class=\"wp-caption-text\">Recuperado de: https:\/\/www.castillejadelacuesta.es\/es\/actualidad\/noticias\/Castilleja-de-la-Cuesta-despide-a-Miguel-de-los-Reyes-vecino-ilustre-y-artifice-junto-a-su-hermano-Diego-del-grupo-Los-Hermanos-Reyes\/<\/figcaption><\/figure>\n<p>Grabaron por vez primera en 1958 y, entre su producci\u00f3n podemos destacar que cantaron a la Feria, al puente de Triana o a la romer\u00eda del Roc\u00edo. Piezas que destacan y que deber\u00edamos escuchar para seguir haciendo homenaje a Los Hermanos Reyes y, sobre todo tras el fallecimiento de Miguel, son las siguientes: <em>Tuve un amor, Un halc\u00f3n y una paloma, Soy Marinero, A ese lirio peregrino, Mar\u00eda Cristina<\/em>\u00a0o\u00a0<em>El \u00faltimo adi\u00f3s<\/em>.<\/p>\n<p>En relaci\u00f3n con esta \u00faltima idea, aunque alej\u00e1ndonos en cierta medida, considero que es importante destacar al artista onubense Manuel Carrasco, que aunque el flamenco no es su principal estilo, interpret\u00f3, hace muy poco (concretamente en la semana de la Feria de Sevilla en<em> El Hormiguero<\/em> una sevillana que compuso para la ciudad hispalense en 2019. Ello, junto con la noticia de la muerte de Miguel el pasado 4 de mayo, nos lleva a resaltar y ser conscientes de la riqueza del flamenco, de las sevillanas y del arte andaluz.<\/p>\n<p>Su letra, aunque recomiendo ver el <a href=\"https:\/\/twitter.com\/El_Hormiguero\/status\/1651318484326809600?s=20\">corto v\u00eddeo<\/a> en el que interpreta la sevillana, es la siguiente:<\/p>\n<p>\u00ab<em>Mi vida tengo que irme, voy a cantarle a Sevilla<\/em><\/p>\n<p><em>tu todav\u00eda mi ni\u00f1a, no lo puedes entender, no lo puedes entender,<\/em><\/p>\n<p><em><strong>Sevilla me est\u00e1 esperando y no lo puedo creer.<\/strong><\/em><\/p>\n<p>con nosotros.<\/p>\n<p><em>En la ciudad que a tu padre, le fue cumpliendo los sue\u00f1os, le va cumpliendo los sue\u00f1os,<\/em><\/p>\n<p><em>Sevilla es punto y aparte sintiendo lo que yo siento.<\/em><\/p>\n<p><em>Ay Sevilla d\u00edselo, que esto no es s\u00f3lo un romance,<\/em><\/p>\n<p><em>ay Sevilla d\u00edselo, que quiero que ella comprenda por qu\u00e9 te entrego mi amor<\/em>\u00bb.<\/p>\n<p>&nbsp;<\/p>\n","protected":false},"excerpt":{"rendered":"<p>Seguro que nos suenan \u2018Los Hermanos Reyes\u2019, Miguel y Diego, y, si no es as\u00ed, en este art\u00edculo hablaremos sobre ellos.\u00a0 Ambos triunfaron durante d\u00e9cadas cantando y creando sevillanas que muestran el orgullo de ser andaluz y de su tierra, Castilleja de la Cuesta (Sevilla). Fueron pioneros en su forma particular de hacer m\u00fasica siendo [&hellip;]<\/p>\n","protected":false},"author":110,"featured_media":6489,"comment_status":"open","ping_status":"open","sticky":false,"template":"","format":"standard","meta":{"_acf_changed":false,"_monsterinsights_skip_tracking":false,"_monsterinsights_sitenote_active":false,"_monsterinsights_sitenote_note":"","_monsterinsights_sitenote_category":0,"footnotes":""},"categories":[45,46,186,301],"tags":[779,778,780,730],"class_list":["post-6488","post","type-post","status-publish","format-standard","has-post-thumbnail","hentry","category-boletin-colorao","category-en-la-prensa","category-literatura-musica","category-sevilla","tag-fallecimiento","tag-hermanos-reyes","tag-manuel-carrasco","tag-sevillanas"],"blocksy_meta":[],"acf":[],"jetpack_featured_media_url":"https:\/\/www.upo.es\/patio-colorado\/wp-content\/uploads\/2023\/05\/7226.jpg","_links":{"self":[{"href":"https:\/\/www.upo.es\/patio-colorado\/wp-json\/wp\/v2\/posts\/6488","targetHints":{"allow":["GET"]}}],"collection":[{"href":"https:\/\/www.upo.es\/patio-colorado\/wp-json\/wp\/v2\/posts"}],"about":[{"href":"https:\/\/www.upo.es\/patio-colorado\/wp-json\/wp\/v2\/types\/post"}],"author":[{"embeddable":true,"href":"https:\/\/www.upo.es\/patio-colorado\/wp-json\/wp\/v2\/users\/110"}],"replies":[{"embeddable":true,"href":"https:\/\/www.upo.es\/patio-colorado\/wp-json\/wp\/v2\/comments?post=6488"}],"version-history":[{"count":3,"href":"https:\/\/www.upo.es\/patio-colorado\/wp-json\/wp\/v2\/posts\/6488\/revisions"}],"predecessor-version":[{"id":6492,"href":"https:\/\/www.upo.es\/patio-colorado\/wp-json\/wp\/v2\/posts\/6488\/revisions\/6492"}],"wp:featuredmedia":[{"embeddable":true,"href":"https:\/\/www.upo.es\/patio-colorado\/wp-json\/wp\/v2\/media\/6489"}],"wp:attachment":[{"href":"https:\/\/www.upo.es\/patio-colorado\/wp-json\/wp\/v2\/media?parent=6488"}],"wp:term":[{"taxonomy":"category","embeddable":true,"href":"https:\/\/www.upo.es\/patio-colorado\/wp-json\/wp\/v2\/categories?post=6488"},{"taxonomy":"post_tag","embeddable":true,"href":"https:\/\/www.upo.es\/patio-colorado\/wp-json\/wp\/v2\/tags?post=6488"}],"curies":[{"name":"wp","href":"https:\/\/api.w.org\/{rel}","templated":true}]}}