{"id":6559,"date":"2023-05-11T17:03:34","date_gmt":"2023-05-11T17:03:34","guid":{"rendered":"https:\/\/www.upo.es\/patio-colorado\/?p=6559"},"modified":"2023-05-11T17:03:34","modified_gmt":"2023-05-11T17:03:34","slug":"sevilla-acogera-la-nueva-edicion-de-los-latin-grammy","status":"publish","type":"post","link":"https:\/\/www.upo.es\/patio-colorado\/2023\/05\/11\/sevilla-acogera-la-nueva-edicion-de-los-latin-grammy\/","title":{"rendered":"Sevilla acoger\u00e1 la nueva edici\u00f3n de los \u00abLatin Grammy\u00bb"},"content":{"rendered":"<p><span style=\"font-weight: 400;\">La pr\u00f3xima edici\u00f3n de los <em>Latin Grammy<\/em> tendr\u00e1 lugar en Sevilla en noviembre de 2023, convirti\u00e9ndose en la primera ciudad espa\u00f1ola en albergar este importante evento musical.<\/span><\/p>\n<p><span style=\"font-weight: 400;\">Los <em>Latin Grammy<\/em>, o Grammy Latinos, son los premios m\u00e1s importantes de la m\u00fasica latina, que re\u00fanen a los artistas m\u00e1s destacados de habla hispana y portuguesa en una gala que se celebra cada a\u00f1o en una ciudad diferente. Esta edici\u00f3n en Sevilla promete ser una de las m\u00e1s espectaculares de la historia del evento.<\/span><\/p>\n<p><span style=\"font-weight: 400;\">La elecci\u00f3n de Sevilla como sede de los <em>Latin Grammy<\/em> no es casualidad. La ciudad cuenta con una rica tradici\u00f3n musical, que se manifiesta en su variado patrimonio cultural y art\u00edstico. Adem\u00e1s, Sevilla es un destino tur\u00edstico muy popular y atractivo, con una gran oferta de ocio y cultura que hace que sea una elecci\u00f3n ideal para albergar este evento.<\/span><\/p>\n<p><span style=\"font-weight: 400;\">La celebraci\u00f3n de los <em>Latin Grammy<\/em> en Sevilla tambi\u00e9n es una gran oportunidad para la ciudad y para toda la regi\u00f3n de Andaluc\u00eda, ya que supone una importante promoci\u00f3n a nivel internacional. Adem\u00e1s, la realizaci\u00f3n del evento generar\u00e1 un gran impacto econ\u00f3mico, tanto en el sector tur\u00edstico como en el sector cultural y musical.<\/span><\/p>\n<p><span style=\"font-weight: 400;\">La organizaci\u00f3n del evento en Sevilla est\u00e1 siendo preparada con todo detalle, y se espera que sea una experiencia \u00fanica para todos los asistentes. La gala se celebrar\u00e1 en un lugar emblem\u00e1tico de la ciudad, y contar\u00e1 con la participaci\u00f3n de algunos de los artistas m\u00e1s importantes de la m\u00fasica latina.<\/span><\/p>\n<p><span style=\"font-weight: 400;\">Lo que podemos tener claro es que la elecci\u00f3n de Sevilla como sede de los <em>Latin Grammy<\/em> en 2023 es un reconocimiento a la riqueza cultural y musical de la ciudad, as\u00ed como una gran oportunidad para dar a conocer al mundo todo lo que Andaluc\u00eda y Espa\u00f1a tienen que ofrecer. Esta edici\u00f3n promete ser un evento espectacular que dejar\u00e1 huella en la historia de la m\u00fasica latina.<\/span><\/p>\n<p><span style=\"font-weight: 400;\">Con respecto a la opini\u00f3n de los sevillanos, una gran mayor\u00eda se sienten orgullosos de que su ciudad haya sido elegida para albergar los <em>Latin Grammy<\/em>, ya que esto supone una importante promoci\u00f3n de la ciudad y de la cultura andaluza en general. Adem\u00e1s, \u00bfqu\u00e9 hay m\u00e1s nuestro que el amor por la m\u00fasica y el arte? Este evento es una oportunidad \u00fanica para disfrutar de algunos de los artistas m\u00e1s importantes de la m\u00fasica latina.<\/span><\/p>\n<p><span style=\"font-weight: 400;\">Sin embargo, no para todos es algo de buen gusto, ya que algunos se preocupan por el impacto que un evento de esta magnitud pueda tener en la ciudad, especialmente en t\u00e9rminos de movilidad, seguridad y medio ambiente, adem\u00e1s de, por supuesto, el cada vez m\u00e1s creciente turismo masivo. No obstante, es importante tener en cuenta que la organizaci\u00f3n de un evento de esta naturaleza implica una planificaci\u00f3n cuidadosa y rigurosa, que tiene en cuenta estos aspectos para minimizar cualquier impacto negativo en la ciudad y en sus habitantes.<\/span><\/p>\n","protected":false},"excerpt":{"rendered":"<p>La pr\u00f3xima edici\u00f3n de los Latin Grammy tendr\u00e1 lugar en Sevilla en noviembre de 2023, convirti\u00e9ndose en la primera ciudad espa\u00f1ola en albergar este importante evento musical. Los Latin Grammy, o Grammy Latinos, son los premios m\u00e1s importantes de la m\u00fasica latina, que re\u00fanen a los artistas m\u00e1s destacados de habla hispana y portuguesa en [&hellip;]<\/p>\n","protected":false},"author":105,"featured_media":0,"comment_status":"open","ping_status":"open","sticky":false,"template":"","format":"standard","meta":{"_acf_changed":false,"_monsterinsights_skip_tracking":false,"_monsterinsights_sitenote_active":false,"_monsterinsights_sitenote_note":"","_monsterinsights_sitenote_category":0,"footnotes":""},"categories":[45,12,186,170,301],"tags":[],"class_list":["post-6559","post","type-post","status-publish","format-standard","hentry","category-boletin-colorao","category-eventos","category-literatura-musica","category-monumentos-y-turismo","category-sevilla"],"blocksy_meta":[],"acf":[],"jetpack_featured_media_url":"","_links":{"self":[{"href":"https:\/\/www.upo.es\/patio-colorado\/wp-json\/wp\/v2\/posts\/6559","targetHints":{"allow":["GET"]}}],"collection":[{"href":"https:\/\/www.upo.es\/patio-colorado\/wp-json\/wp\/v2\/posts"}],"about":[{"href":"https:\/\/www.upo.es\/patio-colorado\/wp-json\/wp\/v2\/types\/post"}],"author":[{"embeddable":true,"href":"https:\/\/www.upo.es\/patio-colorado\/wp-json\/wp\/v2\/users\/105"}],"replies":[{"embeddable":true,"href":"https:\/\/www.upo.es\/patio-colorado\/wp-json\/wp\/v2\/comments?post=6559"}],"version-history":[{"count":1,"href":"https:\/\/www.upo.es\/patio-colorado\/wp-json\/wp\/v2\/posts\/6559\/revisions"}],"predecessor-version":[{"id":6562,"href":"https:\/\/www.upo.es\/patio-colorado\/wp-json\/wp\/v2\/posts\/6559\/revisions\/6562"}],"wp:attachment":[{"href":"https:\/\/www.upo.es\/patio-colorado\/wp-json\/wp\/v2\/media?parent=6559"}],"wp:term":[{"taxonomy":"category","embeddable":true,"href":"https:\/\/www.upo.es\/patio-colorado\/wp-json\/wp\/v2\/categories?post=6559"},{"taxonomy":"post_tag","embeddable":true,"href":"https:\/\/www.upo.es\/patio-colorado\/wp-json\/wp\/v2\/tags?post=6559"}],"curies":[{"name":"wp","href":"https:\/\/api.w.org\/{rel}","templated":true}]}}