{"id":6563,"date":"2023-05-11T17:25:50","date_gmt":"2023-05-11T17:25:50","guid":{"rendered":"https:\/\/www.upo.es\/patio-colorado\/?p=6563"},"modified":"2023-05-11T17:25:50","modified_gmt":"2023-05-11T17:25:50","slug":"vuelta-de-fondo-flamenco-a-los-escenarios","status":"publish","type":"post","link":"https:\/\/www.upo.es\/patio-colorado\/2023\/05\/11\/vuelta-de-fondo-flamenco-a-los-escenarios\/","title":{"rendered":"Vuelta de Fondo Flamenco a los escenarios"},"content":{"rendered":"<p><span style=\"font-weight: 400;\">Fondo Flamenco es uno de los grupos m\u00e1s emblem\u00e1ticos del g\u00e9nero flamenco fusi\u00f3n, y su regreso a los escenarios es una noticia muy esperada por sus seguidores y por el p\u00fablico en general. El concierto en Sevilla en 2023 fue una oportunidad \u00fanica para disfrutar de su m\u00fasica en vivo, y para revivir algunos de sus grandes \u00e9xitos, los cuales para muchos han sido himnos de su adolescencia.<\/span><\/p>\n<p>&nbsp;<\/p>\n<p><span style=\"font-weight: 400;\">El impacto del concierto de Fondo Flamenco en Sevilla en 2023 ha sido m\u00faltiple. En primer lugar, atrajo a una gran cantidad de visitantes a la ciudad, ya que se trata de un evento muy esperado por los fans de la m\u00fasica flamenca de toda Espa\u00f1a y del mundo, y que mejor que vivirlo en la ciudad natal de los componentes del grupo, quienes lo dieron todo durante el espect\u00e1culo. Esto, a su vez, tuvo un impacto econ\u00f3mico muy positivo en la ciudad, impulsando el turismo y el comercio local.<\/span><\/p>\n<p>&nbsp;<\/p>\n<p><span style=\"font-weight: 400;\">Contando, adem\u00e1s, con un gran impacto en la industria musical flamenca, ya que la vuelta de Fondo Flamenco a los escenarios es una noticia muy importante para todos los artistas y profesionales del sector. Lo que puede suponer un impulso a largo plazo para la m\u00fasica flamenca en general, y para otros grupos y artistas emergentes que puedan inspirarse en el \u00e9xito de Fondo Flamenco para desarrollar su carrera.<\/span><\/p>\n<p>&nbsp;<\/p>\n<p><span style=\"font-weight: 400;\">Este ansiado concierto del grupo tambi\u00e9n ha tenido un gran impacto emocional para sus fans y para la ciudad en general, ya que se trata de un grupo muy querido y respetado en la escena musical flamenca. Su regreso a los escenarios despu\u00e9s de varios a\u00f1os de inactividad ser\u00e1 sin duda un momento muy emotivo para todos aquellos que han seguido su carrera a lo largo de los a\u00f1os. Para aquellos que no pudieron disfrutar de este esperado evento, decirles que no se preocupen, ya que el grupo sigue de gira por Espa\u00f1a durante los meses de mayo y junio.<\/span><\/p>\n<p>&nbsp;<\/p>\n<p><span style=\"font-weight: 400;\">Lo m\u00e1s conmovedor de todo esto es que con su m\u00fasica han podido unir a distintas generaciones, los que en su d\u00eda escuchaban las canciones del momento de este grupo, con los que han ido encontr\u00e1ndose con ellas con el paso del tiempo, algo que ha conectado a la \u00abgeneraci\u00f3n millennial\u00bb con generaciones posteriores que han podido disfrutar de uno de los grupos o artistas m\u00e1s reconocidos de su ciudad tray\u00e9ndoles de vuelta parte de la cultura sevillana y sus ra\u00edces.<\/span><\/p>\n","protected":false},"excerpt":{"rendered":"<p>Fondo Flamenco es uno de los grupos m\u00e1s emblem\u00e1ticos del g\u00e9nero flamenco fusi\u00f3n, y su regreso a los escenarios es una noticia muy esperada por sus seguidores y por el p\u00fablico en general. El concierto en Sevilla en 2023 fue una oportunidad \u00fanica para disfrutar de su m\u00fasica en vivo, y para revivir algunos de [&hellip;]<\/p>\n","protected":false},"author":105,"featured_media":0,"comment_status":"open","ping_status":"open","sticky":false,"template":"","format":"standard","meta":{"_acf_changed":false,"_monsterinsights_skip_tracking":false,"_monsterinsights_sitenote_active":false,"_monsterinsights_sitenote_note":"","_monsterinsights_sitenote_category":0,"footnotes":""},"categories":[45,12,186,301],"tags":[],"class_list":["post-6563","post","type-post","status-publish","format-standard","hentry","category-boletin-colorao","category-eventos","category-literatura-musica","category-sevilla"],"blocksy_meta":[],"acf":[],"jetpack_featured_media_url":"","_links":{"self":[{"href":"https:\/\/www.upo.es\/patio-colorado\/wp-json\/wp\/v2\/posts\/6563","targetHints":{"allow":["GET"]}}],"collection":[{"href":"https:\/\/www.upo.es\/patio-colorado\/wp-json\/wp\/v2\/posts"}],"about":[{"href":"https:\/\/www.upo.es\/patio-colorado\/wp-json\/wp\/v2\/types\/post"}],"author":[{"embeddable":true,"href":"https:\/\/www.upo.es\/patio-colorado\/wp-json\/wp\/v2\/users\/105"}],"replies":[{"embeddable":true,"href":"https:\/\/www.upo.es\/patio-colorado\/wp-json\/wp\/v2\/comments?post=6563"}],"version-history":[{"count":1,"href":"https:\/\/www.upo.es\/patio-colorado\/wp-json\/wp\/v2\/posts\/6563\/revisions"}],"predecessor-version":[{"id":6569,"href":"https:\/\/www.upo.es\/patio-colorado\/wp-json\/wp\/v2\/posts\/6563\/revisions\/6569"}],"wp:attachment":[{"href":"https:\/\/www.upo.es\/patio-colorado\/wp-json\/wp\/v2\/media?parent=6563"}],"wp:term":[{"taxonomy":"category","embeddable":true,"href":"https:\/\/www.upo.es\/patio-colorado\/wp-json\/wp\/v2\/categories?post=6563"},{"taxonomy":"post_tag","embeddable":true,"href":"https:\/\/www.upo.es\/patio-colorado\/wp-json\/wp\/v2\/tags?post=6563"}],"curies":[{"name":"wp","href":"https:\/\/api.w.org\/{rel}","templated":true}]}}