{"id":6600,"date":"2023-05-12T18:32:02","date_gmt":"2023-05-12T18:32:02","guid":{"rendered":"https:\/\/www.upo.es\/patio-colorado\/?p=6600"},"modified":"2023-05-15T22:16:30","modified_gmt":"2023-05-15T22:16:30","slug":"xxiv-muestra-de-habas-con-poleo-en-la-palma","status":"publish","type":"post","link":"https:\/\/www.upo.es\/patio-colorado\/2023\/05\/12\/xxiv-muestra-de-habas-con-poleo-en-la-palma\/","title":{"rendered":"XXIV Muestra de Habas con Poleo en La Palma"},"content":{"rendered":"<p style=\"text-align: left\"><span style=\"color: #000000\">La muestra de Habas con poleo es una demostraci\u00f3n gastron\u00f3mica que se dio en La Palma del Condado, organizada por el Ayuntamiento y asociaciones locales, en la Plaza de Espa\u00f1a los d\u00edas 15 y 16 de abril de 2023, en horario de ma\u00f1ana y tarde.\u00a0 <\/span><\/p>\n<p><img loading=\"lazy\" decoding=\"async\" class=\"aligncenter wp-image-6601\" src=\"https:\/\/www.upo.es\/patio-colorado\/wp-content\/uploads\/2023\/05\/muestra-de-habas.gif\" alt=\"\" width=\"521\" height=\"348\" \/><\/p>\n<p style=\"text-align: center\"><span style=\"color: #000000\">Recuperado de: <a style=\"color: #000000\" href=\"https:\/\/elegirhoy.com\/evento\/congresos\/xxiii-muestra-de-habas-con-poleo\">https:\/\/elegirhoy.com\/evento\/congresos\/xxiii-muestra-de-habas-con-poleo<\/a><\/span><\/p>\n<p style=\"text-align: left\"><span style=\"color: #000000\">El plato estrella son las habas con poleo, un plato tradicional y sabroso que se prepara de manera diferente en cada familia. Las hermandades y asociaciones ofrecen degustaciones a precios especiales para la ocasi\u00f3n. Adem\u00e1s, se podr\u00e1n maridar con los reconocidos vinos de La Palma del Condado, elaborados en bodegas locales, por un coste adicional de 2,50\u20ac.<\/span><\/p>\n<p style=\"text-align: left\"><span style=\"color: #000000\">La Plaza de Espa\u00f1a fue el lugar perfecto, ya que es un lugar emblem\u00e1tico que permite disfrutar de la arquitectura y patrimonio del casco antiguo del municipio, declarado Bien de Inter\u00e9s Cultural como Conjunto Hist\u00f3rico-Art\u00edstico. Para amenizar la fiesta gastron\u00f3mica, hubo actuaciones de diferentes grupos musicales durante todo el fin de semana, como el grupo Insakay con su espect\u00e1culo de flamenco fusi\u00f3n, Son de Calle, Sergio Lobo, Maleando y el Dj Oscar Fuego.<\/span><\/p>\n<p><img loading=\"lazy\" decoding=\"async\" class=\"aligncenter wp-image-6602\" src=\"https:\/\/www.upo.es\/patio-colorado\/wp-content\/uploads\/2023\/05\/XXIV-Muestra-Habas-poleo-Vino_1783332191_181888717_1200x675.jpeg\" alt=\"\" width=\"522\" height=\"294\" srcset=\"https:\/\/www.upo.es\/patio-colorado\/wp-content\/uploads\/2023\/05\/XXIV-Muestra-Habas-poleo-Vino_1783332191_181888717_1200x675.jpeg 1200w, https:\/\/www.upo.es\/patio-colorado\/wp-content\/uploads\/2023\/05\/XXIV-Muestra-Habas-poleo-Vino_1783332191_181888717_1200x675-300x169.jpeg 300w, https:\/\/www.upo.es\/patio-colorado\/wp-content\/uploads\/2023\/05\/XXIV-Muestra-Habas-poleo-Vino_1783332191_181888717_1200x675-1024x576.jpeg 1024w, https:\/\/www.upo.es\/patio-colorado\/wp-content\/uploads\/2023\/05\/XXIV-Muestra-Habas-poleo-Vino_1783332191_181888717_1200x675-768x432.jpeg 768w\" sizes=\"auto, (max-width: 522px) 100vw, 522px\" \/><\/p>\n<p style=\"text-align: center\"><span style=\"color: #000000\">Recuperado de:\u00a0<a style=\"color: #000000\" href=\"https:\/\/www.huelvainformacion.es\/destino-huelva\/tradicional-Muestra-Habas-Poleo-Palma-video_0_1664834239.html\">https:\/\/www.huelvainformacion.es\/destino-huelva\/tradicional-Muestra-Habas-Poleo-Palma-video_0_1664834239.html<\/a><\/span><\/p>\n<p style=\"text-align: left\"><span style=\"color: #000000\">En conclusi\u00f3n, la muestra de habas con poleo es una oportunidad \u00fanica para degustar este plato t\u00edpico en un entorno magn\u00edfico y compartirlo con amigos y familiares.<\/span><\/p>\n","protected":false},"excerpt":{"rendered":"<p>La muestra de Habas con poleo es una demostraci\u00f3n gastron\u00f3mica que se dio en La Palma del Condado, organizada por el Ayuntamiento y asociaciones locales, en la Plaza de Espa\u00f1a los d\u00edas 15 y 16 de abril de 2023, en horario de ma\u00f1ana y tarde.\u00a0 Recuperado de: https:\/\/elegirhoy.com\/evento\/congresos\/xxiii-muestra-de-habas-con-poleo El plato estrella son las habas con [&hellip;]<\/p>\n","protected":false},"author":32,"featured_media":6601,"comment_status":"open","ping_status":"open","sticky":false,"template":"","format":"standard","meta":{"_acf_changed":false,"_monsterinsights_skip_tracking":false,"_monsterinsights_sitenote_active":false,"_monsterinsights_sitenote_note":"","_monsterinsights_sitenote_category":0,"footnotes":""},"categories":[35,23],"tags":[99,64,799,798,797],"class_list":["post-6600","post","type-post","status-publish","format-standard","has-post-thumbnail","hentry","category-fiestas-tradiciones","category-patrimonio-vivo","tag-cultura","tag-patrimonio","tag-fiestas-tradicionales","tag-hablas-con-poleo","tag-la-palma-del-condado"],"blocksy_meta":[],"acf":[],"jetpack_featured_media_url":"https:\/\/www.upo.es\/patio-colorado\/wp-content\/uploads\/2023\/05\/muestra-de-habas.gif","_links":{"self":[{"href":"https:\/\/www.upo.es\/patio-colorado\/wp-json\/wp\/v2\/posts\/6600","targetHints":{"allow":["GET"]}}],"collection":[{"href":"https:\/\/www.upo.es\/patio-colorado\/wp-json\/wp\/v2\/posts"}],"about":[{"href":"https:\/\/www.upo.es\/patio-colorado\/wp-json\/wp\/v2\/types\/post"}],"author":[{"embeddable":true,"href":"https:\/\/www.upo.es\/patio-colorado\/wp-json\/wp\/v2\/users\/32"}],"replies":[{"embeddable":true,"href":"https:\/\/www.upo.es\/patio-colorado\/wp-json\/wp\/v2\/comments?post=6600"}],"version-history":[{"count":1,"href":"https:\/\/www.upo.es\/patio-colorado\/wp-json\/wp\/v2\/posts\/6600\/revisions"}],"predecessor-version":[{"id":6603,"href":"https:\/\/www.upo.es\/patio-colorado\/wp-json\/wp\/v2\/posts\/6600\/revisions\/6603"}],"wp:featuredmedia":[{"embeddable":true,"href":"https:\/\/www.upo.es\/patio-colorado\/wp-json\/wp\/v2\/media\/6601"}],"wp:attachment":[{"href":"https:\/\/www.upo.es\/patio-colorado\/wp-json\/wp\/v2\/media?parent=6600"}],"wp:term":[{"taxonomy":"category","embeddable":true,"href":"https:\/\/www.upo.es\/patio-colorado\/wp-json\/wp\/v2\/categories?post=6600"},{"taxonomy":"post_tag","embeddable":true,"href":"https:\/\/www.upo.es\/patio-colorado\/wp-json\/wp\/v2\/tags?post=6600"}],"curies":[{"name":"wp","href":"https:\/\/api.w.org\/{rel}","templated":true}]}}