{"id":6604,"date":"2023-05-13T18:42:24","date_gmt":"2023-05-13T18:42:24","guid":{"rendered":"https:\/\/www.upo.es\/patio-colorado\/?p=6604"},"modified":"2023-05-13T18:42:24","modified_gmt":"2023-05-13T18:42:24","slug":"dia-internacional-de-los-museos-2023","status":"publish","type":"post","link":"https:\/\/www.upo.es\/patio-colorado\/2023\/05\/13\/dia-internacional-de-los-museos-2023\/","title":{"rendered":"D\u00eda Internacional de los Museos 2023"},"content":{"rendered":"<p>Este pr\u00f3ximo jueves 18 de Mayo de 2023 se celebra el D\u00eda Internacional de los Museos, por lo que se organizaran actividades entre el 13 de mayo y el 20 de mayo en varios centros expositivos de la ciudad de Sevilla. Bajo el lema \u201cMuseos, sostenibilidad y bienestar\u201d, este evento se lleva celebrando desde 1977 por el Conjunto Internacional de Museos (ICOM). El objetivo de este es el acercamiento de la comunidad andaluza a los museos de su ciudad, adem\u00e1s de ser una gran oportunidad para reivindicar la importancia de los espacios expositivos para el enriquecimiento de las culturas y el intercambio cultural.<\/p>\n<p>El d\u00eda 18 ser\u00e1 el de m\u00e1s concentraci\u00f3n de actividades, con visitas guiadas en el Centro Andaluz de Arte Contempor\u00e1neo (CAAC) y el Museo de Bellas Artes; adem\u00e1s de que se podr\u00e1 entrar de manera gratuita al CaixaForum y la Iglesia de San Luis de los Franceses y habr\u00e1 descuentos en el Museo de las ilusiones y el Pabell\u00f3n de la Navegaci\u00f3n. En el Bellas Artes se ofrecer\u00e1 un \u201cD\u00eda para familias\u201d con visitas guiadas y talleres a trav\u00e9s de la web. Por otra parte, el Museo de Artes y Costumbres Populares de Sevilla ha preparado un concierto de guitarra de parte de los alumnos del Conservatorio superior de M\u00fasica de Sevilla Manuel Castillo, adem\u00e1s de la jornada \u201cPatrimonio cultural y Salud Mental\u201d en la que se ofrecer\u00e1 un debate y presentaci\u00f3n de experiencias relacionadas con el patrimonio cultural.<\/p>\n<p>A continuaci\u00f3n podemos ver una programaci\u00f3n completa con las diferentes propuestas que se ofrecen en la capital:<\/p>\n<p><strong>Programaci\u00f3n del D\u00eda internacional de los museos en Sevilla 2023<\/strong><\/p>\n<p><strong>S\u00e1bado 13 de mayo de 2023<\/strong><br \/>\n\u00b7 de 11 a 14 horas, \u00ab<a href=\"https:\/\/onsevilla.com\/familias-museo-bellas-artes-sevilla-2023\">D\u00edas para familias<\/a>\u00ab. Museo de Bellas Artes de Sevilla. Entrada gratuita.<br \/>\n<strong>Jueves 18 de mayo de 2023<\/strong><br \/>\n\u00b7 De 10 a 20 horas, \u00abD\u00eda de los Museos\u00bb con entrada gratuita a las salas de exposiciones en CaixaForum Sevilla.<br \/>\n\u00b7 De 10 a 19:30 horas, \u00abD\u00eda de los Museos\u00bb con entrada simb\u00f3lica de 1 euros al Pabell\u00f3n de la Navegaci\u00f3n de Sevilla (exposici\u00f3n permanente y torre).<br \/>\n\u00b7 De 10 a 14 horas y de 16 a 20 horas, \u00abD\u00eda de los Museos\u00bb con entrada gratuita a la iglesia de San Luis de los Franceses.<br \/>\n\u00b7 De 10 a 22 horas, \u00abD\u00eda de los Museos\u00bb con entrada descuento 2&#215;1 hasta completar aforo en el Museo de las ilusiones.<br \/>\n\u00b7 de 10 a 13 horas, \u00abPatrimonio cultural y salud mental\u00bb, jornada para p\u00fablico general. Museo de Artes y Costumbres Populares. Entrada gratuita hasta completar aforo.<br \/>\n\u00b7 10:30, 11:30, 12:30, 18, 19 y 20 horas, visitas guiadas al Paraninfo de la Universidad de Sevilla. Entrada gratuita previa reserva en\u00a0<a href=\"https:\/\/entradium.com\/es\/events\/visitas-guiadas-paraninfo-de-la-universidad-de-sevilla-sevilla\/sessions\/18-05-2023-10-30-rectorado-de-la-universidad-de-sevilla\">entradium.com<\/a>.<br \/>\n\u00b7 11, 12:30, 17:30 y 19 horas, visita guiada a la exposici\u00f3n \u00ab<a href=\"https:\/\/onsevilla.com\/devenir-pintura-caac-sevilla-2022-2024\">Devenir pintura<\/a>\u00ab. Reserva previa obligatoria en los tel\u00e9fonos 955 037 096 y 955 037 140 o el correo-e educ.caac@juntadeandalucia.es. En el Centro Andaluz de Arte Contempor\u00e1neo (CAAC).<br \/>\n\u00b7 12 horas, \u00abLa naturaleza en el museo: un recorrido bot\u00e1nico\u00bb, visita guiada. Museo de Bellas Artes de Sevilla. Entrada gratuita. Reservas en\u00a0<a href=\"http:\/\/www.juntadeandalucia.es\/cultura\/ares\/frontOfficeNueva\/nueva.html?id=2631\">juntadeandalucia.es<\/a>.<br \/>\n\u00b7 18 horas, \u00abLos tesoros del MBASe\u00bb, visita guiada. Museo de Bellas Artes de Sevilla (por internet). Entrada gratuita. Reservas en\u00a0<a href=\"https:\/\/us02web.zoom.us\/webinar\/register\/6916837481158\/WN_DKERTuyETYSXtCnw--yq8w\">zoom.us<\/a>.<br \/>\n\u00b7 19 horas, recital del\u00a0<a href=\"https:\/\/onsevilla.com\/conciertos-guitarra-museo-artes-costumbres-populares-sevilla-2023\">V Ciclo de Conciertos de guitarra<\/a>. Museo de Artes y Costumbres Populares. Entrada gratuita hasta completar aforo.<br \/>\n<strong>Viernes 19 de mayo de 2023<\/strong><br \/>\n\u00b7 18 horas, \u00abLos tesoros del MBASe\u00bb, visita guiada. Museo de Bellas Artes de Sevilla. Entrada gratuita. Reservas en el museo desde media hora antes del comienzo.<br \/>\n<strong>S\u00e1bado 20 de mayo de 2023<\/strong><\/p>\n<ul>\n<li>12 horas, \u00abLos tesoros del MBASe\u00bb, visita guiada. Museo de Bellas Artes de Sevilla. Entrada gratuita. Reservas en el museo desde media hora antes del comienzo.<br \/>\n\u00b7 17 horas, \u00abConoce y dibuja\u00bb, taller creativo. Museo de Bellas Artes de Sevilla (por internet). Entrada gratuita. Reservas en <a href=\"https:\/\/us02web.zoom.us\/webinar\/register\/2116837483430\/WN_4k_Ll5bXRiKf4GXyJVbCtw\">zoom.us<\/a>.<\/li>\n<\/ul>\n<p><strong>Bibliograf\u00eda <\/strong><\/p>\n<ul>\n<li><a href=\"https:\/\/onsevilla.com\/dia-internacional-museos-2023-sevilla\">https:\/\/onsevilla.com\/dia-internacional-museos-2023-sevilla<\/a><\/li>\n<li><a href=\"https:\/\/sevilla.abc.es\/cultura\/andalucia-celebra-dia-museos-2023-actividades-programadas-20230511123442-nts.html\">https:\/\/sevilla.abc.es\/cultura\/andalucia-celebra-dia-museos-2023-actividades-programadas-20230511123442-nts.html<\/a><\/li>\n<\/ul>\n","protected":false},"excerpt":{"rendered":"<p>Este pr\u00f3ximo jueves 18 de Mayo de 2023 se celebra el D\u00eda Internacional de los Museos, por lo que se organizaran actividades entre el 13 de mayo y el 20 de mayo en varios centros expositivos de la ciudad de Sevilla. Bajo el lema \u201cMuseos, sostenibilidad y bienestar\u201d, este evento se lleva celebrando desde 1977 [&hellip;]<\/p>\n","protected":false},"author":40,"featured_media":6605,"comment_status":"open","ping_status":"open","sticky":false,"template":"","format":"standard","meta":{"_acf_changed":false,"_monsterinsights_skip_tracking":false,"_monsterinsights_sitenote_active":false,"_monsterinsights_sitenote_note":"","_monsterinsights_sitenote_category":0,"footnotes":""},"categories":[301],"tags":[346,332,28,48,560],"class_list":["post-6604","post","type-post","status-publish","format-standard","has-post-thumbnail","hentry","category-sevilla","tag-patrimoniocultural","tag-sevilla-cultura","tag-arte","tag-eventos","tag-museos"],"blocksy_meta":[],"acf":[],"jetpack_featured_media_url":"https:\/\/www.upo.es\/patio-colorado\/wp-content\/uploads\/2023\/05\/diamuseos2023.jpg","_links":{"self":[{"href":"https:\/\/www.upo.es\/patio-colorado\/wp-json\/wp\/v2\/posts\/6604","targetHints":{"allow":["GET"]}}],"collection":[{"href":"https:\/\/www.upo.es\/patio-colorado\/wp-json\/wp\/v2\/posts"}],"about":[{"href":"https:\/\/www.upo.es\/patio-colorado\/wp-json\/wp\/v2\/types\/post"}],"author":[{"embeddable":true,"href":"https:\/\/www.upo.es\/patio-colorado\/wp-json\/wp\/v2\/users\/40"}],"replies":[{"embeddable":true,"href":"https:\/\/www.upo.es\/patio-colorado\/wp-json\/wp\/v2\/comments?post=6604"}],"version-history":[{"count":3,"href":"https:\/\/www.upo.es\/patio-colorado\/wp-json\/wp\/v2\/posts\/6604\/revisions"}],"predecessor-version":[{"id":6608,"href":"https:\/\/www.upo.es\/patio-colorado\/wp-json\/wp\/v2\/posts\/6604\/revisions\/6608"}],"wp:featuredmedia":[{"embeddable":true,"href":"https:\/\/www.upo.es\/patio-colorado\/wp-json\/wp\/v2\/media\/6605"}],"wp:attachment":[{"href":"https:\/\/www.upo.es\/patio-colorado\/wp-json\/wp\/v2\/media?parent=6604"}],"wp:term":[{"taxonomy":"category","embeddable":true,"href":"https:\/\/www.upo.es\/patio-colorado\/wp-json\/wp\/v2\/categories?post=6604"},{"taxonomy":"post_tag","embeddable":true,"href":"https:\/\/www.upo.es\/patio-colorado\/wp-json\/wp\/v2\/tags?post=6604"}],"curies":[{"name":"wp","href":"https:\/\/api.w.org\/{rel}","templated":true}]}}