{"id":6609,"date":"2023-05-13T18:51:27","date_gmt":"2023-05-13T18:51:27","guid":{"rendered":"https:\/\/www.upo.es\/patio-colorado\/?p=6609"},"modified":"2023-05-13T18:52:43","modified_gmt":"2023-05-13T18:52:43","slug":"inicio-del-ciclo-de-espectaculos-andalucia-flamenco","status":"publish","type":"post","link":"https:\/\/www.upo.es\/patio-colorado\/2023\/05\/13\/inicio-del-ciclo-de-espectaculos-andalucia-flamenco\/","title":{"rendered":"Inicio del ciclo de espect\u00e1culos \u201cAndaluc\u00eda. Flamenco\u201d."},"content":{"rendered":"<p>El <a href=\"https:\/\/www.juntadeandalucia.es\/cultura\/flamenco\/\">Instituto Andaluz del Flamenco<\/a> ha puesto en marcha el ciclo de espect\u00e1culos \u201cAndaluc\u00eda. Flamenco\u00bb promoviendo la cultura flamenca y favoreciendo, seg\u00fan afirma, la identificaci\u00f3n de los espect\u00e1culos puestos en marcha desde la Junta de Andaluc\u00eda y asegurar su calidad.<\/p>\n<p>La joven Patricia Guerrero, bailaora de flamenco nacida en Granada en 1990 y ganadora del premio nacional de danza en 2021 (entre otros), inici\u00f3 este ciclo de espect\u00e1culos en el Teatro Alhambra (Granada) el pasado 11 de mayo y que se desarrollar\u00e1 hasta el 27 de este mismo mes. En concreto, el programa de la actividad lo componen seis espect\u00e1culos entre los que destaca el espect\u00e1culo \u2018Catedral\u2019, cuyas entradas se han agotado r\u00e1pidamente. En este espect\u00e1culo, seg\u00fan detalla la Consejer\u00eda de Turismo, Cultura y Deporte, el espectador puede disfrutar de una \u201cconexi\u00f3n de espacio exterior, lo profano, con lo interior sagrado\u201d.<\/p>\n<figure style=\"width: 574px\" class=\"wp-caption aligncenter\"><img loading=\"lazy\" decoding=\"async\" src=\"https:\/\/patricia-guerrero.es\/wp-content\/uploads\/2017\/11\/image__Patricia_Guerrero_04_1562050790076820275-840x450-800x429.jpg\" alt=\"\" width=\"574\" height=\"308\" \/><figcaption class=\"wp-caption-text\">Patricia Guerrero. Recuperado de: https:\/\/patricia-guerrero.es\/apasionante-catedral-de-mujer-de-patricia-guerrero\/<\/figcaption><\/figure>\n<p>Acompa\u00f1ada de cante tradicional y letras tradicionales, contempor\u00e1neas y vanguardistas, ayer, d\u00eda 12 de mayo, fue el turno de Florencia Oz con \u2018Ant\u00edpodas\u2019 que sigui\u00f3 una est\u00e9tica tanto minimalista como contempor\u00e1nea para lograr la armon\u00eda y elegancia de la simetr\u00eda y el equilibrio. Aunque este espect\u00e1culo ya ha tenido lugar, como se comenta en el segundo p\u00e1rrafo, habr\u00e1 espect\u00e1culos hasta el 27 de mayo por lo que se podr\u00e1 disfrutar de cualquier otro espect\u00e1culo y un precio econ\u00f3mico con el abono que el Teatro Alhambra ha puesto a la venta. Tanto la compra de estos abonos como la adquisici\u00f3n de entradas simples pueden realizarse a trav\u00e9s de la p\u00e1gina web <a href=\"http:\/\/www.teatroalhambra.es\">www.teatroalhambra.es<\/a> o una hora antes del inicio del espect\u00e1culo en taquilla.<\/p>\n<p>Esta iniciativa pretende extenderse por el resto de teatros de la Junta de Andaluc\u00eda como son el Central Sevilla y el C\u00e1novas en M\u00e1laga. El <a href=\"https:\/\/www.granadahoy.com\/ocio\/Granada-Flamenco-Junta-espectaculos-calidad_0_1780622445.html\">peri\u00f3dico <em>GranadaHoy <\/em><\/a>afirma que desde la Agencia Andaluza de Instituciones Culturales de la que depende el Instituto Andaluz del Flamenco se contar\u00e1n las programaciones ofertadas en todos los casos.<\/p>\n","protected":false},"excerpt":{"rendered":"<p>El Instituto Andaluz del Flamenco ha puesto en marcha el ciclo de espect\u00e1culos \u201cAndaluc\u00eda. Flamenco\u00bb promoviendo la cultura flamenca y favoreciendo, seg\u00fan afirma, la identificaci\u00f3n de los espect\u00e1culos puestos en marcha desde la Junta de Andaluc\u00eda y asegurar su calidad. La joven Patricia Guerrero, bailaora de flamenco nacida en Granada en 1990 y ganadora del [&hellip;]<\/p>\n","protected":false},"author":110,"featured_media":6611,"comment_status":"open","ping_status":"open","sticky":false,"template":"","format":"standard","meta":{"_acf_changed":false,"_monsterinsights_skip_tracking":false,"_monsterinsights_sitenote_active":false,"_monsterinsights_sitenote_note":"","_monsterinsights_sitenote_category":0,"footnotes":""},"categories":[169,46,305],"tags":[179,801,800,802],"class_list":["post-6609","post","type-post","status-publish","format-standard","has-post-thumbnail","hentry","category-cine-artes-audiovisuales","category-en-la-prensa","category-granada","tag-granada","tag-espectaculo-flamenco","tag-instituto-andaluz-del-flamenco","tag-patricia-guerrero"],"blocksy_meta":[],"acf":[],"jetpack_featured_media_url":"https:\/\/www.upo.es\/patio-colorado\/wp-content\/uploads\/2023\/05\/momento-Catedral-Patricia-Guerrero_1780632208_180765170_667x375.jpg","_links":{"self":[{"href":"https:\/\/www.upo.es\/patio-colorado\/wp-json\/wp\/v2\/posts\/6609","targetHints":{"allow":["GET"]}}],"collection":[{"href":"https:\/\/www.upo.es\/patio-colorado\/wp-json\/wp\/v2\/posts"}],"about":[{"href":"https:\/\/www.upo.es\/patio-colorado\/wp-json\/wp\/v2\/types\/post"}],"author":[{"embeddable":true,"href":"https:\/\/www.upo.es\/patio-colorado\/wp-json\/wp\/v2\/users\/110"}],"replies":[{"embeddable":true,"href":"https:\/\/www.upo.es\/patio-colorado\/wp-json\/wp\/v2\/comments?post=6609"}],"version-history":[{"count":3,"href":"https:\/\/www.upo.es\/patio-colorado\/wp-json\/wp\/v2\/posts\/6609\/revisions"}],"predecessor-version":[{"id":6614,"href":"https:\/\/www.upo.es\/patio-colorado\/wp-json\/wp\/v2\/posts\/6609\/revisions\/6614"}],"wp:featuredmedia":[{"embeddable":true,"href":"https:\/\/www.upo.es\/patio-colorado\/wp-json\/wp\/v2\/media\/6611"}],"wp:attachment":[{"href":"https:\/\/www.upo.es\/patio-colorado\/wp-json\/wp\/v2\/media?parent=6609"}],"wp:term":[{"taxonomy":"category","embeddable":true,"href":"https:\/\/www.upo.es\/patio-colorado\/wp-json\/wp\/v2\/categories?post=6609"},{"taxonomy":"post_tag","embeddable":true,"href":"https:\/\/www.upo.es\/patio-colorado\/wp-json\/wp\/v2\/tags?post=6609"}],"curies":[{"name":"wp","href":"https:\/\/api.w.org\/{rel}","templated":true}]}}