{"id":6690,"date":"2023-05-15T10:00:55","date_gmt":"2023-05-15T10:00:55","guid":{"rendered":"https:\/\/www.upo.es\/patio-colorado\/?p=6690"},"modified":"2023-05-15T10:00:55","modified_gmt":"2023-05-15T10:00:55","slug":"el-flamenco-solidario-traspasa-fronteras","status":"publish","type":"post","link":"https:\/\/www.upo.es\/patio-colorado\/2023\/05\/15\/el-flamenco-solidario-traspasa-fronteras\/","title":{"rendered":"El Flamenco solidario traspasa fronteras"},"content":{"rendered":"<p>Este fin de semana en la capital de Espa\u00f1a se ha vivido un acontecimiento que quedar\u00e1 marcado en la memoria de unos ni\u00f1os de un barrio marginal de la ciudad de Sevilla. Los integrantes de la Fundaci\u00f3n Alal\u00e1 de Sevilla han actuado en Madrid en la representaci\u00f3n de \u2018El \u00e1rbol del flamenco\u2019 en el espacio \u2018La Casa Encendida\u2019.<\/p>\n<p>El nombre de la fundaci\u00f3n significa \u201calegr\u00eda\u201d en cal\u00f3 y sirve de referente a los objetivos que se plantea esta fundaci\u00f3n: el crecimiento personal, la autoestima y que las personas brillen con luz propia. La asociaci\u00f3n cuenta con dos sedes principales una en Jerez de la Frontera y la protagonista de este evento que se encuentra en el sevillano barrio de las Tres Mil Viviendas.<\/p>\n<p>El espect\u00e1culo ha inaugurado el festival Flamenco Madrid el cual tiene como referente este a\u00f1o la figura de Paco de Luc\u00eda. Esta edici\u00f3n combina la m\u00fasica y el teatro para llegar a lo m\u00e1s profundo de este arte.<\/p>\n<p>En este caso, Emilio Caraf\u00e9, alma m\u00e1ter de la Fundaci\u00f3n Alal\u00e1 ha acompa\u00f1ado a estos j\u00f3venes con su guitarra y se han podido escuchar en Lavapi\u00e9s desde sole\u00e1s hasta tangos. Ha habido todo un elenco de diferentes palos del flamenco. Buler\u00edas, alegr\u00edas, fandangos de Manolo Caracol, sevillanas del Pali, <em>hits<\/em> de Camar\u00f3n y hasta unas seguirillas por el cambio clim\u00e1tico.<\/p>\n<p>Sin duda, el plato fuerte de este evento fue la sonrisa y la gran oportunidad que estos j\u00f3venes que apenas hab\u00edan salido de los l\u00edmites de su barrio pudieron disfrutar y que mejor que hacerlo con su propia cultura, lo que les apasiona y lo que llevan en la sangre. En Madrid triunf\u00f3 con sones de ciudadan\u00eda y toques de calidad el patrimonio inmaterial que supone nuestro flamenco m\u00e1s mundano.<\/p>\n<p><img loading=\"lazy\" decoding=\"async\" class=\"alignnone size-medium wp-image-6691\" src=\"https:\/\/www.upo.es\/patio-colorado\/wp-content\/uploads\/2023\/05\/alala-R22ttBbqCUrJfBzJViLuVHO-758x531@abc-300x210.jpeg\" alt=\"\" width=\"300\" height=\"210\" srcset=\"https:\/\/www.upo.es\/patio-colorado\/wp-content\/uploads\/2023\/05\/alala-R22ttBbqCUrJfBzJViLuVHO-758x531@abc-300x210.jpeg 300w, https:\/\/www.upo.es\/patio-colorado\/wp-content\/uploads\/2023\/05\/alala-R22ttBbqCUrJfBzJViLuVHO-758x531@abc.jpeg 758w\" sizes=\"auto, (max-width: 300px) 100vw, 300px\" \/><\/p>\n","protected":false},"excerpt":{"rendered":"<p>Este fin de semana en la capital de Espa\u00f1a se ha vivido un acontecimiento que quedar\u00e1 marcado en la memoria de unos ni\u00f1os de un barrio marginal de la ciudad de Sevilla. Los integrantes de la Fundaci\u00f3n Alal\u00e1 de Sevilla han actuado en Madrid en la representaci\u00f3n de \u2018El \u00e1rbol del flamenco\u2019 en el espacio [&hellip;]<\/p>\n","protected":false},"author":107,"featured_media":6691,"comment_status":"open","ping_status":"open","sticky":false,"template":"","format":"standard","meta":{"_acf_changed":false,"_monsterinsights_skip_tracking":false,"_monsterinsights_sitenote_active":false,"_monsterinsights_sitenote_note":"","_monsterinsights_sitenote_category":0,"footnotes":""},"categories":[12,35,23,301],"tags":[],"class_list":["post-6690","post","type-post","status-publish","format-standard","has-post-thumbnail","hentry","category-eventos","category-fiestas-tradiciones","category-patrimonio-vivo","category-sevilla"],"blocksy_meta":[],"acf":[],"jetpack_featured_media_url":"https:\/\/www.upo.es\/patio-colorado\/wp-content\/uploads\/2023\/05\/alala-R22ttBbqCUrJfBzJViLuVHO-758x531@abc.jpeg","_links":{"self":[{"href":"https:\/\/www.upo.es\/patio-colorado\/wp-json\/wp\/v2\/posts\/6690","targetHints":{"allow":["GET"]}}],"collection":[{"href":"https:\/\/www.upo.es\/patio-colorado\/wp-json\/wp\/v2\/posts"}],"about":[{"href":"https:\/\/www.upo.es\/patio-colorado\/wp-json\/wp\/v2\/types\/post"}],"author":[{"embeddable":true,"href":"https:\/\/www.upo.es\/patio-colorado\/wp-json\/wp\/v2\/users\/107"}],"replies":[{"embeddable":true,"href":"https:\/\/www.upo.es\/patio-colorado\/wp-json\/wp\/v2\/comments?post=6690"}],"version-history":[{"count":1,"href":"https:\/\/www.upo.es\/patio-colorado\/wp-json\/wp\/v2\/posts\/6690\/revisions"}],"predecessor-version":[{"id":6692,"href":"https:\/\/www.upo.es\/patio-colorado\/wp-json\/wp\/v2\/posts\/6690\/revisions\/6692"}],"wp:featuredmedia":[{"embeddable":true,"href":"https:\/\/www.upo.es\/patio-colorado\/wp-json\/wp\/v2\/media\/6691"}],"wp:attachment":[{"href":"https:\/\/www.upo.es\/patio-colorado\/wp-json\/wp\/v2\/media?parent=6690"}],"wp:term":[{"taxonomy":"category","embeddable":true,"href":"https:\/\/www.upo.es\/patio-colorado\/wp-json\/wp\/v2\/categories?post=6690"},{"taxonomy":"post_tag","embeddable":true,"href":"https:\/\/www.upo.es\/patio-colorado\/wp-json\/wp\/v2\/tags?post=6690"}],"curies":[{"name":"wp","href":"https:\/\/api.w.org\/{rel}","templated":true}]}}