{"id":6694,"date":"2023-05-15T10:54:11","date_gmt":"2023-05-15T10:54:11","guid":{"rendered":"https:\/\/www.upo.es\/patio-colorado\/?p=6694"},"modified":"2023-05-15T10:54:11","modified_gmt":"2023-05-15T10:54:11","slug":"vuelve-calle-cultura-a-sevilla-un-evento-artistico-y-cultural","status":"publish","type":"post","link":"https:\/\/www.upo.es\/patio-colorado\/2023\/05\/15\/vuelve-calle-cultura-a-sevilla-un-evento-artistico-y-cultural\/","title":{"rendered":"Vuelve \u00abCalle Cultura\u00bb a Sevilla: un evento art\u00edstico y cultural"},"content":{"rendered":"<p><span style=\"font-weight: 400\">El pasado domingo 14 de mayo, el ayuntamiento de Sevilla -con la colaboraci\u00f3n del Instituto de la Cultura y las Artes de Sevilla (ICAS)- celebr\u00f3 una nueva edici\u00f3n de \u201cCalle Cultura\u201d. Se situ\u00f3 en la Avenida de El Greco de San Pablo-Santa Justa a las 11:00 para terminar a las 14:00. En esta edici\u00f3n, hubo numerosas propuestas culturales y de ocio como por ejemplo danza, artes marciales, juegos infantiles e incluso zonas de realidad virtual.\u00a0<\/span><\/p>\n<p><img loading=\"lazy\" decoding=\"async\" class=\"size-medium wp-image-6696 aligncenter\" src=\"https:\/\/www.upo.es\/patio-colorado\/wp-content\/uploads\/2023\/05\/Captura-de-pantalla-2023-05-15-125214-300x209.png\" alt=\"\" width=\"300\" height=\"209\" srcset=\"https:\/\/www.upo.es\/patio-colorado\/wp-content\/uploads\/2023\/05\/Captura-de-pantalla-2023-05-15-125214-300x209.png 300w, https:\/\/www.upo.es\/patio-colorado\/wp-content\/uploads\/2023\/05\/Captura-de-pantalla-2023-05-15-125214.png 647w\" sizes=\"auto, (max-width: 300px) 100vw, 300px\" \/><\/p>\n<p style=\"text-align: center\">Recuperado de: <a href=\"https:\/\/sevilla.abc.es\/sevilla\/nueva-edicion-calle-cultura-recala-domingo-sevilla-20230225182156-nts.html\">https:\/\/sevilla.abc.es\/sevilla\/nueva-edicion-calle-cultura-recala-domingo-sevilla-20230225182156-nts.html<\/a><\/p>\n<p><span style=\"font-weight: 400\">Para realizar esta celebraci\u00f3n se procedi\u00f3 a cortar el tr\u00e1fico en la avenida para que los ciudadanos pudieran disfrutar del espacio y pudieran realizar las actividades propuestas sin peligro alguno.\u00a0<\/span><\/p>\n<p><span style=\"font-weight: 400\">Por la ma\u00f1ana se pudo disfrutar de un baile realizado por el colectivo de mayores pertenecientes al distrito San Pablo-Santa Justa que llevaban una coreograf\u00eda de Manuel Ca\u00f1adas. Despu\u00e9s hubo una exhibici\u00f3n de artes marciales realizada por la Academia de Artes Marciales Yong Mu Doyang de la mano de su maestro Javier Romero y Juan Luis Matilla. Adem\u00e1s, se pudo ver la actuaci\u00f3n de la Asociaci\u00f3n de Profesionales de la Danza (PAD) con coreograf\u00edas de danza contempor\u00e1nea muy bonitas.\u00a0<\/span><\/p>\n<p><span style=\"font-weight: 400\">Pero no solo se hicieron actuaciones de baile. Tambi\u00e9n los m\u00e1s mayores pudieron participar como narradores de relatos para los m\u00e1s peque\u00f1os, adem\u00e1s de actividades y talleres para modelar arcilla, decorar sobre madera, crear chapas personalizadas o pintar huevos.\u00a0<\/span><\/p>\n<p><img loading=\"lazy\" decoding=\"async\" class=\"size-medium wp-image-6695 aligncenter\" src=\"https:\/\/www.upo.es\/patio-colorado\/wp-content\/uploads\/2023\/05\/Captura-de-pantalla-2023-05-15-125040-300x201.png\" alt=\"\" width=\"300\" height=\"201\" srcset=\"https:\/\/www.upo.es\/patio-colorado\/wp-content\/uploads\/2023\/05\/Captura-de-pantalla-2023-05-15-125040-300x201.png 300w, https:\/\/www.upo.es\/patio-colorado\/wp-content\/uploads\/2023\/05\/Captura-de-pantalla-2023-05-15-125040-768x514.png 768w, https:\/\/www.upo.es\/patio-colorado\/wp-content\/uploads\/2023\/05\/Captura-de-pantalla-2023-05-15-125040.png 811w\" sizes=\"auto, (max-width: 300px) 100vw, 300px\" \/><\/p>\n<p style=\"text-align: center\">Recuperado de: <a href=\"https:\/\/www.aionsur.com\/una-calle-entera-de-sevilla-dedicada-a-la-cultura\/\">https:\/\/www.aionsur.com\/una-calle-entera-de-sevilla-dedicada-a-la-cultura\/<\/a><\/p>\n<p><span style=\"font-weight: 400\">La cultura urbana tuvo un espacio propio en Calle Cultura y nos ofreci\u00f3 actuaciones de Sevilla City Breakers as\u00ed como talleres para todas aquellas personas que est\u00e9n interesadas en comenzar a hacer breakdance y combinar movimientos de fuerza, de ritmo e incluso acrobacias.\u00a0<\/span><\/p>\n<p><span style=\"font-weight: 400\">Por \u00faltimo, para los amantes de los libros tambi\u00e9n hubo un rinc\u00f3n especial. El gremio de libreros de Sevilla ubic\u00f3 sus puestos de libros en la avenida y ofrecieron una selecci\u00f3n de libros de muchos g\u00e9neros y autores muy interesantes. <\/span><\/p>\n","protected":false},"excerpt":{"rendered":"<p>El pasado domingo 14 de mayo, el ayuntamiento de Sevilla -con la colaboraci\u00f3n del Instituto de la Cultura y las Artes de Sevilla (ICAS)- celebr\u00f3 una nueva edici\u00f3n de \u201cCalle Cultura\u201d. Se situ\u00f3 en la Avenida de El Greco de San Pablo-Santa Justa a las 11:00 para terminar a las 14:00. En esta edici\u00f3n, hubo [&hellip;]<\/p>\n","protected":false},"author":31,"featured_media":6697,"comment_status":"open","ping_status":"open","sticky":false,"template":"","format":"standard","meta":{"_acf_changed":false,"_monsterinsights_skip_tracking":false,"_monsterinsights_sitenote_active":false,"_monsterinsights_sitenote_note":"","_monsterinsights_sitenote_category":0,"footnotes":""},"categories":[35,301],"tags":[818,816,6,817],"class_list":["post-6694","post","type-post","status-publish","format-standard","has-post-thumbnail","hentry","category-fiestas-tradiciones","category-sevilla","tag-actividades","tag-calle-cultura","tag-sevilla","tag-talleres"],"blocksy_meta":[],"acf":[],"jetpack_featured_media_url":"https:\/\/www.upo.es\/patio-colorado\/wp-content\/uploads\/2023\/05\/Captura-de-pantalla-2023-05-15-125310.png","_links":{"self":[{"href":"https:\/\/www.upo.es\/patio-colorado\/wp-json\/wp\/v2\/posts\/6694","targetHints":{"allow":["GET"]}}],"collection":[{"href":"https:\/\/www.upo.es\/patio-colorado\/wp-json\/wp\/v2\/posts"}],"about":[{"href":"https:\/\/www.upo.es\/patio-colorado\/wp-json\/wp\/v2\/types\/post"}],"author":[{"embeddable":true,"href":"https:\/\/www.upo.es\/patio-colorado\/wp-json\/wp\/v2\/users\/31"}],"replies":[{"embeddable":true,"href":"https:\/\/www.upo.es\/patio-colorado\/wp-json\/wp\/v2\/comments?post=6694"}],"version-history":[{"count":1,"href":"https:\/\/www.upo.es\/patio-colorado\/wp-json\/wp\/v2\/posts\/6694\/revisions"}],"predecessor-version":[{"id":6698,"href":"https:\/\/www.upo.es\/patio-colorado\/wp-json\/wp\/v2\/posts\/6694\/revisions\/6698"}],"wp:featuredmedia":[{"embeddable":true,"href":"https:\/\/www.upo.es\/patio-colorado\/wp-json\/wp\/v2\/media\/6697"}],"wp:attachment":[{"href":"https:\/\/www.upo.es\/patio-colorado\/wp-json\/wp\/v2\/media?parent=6694"}],"wp:term":[{"taxonomy":"category","embeddable":true,"href":"https:\/\/www.upo.es\/patio-colorado\/wp-json\/wp\/v2\/categories?post=6694"},{"taxonomy":"post_tag","embeddable":true,"href":"https:\/\/www.upo.es\/patio-colorado\/wp-json\/wp\/v2\/tags?post=6694"}],"curies":[{"name":"wp","href":"https:\/\/api.w.org\/{rel}","templated":true}]}}