{"id":6720,"date":"2023-05-15T22:44:12","date_gmt":"2023-05-15T22:44:12","guid":{"rendered":"https:\/\/www.upo.es\/patio-colorado\/?p=6720"},"modified":"2023-05-15T22:44:12","modified_gmt":"2023-05-15T22:44:12","slug":"la-celebracion-del-corpus-christi-en-la-localidad-sevillana","status":"publish","type":"post","link":"https:\/\/www.upo.es\/patio-colorado\/2023\/05\/15\/la-celebracion-del-corpus-christi-en-la-localidad-sevillana\/","title":{"rendered":"La celebraci\u00f3n del Corpus Christi en la localidad sevillana"},"content":{"rendered":"<p><span style=\"color: #000000\">El Corpus Christi conmemora la creencia cat\u00f3lica de la Eucarist\u00eda, el sacramento del cuerpo y la sangre de Jesucristo.<\/span><\/p>\n<p><img loading=\"lazy\" decoding=\"async\" class=\"aligncenter  wp-image-6722\" src=\"https:\/\/www.upo.es\/patio-colorado\/wp-content\/uploads\/2023\/05\/custodia-corpus-christi-U14723108224Oss-1248x698@abc.jpeg\" alt=\"\" width=\"593\" height=\"332\" srcset=\"https:\/\/www.upo.es\/patio-colorado\/wp-content\/uploads\/2023\/05\/custodia-corpus-christi-U14723108224Oss-1248x698@abc.jpeg 1248w, https:\/\/www.upo.es\/patio-colorado\/wp-content\/uploads\/2023\/05\/custodia-corpus-christi-U14723108224Oss-1248x698@abc-300x168.jpeg 300w, https:\/\/www.upo.es\/patio-colorado\/wp-content\/uploads\/2023\/05\/custodia-corpus-christi-U14723108224Oss-1248x698@abc-1024x573.jpeg 1024w, https:\/\/www.upo.es\/patio-colorado\/wp-content\/uploads\/2023\/05\/custodia-corpus-christi-U14723108224Oss-1248x698@abc-768x430.jpeg 768w\" sizes=\"auto, (max-width: 593px) 100vw, 593px\" \/><\/p>\n<p><span style=\"color: #000000\">En Sevilla, la celebraci\u00f3n del Corpus Christi es especialmente importante y tiene una larga tradici\u00f3n. La festividad incluye una procesi\u00f3n solemne en la que se lleva la custodia con el Sant\u00edsimo Sacramento por las calles de la ciudad. Durante la procesi\u00f3n, las calles se adornan con alfombras de flores, conocidas como \u00abcolchas\u00bb, y se colocan altares y adornos en los balcones y fachadas de las casas.<\/span><\/p>\n<p style=\"text-align: left\"><span style=\"color: #000000\">La procesi\u00f3n del Corpus Christi en Sevilla suele tener lugar el jueves siguiente al octavo domingo despu\u00e9s del Domingo de Resurrecci\u00f3n, siguiendo el calendario lit\u00fargico. Es una de las procesiones m\u00e1s destacadas de la ciudad y cuenta con la participaci\u00f3n de numerosas hermandades y cofrad\u00edas, as\u00ed como de miles de fieles y turistas que se congregan para presenciar el evento.<\/span><\/p>\n<p style=\"text-align: left\"><img loading=\"lazy\" decoding=\"async\" class=\"aligncenter\" src=\"https:\/\/s2.abcstatics.com\/media\/pasionensevilla\/2022\/06\/02\/s\/corpus-christi-sevilla(5)-U65140048723zAc-510x349@abc.jpg\" alt=\"\u00bfCu\u00e1ndo se celebra en Sevilla el Corpus Christi?\" width=\"368\" height=\"252\" \/><\/p>\n<p style=\"text-align: left\"><span style=\"color: #000000\"> Durante la procesi\u00f3n, se realizan paradas en diferentes puntos estrat\u00e9gicos de la ciudad, donde se lleva a cabo la bendici\u00f3n y se realizan actos religiosos. Adem\u00e1s de la custodia con el Sant\u00edsimo Sacramento, la procesi\u00f3n incluye im\u00e1genes religiosas, pasos y cofrad\u00edas que acompa\u00f1an el recorrido.<\/span><\/p>\n<p><span style=\"color: #000000\">Por \u00faltimo, la festividad del Corpus Christi en Sevilla es una ocasi\u00f3n especial para la ciudad, que se viste de gala y muestra su fervor religioso y cultural. Esta es seguida por miles de personas y se considera uno de los eventos religiosos m\u00e1s importantes de la ciudad, junto con la Semana Santa.<\/span><\/p>\n","protected":false},"excerpt":{"rendered":"<p>El Corpus Christi conmemora la creencia cat\u00f3lica de la Eucarist\u00eda, el sacramento del cuerpo y la sangre de Jesucristo. En Sevilla, la celebraci\u00f3n del Corpus Christi es especialmente importante y tiene una larga tradici\u00f3n. La festividad incluye una procesi\u00f3n solemne en la que se lleva la custodia con el Sant\u00edsimo Sacramento por las calles de [&hellip;]<\/p>\n","protected":false},"author":32,"featured_media":6722,"comment_status":"open","ping_status":"open","sticky":false,"template":"","format":"standard","meta":{"_acf_changed":false,"_monsterinsights_skip_tracking":false,"_monsterinsights_sitenote_active":false,"_monsterinsights_sitenote_note":"","_monsterinsights_sitenote_category":0,"footnotes":""},"categories":[35,23],"tags":[823,824,789,775,6],"class_list":["post-6720","post","type-post","status-publish","format-standard","has-post-thumbnail","hentry","category-fiestas-tradiciones","category-patrimonio-vivo","tag-corpus-christi","tag-fiesta-tradicional-religiosa","tag-hermandades","tag-iglesia","tag-sevilla"],"blocksy_meta":[],"acf":[],"jetpack_featured_media_url":"https:\/\/www.upo.es\/patio-colorado\/wp-content\/uploads\/2023\/05\/custodia-corpus-christi-U14723108224Oss-1248x698@abc.jpeg","_links":{"self":[{"href":"https:\/\/www.upo.es\/patio-colorado\/wp-json\/wp\/v2\/posts\/6720","targetHints":{"allow":["GET"]}}],"collection":[{"href":"https:\/\/www.upo.es\/patio-colorado\/wp-json\/wp\/v2\/posts"}],"about":[{"href":"https:\/\/www.upo.es\/patio-colorado\/wp-json\/wp\/v2\/types\/post"}],"author":[{"embeddable":true,"href":"https:\/\/www.upo.es\/patio-colorado\/wp-json\/wp\/v2\/users\/32"}],"replies":[{"embeddable":true,"href":"https:\/\/www.upo.es\/patio-colorado\/wp-json\/wp\/v2\/comments?post=6720"}],"version-history":[{"count":1,"href":"https:\/\/www.upo.es\/patio-colorado\/wp-json\/wp\/v2\/posts\/6720\/revisions"}],"predecessor-version":[{"id":6723,"href":"https:\/\/www.upo.es\/patio-colorado\/wp-json\/wp\/v2\/posts\/6720\/revisions\/6723"}],"wp:featuredmedia":[{"embeddable":true,"href":"https:\/\/www.upo.es\/patio-colorado\/wp-json\/wp\/v2\/media\/6722"}],"wp:attachment":[{"href":"https:\/\/www.upo.es\/patio-colorado\/wp-json\/wp\/v2\/media?parent=6720"}],"wp:term":[{"taxonomy":"category","embeddable":true,"href":"https:\/\/www.upo.es\/patio-colorado\/wp-json\/wp\/v2\/categories?post=6720"},{"taxonomy":"post_tag","embeddable":true,"href":"https:\/\/www.upo.es\/patio-colorado\/wp-json\/wp\/v2\/tags?post=6720"}],"curies":[{"name":"wp","href":"https:\/\/api.w.org\/{rel}","templated":true}]}}