{"id":6732,"date":"2023-05-16T14:47:13","date_gmt":"2023-05-16T14:47:13","guid":{"rendered":"https:\/\/www.upo.es\/patio-colorado\/?p=6732"},"modified":"2023-05-16T14:47:13","modified_gmt":"2023-05-16T14:47:13","slug":"40-anos-de-atalaya-en-el-teatro-central","status":"publish","type":"post","link":"https:\/\/www.upo.es\/patio-colorado\/2023\/05\/16\/40-anos-de-atalaya-en-el-teatro-central\/","title":{"rendered":"\u201c40 a\u00f1os de Atalaya en el Teatro Central\u201d"},"content":{"rendered":"<p><img loading=\"lazy\" decoding=\"async\" class=\"alignnone size-medium wp-image-6734\" src=\"https:\/\/www.upo.es\/patio-colorado\/wp-content\/uploads\/2023\/05\/web-rey-lear-2-300x159.jpg\" alt=\"\" width=\"300\" height=\"159\" srcset=\"https:\/\/www.upo.es\/patio-colorado\/wp-content\/uploads\/2023\/05\/web-rey-lear-2-300x159.jpg 300w, https:\/\/www.upo.es\/patio-colorado\/wp-content\/uploads\/2023\/05\/web-rey-lear-2-768x407.jpg 768w, https:\/\/www.upo.es\/patio-colorado\/wp-content\/uploads\/2023\/05\/web-rey-lear-2.jpg 850w\" sizes=\"auto, (max-width: 300px) 100vw, 300px\" \/><\/p>\n<p>Entre el 25 y el 27 de mayo se celebrar\u00e1n funciones en conmemoraci\u00f3n de \u201c40 a\u00f1os de Atalaya\u201d en el Teatro Central de Sevilla. La compa\u00f1\u00eda sevillana en su cuarenta aniversario representar\u00e1 las funciones \u201cElektra.25\u201d del poeta Eur\u00edpides, el 25 de mayo, el 26 de Mayo \u201cMadre Coraje\u201d del autor Bertolt Bretch y \u201cRey Lear\u201d, de Shakespeare, el domingo 27. Estas obras ser\u00e1n dirigidas por Ricardo Iniesta y producidas por la Compa\u00f1\u00eda Atalaya.<span class=\"Apple-converted-space\">\u00a0<\/span><\/p>\n<p>Todas estas obras se representar\u00e1n entre el 25 y el 27 de Mayo, a partir de las 21 horas en la sala A del Teatro Central, ubicado en la calle Jos\u00e9 de G\u00e1lvez, 6, en la isla de la Cartuja. Puedes conseguir la entrada de una de las obras por 20 euros o adquirir el bono para los tres espect\u00e1culos por 36 euros.<\/p>\n","protected":false},"excerpt":{"rendered":"<p>Entre el 25 y el 27 de mayo se celebrar\u00e1n funciones en conmemoraci\u00f3n de \u201c40 a\u00f1os de Atalaya\u201d en el Teatro Central de Sevilla. La compa\u00f1\u00eda sevillana en su cuarenta aniversario representar\u00e1 las funciones \u201cElektra.25\u201d del poeta Eur\u00edpides, el 25 de mayo, el 26 de Mayo \u201cMadre Coraje\u201d del autor Bertolt Bretch y \u201cRey Lear\u201d, [&hellip;]<\/p>\n","protected":false},"author":123,"featured_media":0,"comment_status":"open","ping_status":"open","sticky":false,"template":"","format":"standard","meta":{"_acf_changed":false,"_monsterinsights_skip_tracking":false,"_monsterinsights_sitenote_active":false,"_monsterinsights_sitenote_note":"","_monsterinsights_sitenote_category":0,"footnotes":""},"categories":[169,12,301],"tags":[],"class_list":["post-6732","post","type-post","status-publish","format-standard","hentry","category-cine-artes-audiovisuales","category-eventos","category-sevilla"],"blocksy_meta":[],"acf":[],"jetpack_featured_media_url":"","_links":{"self":[{"href":"https:\/\/www.upo.es\/patio-colorado\/wp-json\/wp\/v2\/posts\/6732","targetHints":{"allow":["GET"]}}],"collection":[{"href":"https:\/\/www.upo.es\/patio-colorado\/wp-json\/wp\/v2\/posts"}],"about":[{"href":"https:\/\/www.upo.es\/patio-colorado\/wp-json\/wp\/v2\/types\/post"}],"author":[{"embeddable":true,"href":"https:\/\/www.upo.es\/patio-colorado\/wp-json\/wp\/v2\/users\/123"}],"replies":[{"embeddable":true,"href":"https:\/\/www.upo.es\/patio-colorado\/wp-json\/wp\/v2\/comments?post=6732"}],"version-history":[{"count":1,"href":"https:\/\/www.upo.es\/patio-colorado\/wp-json\/wp\/v2\/posts\/6732\/revisions"}],"predecessor-version":[{"id":6735,"href":"https:\/\/www.upo.es\/patio-colorado\/wp-json\/wp\/v2\/posts\/6732\/revisions\/6735"}],"wp:attachment":[{"href":"https:\/\/www.upo.es\/patio-colorado\/wp-json\/wp\/v2\/media?parent=6732"}],"wp:term":[{"taxonomy":"category","embeddable":true,"href":"https:\/\/www.upo.es\/patio-colorado\/wp-json\/wp\/v2\/categories?post=6732"},{"taxonomy":"post_tag","embeddable":true,"href":"https:\/\/www.upo.es\/patio-colorado\/wp-json\/wp\/v2\/tags?post=6732"}],"curies":[{"name":"wp","href":"https:\/\/api.w.org\/{rel}","templated":true}]}}