{"id":6736,"date":"2023-05-16T14:55:33","date_gmt":"2023-05-16T14:55:33","guid":{"rendered":"https:\/\/www.upo.es\/patio-colorado\/?p=6736"},"modified":"2023-05-16T14:55:33","modified_gmt":"2023-05-16T14:55:33","slug":"vuelta-a-la-vida-de-uno-de-los-elementos-mas-emblematicos-de-la-ciudad-de-sevilla","status":"publish","type":"post","link":"https:\/\/www.upo.es\/patio-colorado\/2023\/05\/16\/vuelta-a-la-vida-de-uno-de-los-elementos-mas-emblematicos-de-la-ciudad-de-sevilla\/","title":{"rendered":"Vuelta a la vida de uno de los elementos m\u00e1s emblem\u00e1ticos de la ciudad de Sevilla"},"content":{"rendered":"<p><span style=\"font-weight: 400;\">La Consejer\u00eda de Cultura y Patrimonio Hist\u00f3rico aprob\u00f3 finalmente el pasado 5 de mayo la restauraci\u00f3n de la portada de Santa Isabel, uno de los monumentos m\u00e1s emblem\u00e1ticos y representativos de la ciudad de Sevilla. La portada, que data del siglo XVII y forma parte del antiguo Convento de Santa Isabel, se encuentra en un avanzado estado de deterioro debido al paso del tiempo y la falta de mantenimiento.<\/span><\/p>\n<p><span style=\"font-weight: 400;\">La restauraci\u00f3n de la portada de Santa Isabel ha sido objeto de pol\u00e9mica y debate durante a\u00f1os, ya que algunos sectores consideraban que su intervenci\u00f3n pod\u00eda afectar negativamente a su valor hist\u00f3rico y art\u00edstico. Sin embargo, tras varios estudios y an\u00e1lisis exhaustivos, se ha determinado que la restauraci\u00f3n es necesaria para evitar su deterioro irreversible y garantizar su conservaci\u00f3n para las generaciones futuras.<\/span><\/p>\n<p><span style=\"font-weight: 400;\">La intervenci\u00f3n en la portada de Santa Isabel ser\u00e1 llevada a cabo por un equipo de expertos en restauraci\u00f3n, y se centrar\u00e1 en la limpieza y consolidaci\u00f3n de los elementos m\u00e1s da\u00f1ados, como los relieves y los ornamentos. Adem\u00e1s, se realizar\u00e1n trabajos de mejora en la estructura y la base de la portada, para garantizar su estabilidad y seguridad.<\/span><\/p>\n<p><span style=\"font-weight: 400;\">La restauraci\u00f3n de la portada de Santa Isabel es una excelente noticia para la ciudad de Sevilla y para todos aquellos interesados en la conservaci\u00f3n del patrimonio hist\u00f3rico y art\u00edstico. Se trata de uno de los monumentos m\u00e1s representativos y simb\u00f3licos de la ciudad, y su restauraci\u00f3n permitir\u00e1 recuperar su esplendor original y asegurar su supervivencia en el futuro.<\/span><\/p>\n<p><span style=\"font-weight: 400;\">Adem\u00e1s, la restauraci\u00f3n de la portada de Santa Isabel es un ejemplo de la importancia de la conservaci\u00f3n y el cuidado del patrimonio hist\u00f3rico y art\u00edstico. Se trata de un legado cultural y art\u00edstico que nos ha sido transmitido por generaciones anteriores, y que debemos preservar para las futuras generaciones.<\/span><\/p>\n<p><span style=\"font-weight: 400;\">En definitiva, la aprobaci\u00f3n de la restauraci\u00f3n de la portada de Santa Isabel es una noticia muy positiva para la cultura y el patrimonio de Sevilla, y un paso m\u00e1s en la visibilizaci\u00f3n de la importancia que tiene la conservaci\u00f3n y protecci\u00f3n del patrimonio hist\u00f3rico y art\u00edstico, ya no solo de nuestra ciudad, si no tambi\u00e9n de nuestro pa\u00eds.<\/span><\/p>\n","protected":false},"excerpt":{"rendered":"<p>La Consejer\u00eda de Cultura y Patrimonio Hist\u00f3rico aprob\u00f3 finalmente el pasado 5 de mayo la restauraci\u00f3n de la portada de Santa Isabel, uno de los monumentos m\u00e1s emblem\u00e1ticos y representativos de la ciudad de Sevilla. La portada, que data del siglo XVII y forma parte del antiguo Convento de Santa Isabel, se encuentra en un [&hellip;]<\/p>\n","protected":false},"author":105,"featured_media":0,"comment_status":"open","ping_status":"open","sticky":false,"template":"","format":"standard","meta":{"_acf_changed":false,"_monsterinsights_skip_tracking":false,"_monsterinsights_sitenote_active":false,"_monsterinsights_sitenote_note":"","_monsterinsights_sitenote_category":0,"footnotes":""},"categories":[1],"tags":[],"class_list":["post-6736","post","type-post","status-publish","format-standard","hentry","category-sin-categoria"],"blocksy_meta":[],"acf":[],"jetpack_featured_media_url":"","_links":{"self":[{"href":"https:\/\/www.upo.es\/patio-colorado\/wp-json\/wp\/v2\/posts\/6736","targetHints":{"allow":["GET"]}}],"collection":[{"href":"https:\/\/www.upo.es\/patio-colorado\/wp-json\/wp\/v2\/posts"}],"about":[{"href":"https:\/\/www.upo.es\/patio-colorado\/wp-json\/wp\/v2\/types\/post"}],"author":[{"embeddable":true,"href":"https:\/\/www.upo.es\/patio-colorado\/wp-json\/wp\/v2\/users\/105"}],"replies":[{"embeddable":true,"href":"https:\/\/www.upo.es\/patio-colorado\/wp-json\/wp\/v2\/comments?post=6736"}],"version-history":[{"count":1,"href":"https:\/\/www.upo.es\/patio-colorado\/wp-json\/wp\/v2\/posts\/6736\/revisions"}],"predecessor-version":[{"id":6737,"href":"https:\/\/www.upo.es\/patio-colorado\/wp-json\/wp\/v2\/posts\/6736\/revisions\/6737"}],"wp:attachment":[{"href":"https:\/\/www.upo.es\/patio-colorado\/wp-json\/wp\/v2\/media?parent=6736"}],"wp:term":[{"taxonomy":"category","embeddable":true,"href":"https:\/\/www.upo.es\/patio-colorado\/wp-json\/wp\/v2\/categories?post=6736"},{"taxonomy":"post_tag","embeddable":true,"href":"https:\/\/www.upo.es\/patio-colorado\/wp-json\/wp\/v2\/tags?post=6736"}],"curies":[{"name":"wp","href":"https:\/\/api.w.org\/{rel}","templated":true}]}}