{"id":6740,"date":"2023-05-16T15:33:01","date_gmt":"2023-05-16T15:33:01","guid":{"rendered":"https:\/\/www.upo.es\/patio-colorado\/?p=6740"},"modified":"2023-05-16T15:33:01","modified_gmt":"2023-05-16T15:33:01","slug":"romeria-del-rocio","status":"publish","type":"post","link":"https:\/\/www.upo.es\/patio-colorado\/2023\/05\/16\/romeria-del-rocio\/","title":{"rendered":"Romer\u00eda del Roc\u00edo"},"content":{"rendered":"<p><img loading=\"lazy\" decoding=\"async\" class=\"size-medium wp-image-6591 aligncenter\" src=\"https:\/\/www.upo.es\/patio-colorado\/wp-content\/uploads\/2023\/05\/romeria-del-rocio-300x169.jpeg\" alt=\"\" width=\"300\" height=\"169\" srcset=\"https:\/\/www.upo.es\/patio-colorado\/wp-content\/uploads\/2023\/05\/romeria-del-rocio-300x169.jpeg 300w, https:\/\/www.upo.es\/patio-colorado\/wp-content\/uploads\/2023\/05\/romeria-del-rocio-768x432.jpeg 768w, https:\/\/www.upo.es\/patio-colorado\/wp-content\/uploads\/2023\/05\/romeria-del-rocio.jpeg 888w\" sizes=\"auto, (max-width: 300px) 100vw, 300px\" \/><\/p>\n<p style=\"text-align: center;\">La Romer\u00eda del Roc\u00edo, se celebra en la aldea del Roc\u00edo, Almonte, localidad de la provincia de Huelva. Se trata de una celebraci\u00f3n religiosa que comienza el lunes despu\u00e9s del Domingo de Pentecost\u00e9s.<\/p>\n<p style=\"text-align: center;\">Seg\u00fan el mito, esta romer\u00eda surge en el siglo XV, cuando un hombre que se estaba cazando se encuentra con la imagen de la virgen junto a un \u00e1rbol. As\u00ed, la primera Romer\u00eda del Roc\u00edo se celebra en 1653 en la que se celebraba una misa y procesi\u00f3n de la imagen de la virgen. No es hasta 1677 cuando aparece la primera Hermandad Filial del Roc\u00edo, la Hermandad de Sanl\u00facar de Barrameda, que empieza junto al resto de las cuatro Hermandades Filiales Fundacionales a realizar la peregrinaci\u00f3n anual, a la aldea del Roc\u00edo.<\/p>\n<p style=\"text-align: center;\">La celebraci\u00f3n comienza todos los a\u00f1os el s\u00e1bado v\u00edspera de Pentecost\u00e9s con la presentaci\u00f3n de las hermandades ante el santuario de la virgen del Roc\u00edo por orden de antig\u00fcedad. El domingo de Pentecost\u00e9s se celebra a las 10 de la ma\u00f1ana la misa Pontifical en el Real del Roc\u00edo, tras ello, las distintas hermandades se re\u00fanen en sus respectivas casas de hermandad para dedicarle rezos y letan\u00edas a la virgen. Durante la madrugada del lunes tiene lugar el salto de la reja, para sacar en procesi\u00f3n a la virgen.<\/p>\n<p style=\"text-align: center;\">Durante este a\u00f1o 2023 la Romer\u00eda del Roc\u00edo se celebrar\u00e1 entre el 27 y 29 de Mayo.<\/p>\n","protected":false},"excerpt":{"rendered":"<p>La Romer\u00eda del Roc\u00edo, se celebra en la aldea del Roc\u00edo, Almonte, localidad de la provincia de Huelva. Se trata de una celebraci\u00f3n religiosa que comienza el lunes despu\u00e9s del Domingo de Pentecost\u00e9s. Seg\u00fan el mito, esta romer\u00eda surge en el siglo XV, cuando un hombre que se estaba cazando se encuentra con la imagen [&hellip;]<\/p>\n","protected":false},"author":123,"featured_media":0,"comment_status":"open","ping_status":"open","sticky":false,"template":"","format":"standard","meta":{"_acf_changed":false,"_monsterinsights_skip_tracking":false,"_monsterinsights_sitenote_active":false,"_monsterinsights_sitenote_note":"","_monsterinsights_sitenote_category":0,"footnotes":""},"categories":[45,12,35,303,23],"tags":[],"class_list":["post-6740","post","type-post","status-publish","format-standard","hentry","category-boletin-colorao","category-eventos","category-fiestas-tradiciones","category-huelva","category-patrimonio-vivo"],"blocksy_meta":[],"acf":[],"jetpack_featured_media_url":"","_links":{"self":[{"href":"https:\/\/www.upo.es\/patio-colorado\/wp-json\/wp\/v2\/posts\/6740","targetHints":{"allow":["GET"]}}],"collection":[{"href":"https:\/\/www.upo.es\/patio-colorado\/wp-json\/wp\/v2\/posts"}],"about":[{"href":"https:\/\/www.upo.es\/patio-colorado\/wp-json\/wp\/v2\/types\/post"}],"author":[{"embeddable":true,"href":"https:\/\/www.upo.es\/patio-colorado\/wp-json\/wp\/v2\/users\/123"}],"replies":[{"embeddable":true,"href":"https:\/\/www.upo.es\/patio-colorado\/wp-json\/wp\/v2\/comments?post=6740"}],"version-history":[{"count":1,"href":"https:\/\/www.upo.es\/patio-colorado\/wp-json\/wp\/v2\/posts\/6740\/revisions"}],"predecessor-version":[{"id":6747,"href":"https:\/\/www.upo.es\/patio-colorado\/wp-json\/wp\/v2\/posts\/6740\/revisions\/6747"}],"wp:attachment":[{"href":"https:\/\/www.upo.es\/patio-colorado\/wp-json\/wp\/v2\/media?parent=6740"}],"wp:term":[{"taxonomy":"category","embeddable":true,"href":"https:\/\/www.upo.es\/patio-colorado\/wp-json\/wp\/v2\/categories?post=6740"},{"taxonomy":"post_tag","embeddable":true,"href":"https:\/\/www.upo.es\/patio-colorado\/wp-json\/wp\/v2\/tags?post=6740"}],"curies":[{"name":"wp","href":"https:\/\/api.w.org\/{rel}","templated":true}]}}