{"id":6742,"date":"2023-05-16T15:31:20","date_gmt":"2023-05-16T15:31:20","guid":{"rendered":"https:\/\/www.upo.es\/patio-colorado\/?p=6742"},"modified":"2023-05-16T15:31:20","modified_gmt":"2023-05-16T15:31:20","slug":"rayden-vuelve-a-los-escenarios-de-sevilla","status":"publish","type":"post","link":"https:\/\/www.upo.es\/patio-colorado\/2023\/05\/16\/rayden-vuelve-a-los-escenarios-de-sevilla\/","title":{"rendered":"Rayden vuelve a los escenarios de Sevilla"},"content":{"rendered":"<p><span style=\"font-weight: 400\">David Mart\u00ednez \u00c1lvarez, popularmente conocido como Rayden vuelve a los escenarios de Sevilla \u201cpor \u00faltima vez\u201d. El artista confirmaba en marzo de 2023 su retirada de la industria musical con su \u00faltimo proyecto <\/span><i><span style=\"font-weight: 400\">La Victoria Imposible<\/span><\/i><span style=\"font-weight: 400\">.<\/span><\/p>\n<p><img loading=\"lazy\" decoding=\"async\" class=\"size-full wp-image-6743 aligncenter\" src=\"https:\/\/www.upo.es\/patio-colorado\/wp-content\/uploads\/2023\/05\/3.png\" alt=\"\" width=\"222\" height=\"187\" \/><\/p>\n<p style=\"text-align: center\">Recuperado de: <a href=\"https:\/\/www.lacasadeldisco.es\/\">https:\/\/www.lacasadeldisco.es\/<\/a><\/p>\n<p><span style=\"font-weight: 400\">El tour lleva como nombre \u201cQuiero que nos volvamos a ver Tour\u201d, una de las frases m\u00e1s c\u00e9lebres de su canci\u00f3n <\/span><i><span style=\"font-weight: 400\">Haz de luz<\/span><\/i><span style=\"font-weight: 400\">. Rayden expres\u00f3 lo que va a ocurrir en esta gira durante una entrevista con estas palabras: \u201c<\/span><i><span style=\"font-weight: 400\">T\u00edtulo largo para una gira de conciertos a\u00fan m\u00e1s larga, para conciertos que pasan las 2 horas largas rozando la treintena de canciones, una larga lista donde si hay una que forme parte de tu banda sonora posiblemente la encuentres ah\u00ed. Canciones cantadas por un deslenguado que larga todo lo que puede con una lengua que no se corta, arropado con una banda que tampoco se queda corta y con la que intentaremos emocionar a lo largo y ancho del pa\u00eds. Las mejores cosas en esta vida ganan en las distancias cortas, de largo. Quiero que nos volvamos a ver<\/span><\/i><span style=\"font-weight: 400\">\u201d.<\/span><\/p>\n<p><span style=\"font-weight: 400\">Ser\u00e1 sin duda una despedida tanto triste como emocionante.\u00a0<\/span><\/p>\n<p><b>Biograf\u00eda<\/b><\/p>\n<p><span style=\"font-weight: 400\">David Mart\u00ednez naci\u00f3 en 1985 en Alcal\u00e1 de Henares (Madrid). Comenz\u00f3 a rapear en 2001 con el grupo Assamitas que estaba conformado por el mismo Rayden, Chacal (conocido como Lumier) y DJ Mesh. Tras haber sacado unos cuantos \u00e1lbumes con el grupo, el 2006 particip\u00f3 en La Batalla de Gallos en la que se proclam\u00f3 campe\u00f3n de Espa\u00f1a. Es as\u00ed como lleg\u00f3 a la final internacional en Colombia donde gan\u00f3 el t\u00edtulo de campe\u00f3n del mundo.<\/span><\/p>\n<p><img loading=\"lazy\" decoding=\"async\" class=\"size-medium wp-image-6744 aligncenter\" src=\"https:\/\/www.upo.es\/patio-colorado\/wp-content\/uploads\/2023\/05\/2-300x157.png\" alt=\"\" width=\"300\" height=\"157\" srcset=\"https:\/\/www.upo.es\/patio-colorado\/wp-content\/uploads\/2023\/05\/2-300x157.png 300w, https:\/\/www.upo.es\/patio-colorado\/wp-content\/uploads\/2023\/05\/2.png 529w\" sizes=\"auto, (max-width: 300px) 100vw, 300px\" \/><\/p>\n<p style=\"text-align: center\">Recuperado de: <a href=\"https:\/\/elrescatemusical.com\/entrevista-rayden-homonimo\/\">https:\/\/elrescatemusical.com\/entrevista-rayden-homonimo\/<\/a><\/p>\n<p><span style=\"font-weight: 400\">Comenz\u00f3 a grabar en solitario \u00e1lbumes como <\/span><i><span style=\"font-weight: 400\">Estaba escrito<\/span><\/i><span style=\"font-weight: 400\">, <\/span><i><span style=\"font-weight: 400\">Mosaico<\/span><\/i><span style=\"font-weight: 400\"> o <\/span><i><span style=\"font-weight: 400\">En alma y hueso<\/span><\/i><span style=\"font-weight: 400\">. En 2015, mientras estaba en la gira de <\/span><i><span style=\"font-weight: 400\">En alma y hueso<\/span><\/i><span style=\"font-weight: 400\">, public\u00f3 <\/span><i><span style=\"font-weight: 400\">Herido diario<\/span><\/i><span style=\"font-weight: 400\"> que se convirti\u00f3 en el libro m\u00e1s vendido en Espa\u00f1a. <\/span><i><span style=\"font-weight: 400\">TErminAMOs y otros poemas sin terminar<\/span><\/i><span style=\"font-weight: 400\"> y <\/span><i><span style=\"font-weight: 400\">El mundo es un gato jugando con Australia<\/span><\/i><span style=\"font-weight: 400\"> son otros de los libros que vinieron despu\u00e9s.\u00a0<\/span><\/p>\n<p><span style=\"font-weight: 400\">Su carrera sigui\u00f3 en ascenso y en 2022 particip\u00f3 en la final del Benidorm Fest para presentarse a Eurovisi\u00f3n con la canci\u00f3n <\/span><i><span style=\"font-weight: 400\">Calle de la Llorer\u00eda<\/span><\/i><span style=\"font-weight: 400\">. Desgraciadamente no consigui\u00f3 el primer puesto pero fue uno de los top. En 2023, justo cuando public\u00f3 su primera novela <\/span><i><span style=\"font-weight: 400\">El acercamiento de la mujer cactus y el hombre globo<\/span><\/i><span style=\"font-weight: 400\">, confirm\u00f3 que se retirar\u00eda de la m\u00fasica (al menos por un tiempo) para poder dedicarse plenamente a su familia. Sin duda un artista que combina la m\u00fasica y la escritura con facilidad, haciendo obras estupendas.\u00a0\u00a0<\/span><\/p>\n","protected":false},"excerpt":{"rendered":"<p>David Mart\u00ednez \u00c1lvarez, popularmente conocido como Rayden vuelve a los escenarios de Sevilla \u201cpor \u00faltima vez\u201d. El artista confirmaba en marzo de 2023 su retirada de la industria musical con su \u00faltimo proyecto La Victoria Imposible. Recuperado de: https:\/\/www.lacasadeldisco.es\/ El tour lleva como nombre \u201cQuiero que nos volvamos a ver Tour\u201d, una de las frases [&hellip;]<\/p>\n","protected":false},"author":31,"featured_media":6745,"comment_status":"open","ping_status":"open","sticky":false,"template":"","format":"standard","meta":{"_acf_changed":false,"_monsterinsights_skip_tracking":false,"_monsterinsights_sitenote_active":false,"_monsterinsights_sitenote_note":"","_monsterinsights_sitenote_category":0,"footnotes":""},"categories":[12],"tags":[630,831,830,6],"class_list":["post-6742","post","type-post","status-publish","format-standard","has-post-thumbnail","hentry","category-eventos","tag-concierto","tag-la-victoria-imposible","tag-rayden","tag-sevilla"],"blocksy_meta":[],"acf":[],"jetpack_featured_media_url":"https:\/\/www.upo.es\/patio-colorado\/wp-content\/uploads\/2023\/05\/1.png","_links":{"self":[{"href":"https:\/\/www.upo.es\/patio-colorado\/wp-json\/wp\/v2\/posts\/6742","targetHints":{"allow":["GET"]}}],"collection":[{"href":"https:\/\/www.upo.es\/patio-colorado\/wp-json\/wp\/v2\/posts"}],"about":[{"href":"https:\/\/www.upo.es\/patio-colorado\/wp-json\/wp\/v2\/types\/post"}],"author":[{"embeddable":true,"href":"https:\/\/www.upo.es\/patio-colorado\/wp-json\/wp\/v2\/users\/31"}],"replies":[{"embeddable":true,"href":"https:\/\/www.upo.es\/patio-colorado\/wp-json\/wp\/v2\/comments?post=6742"}],"version-history":[{"count":1,"href":"https:\/\/www.upo.es\/patio-colorado\/wp-json\/wp\/v2\/posts\/6742\/revisions"}],"predecessor-version":[{"id":6746,"href":"https:\/\/www.upo.es\/patio-colorado\/wp-json\/wp\/v2\/posts\/6742\/revisions\/6746"}],"wp:featuredmedia":[{"embeddable":true,"href":"https:\/\/www.upo.es\/patio-colorado\/wp-json\/wp\/v2\/media\/6745"}],"wp:attachment":[{"href":"https:\/\/www.upo.es\/patio-colorado\/wp-json\/wp\/v2\/media?parent=6742"}],"wp:term":[{"taxonomy":"category","embeddable":true,"href":"https:\/\/www.upo.es\/patio-colorado\/wp-json\/wp\/v2\/categories?post=6742"},{"taxonomy":"post_tag","embeddable":true,"href":"https:\/\/www.upo.es\/patio-colorado\/wp-json\/wp\/v2\/tags?post=6742"}],"curies":[{"name":"wp","href":"https:\/\/api.w.org\/{rel}","templated":true}]}}