{"id":6748,"date":"2023-05-16T16:50:48","date_gmt":"2023-05-16T16:50:48","guid":{"rendered":"https:\/\/www.upo.es\/patio-colorado\/?p=6748"},"modified":"2023-05-16T16:50:48","modified_gmt":"2023-05-16T16:50:48","slug":"feria-del-corpus-de-granada","status":"publish","type":"post","link":"https:\/\/www.upo.es\/patio-colorado\/2023\/05\/16\/feria-del-corpus-de-granada\/","title":{"rendered":"Feria del Corpus de Granada"},"content":{"rendered":"<p>&nbsp;<\/p>\n<p>El Corpus Christi o Feria del Corpus es una de las mayores festividades de Granada, que este a\u00f1o se celebrar\u00e1 entre el 3 y el 10 de Junio. Durante esta semana las calles del centro de la ciudad instalan farolillos as\u00ed como casetas, tambi\u00e9n se da la feria taurina, pasacalles y la procesi\u00f3n del Corpus Christi.<\/p>\n<p>Se trata de una celebraci\u00f3n que da culto a la eucarist\u00eda a trav\u00e9s de una procesi\u00f3n por las calles del centro de Granada. Esta fiesta la instaura por primera vez los Reyes Cat\u00f3licos en 1501, cuando la reina Isabel La Cat\u00f3lica regala la primera Custodia, a partir de aqu\u00ed, se posiciona como una de las fiestas m\u00e1s importantes de Granada. La procesi\u00f3n del Corpus Christi se celebra el jueves, este a\u00f1o el d\u00eda 8 de Junio.<\/p>\n<p>Otro<span class=\"Apple-converted-space\">\u00a0 <\/span>de los elementos m\u00e1s relevantes y curiosos de la festividad del Corpus en Granada es el concurso de Carocas y Quinillas que se exponen en la Plaza Bib-Rambla. Las quinillas son estrofas formadas por cinco versos de arte menor, mientras que las carocas son caricaturas que se emplean para ilustrar las quinillas, ambas tratan en clave de humor los acontecimientos ocurridos en el a\u00f1o.<\/p>\n<p style=\"text-align: center;\">Durante la semana del Corpus se celebra el pasacalles de la Tarasca, durante el mi\u00e9rcoles, este tiene car\u00e1cter pagano y en \u00e9l se representa la figura de una mujer sobre un drag\u00f3n y representa la victoria del bien sobre el mal. Por otra parte, la procesi\u00f3n del Corpus sale el Jueves, y en ella se pasea a la custodia, se trata del d\u00eda m\u00e1s se\u00f1alado de esta fiesta.<\/p>\n","protected":false},"excerpt":{"rendered":"<p>&nbsp; El Corpus Christi o Feria del Corpus es una de las mayores festividades de Granada, que este a\u00f1o se celebrar\u00e1 entre el 3 y el 10 de Junio. Durante esta semana las calles del centro de la ciudad instalan farolillos as\u00ed como casetas, tambi\u00e9n se da la feria taurina, pasacalles y la procesi\u00f3n del [&hellip;]<\/p>\n","protected":false},"author":123,"featured_media":6749,"comment_status":"open","ping_status":"open","sticky":false,"template":"","format":"standard","meta":{"_acf_changed":false,"_monsterinsights_skip_tracking":false,"_monsterinsights_sitenote_active":false,"_monsterinsights_sitenote_note":"","_monsterinsights_sitenote_category":0,"footnotes":""},"categories":[12,35,305,23,309],"tags":[652,179],"class_list":["post-6748","post","type-post","status-publish","format-standard","has-post-thumbnail","hentry","category-eventos","category-fiestas-tradiciones","category-granada","category-patrimonio-vivo","category-provincias","tag-corpuschristi","tag-granada"],"blocksy_meta":[],"acf":[],"jetpack_featured_media_url":"https:\/\/www.upo.es\/patio-colorado\/wp-content\/uploads\/2023\/05\/Unknown.jpeg","_links":{"self":[{"href":"https:\/\/www.upo.es\/patio-colorado\/wp-json\/wp\/v2\/posts\/6748","targetHints":{"allow":["GET"]}}],"collection":[{"href":"https:\/\/www.upo.es\/patio-colorado\/wp-json\/wp\/v2\/posts"}],"about":[{"href":"https:\/\/www.upo.es\/patio-colorado\/wp-json\/wp\/v2\/types\/post"}],"author":[{"embeddable":true,"href":"https:\/\/www.upo.es\/patio-colorado\/wp-json\/wp\/v2\/users\/123"}],"replies":[{"embeddable":true,"href":"https:\/\/www.upo.es\/patio-colorado\/wp-json\/wp\/v2\/comments?post=6748"}],"version-history":[{"count":1,"href":"https:\/\/www.upo.es\/patio-colorado\/wp-json\/wp\/v2\/posts\/6748\/revisions"}],"predecessor-version":[{"id":6750,"href":"https:\/\/www.upo.es\/patio-colorado\/wp-json\/wp\/v2\/posts\/6748\/revisions\/6750"}],"wp:featuredmedia":[{"embeddable":true,"href":"https:\/\/www.upo.es\/patio-colorado\/wp-json\/wp\/v2\/media\/6749"}],"wp:attachment":[{"href":"https:\/\/www.upo.es\/patio-colorado\/wp-json\/wp\/v2\/media?parent=6748"}],"wp:term":[{"taxonomy":"category","embeddable":true,"href":"https:\/\/www.upo.es\/patio-colorado\/wp-json\/wp\/v2\/categories?post=6748"},{"taxonomy":"post_tag","embeddable":true,"href":"https:\/\/www.upo.es\/patio-colorado\/wp-json\/wp\/v2\/tags?post=6748"}],"curies":[{"name":"wp","href":"https:\/\/api.w.org\/{rel}","templated":true}]}}