{"id":6752,"date":"2023-05-16T17:11:41","date_gmt":"2023-05-16T17:11:41","guid":{"rendered":"https:\/\/www.upo.es\/patio-colorado\/?p=6752"},"modified":"2023-05-16T17:11:41","modified_gmt":"2023-05-16T17:11:41","slug":"dia-internacional-de-los-museos-museos-sostenibilidad-y-bienestar","status":"publish","type":"post","link":"https:\/\/www.upo.es\/patio-colorado\/2023\/05\/16\/dia-internacional-de-los-museos-museos-sostenibilidad-y-bienestar\/","title":{"rendered":"\u201cD\u00eda internacional de los Museos  (Museos, sostenibilidad y bienestar)\u201d"},"content":{"rendered":"<p>Con motivo del d\u00eda internacional de los museos, que se celebra el 18 de mayo, durante esta semana, desde el 13 hasta el 20 de mayo, habr\u00e1 diferentes actividades y visitas en los museos y centros de exposiciones de la ciudad de Sevilla.<\/p>\n<p>El d\u00eda 18 de mayo es cuando se concentrar\u00e1n la mayor\u00eda de las actividades que abarca visitas guiadas al Centro Andaluz de Arte Contempor\u00e1neo y en el museo de Museo de Bellas Artes, as\u00ed como la entrada gratuita a Caixaforum y descuentos en muchos otros museos de la ciudad, como el Museo de Navegaci\u00f3n.<\/p>\n<p>Este a\u00f1o 2023 el tema en el que se ha centrado el Consejo Internacional de Museos para el d\u00eda internacional de los museos es \u201cMuseos, sosteniblidad y bienestar\u201d ya que estos contribuyen con los Objetivos de Desarrollo sostenible por medio del apoyo a la acci\u00f3n clim\u00e1tica , promover la inclusi\u00f3n y ayuda para la mejora de la salud mental.<\/p>\n","protected":false},"excerpt":{"rendered":"<p>Con motivo del d\u00eda internacional de los museos, que se celebra el 18 de mayo, durante esta semana, desde el 13 hasta el 20 de mayo, habr\u00e1 diferentes actividades y visitas en los museos y centros de exposiciones de la ciudad de Sevilla. El d\u00eda 18 de mayo es cuando se concentrar\u00e1n la mayor\u00eda de [&hellip;]<\/p>\n","protected":false},"author":123,"featured_media":6753,"comment_status":"open","ping_status":"open","sticky":false,"template":"","format":"standard","meta":{"_acf_changed":false,"_monsterinsights_skip_tracking":false,"_monsterinsights_sitenote_active":false,"_monsterinsights_sitenote_note":"","_monsterinsights_sitenote_category":0,"footnotes":""},"categories":[307,45,302,169,304,12,305,303,306,311,170,23,301],"tags":[],"class_list":["post-6752","post","type-post","status-publish","format-standard","has-post-thumbnail","hentry","category-almeria","category-boletin-colorao","category-cadiz","category-cine-artes-audiovisuales","category-cordoba","category-eventos","category-granada","category-huelva","category-jaen","category-malaga","category-monumentos-y-turismo","category-patrimonio-vivo","category-sevilla"],"blocksy_meta":[],"acf":[],"jetpack_featured_media_url":"https:\/\/www.upo.es\/patio-colorado\/wp-content\/uploads\/2023\/05\/05-18_dia-internacional-museos-2023.jpg","_links":{"self":[{"href":"https:\/\/www.upo.es\/patio-colorado\/wp-json\/wp\/v2\/posts\/6752","targetHints":{"allow":["GET"]}}],"collection":[{"href":"https:\/\/www.upo.es\/patio-colorado\/wp-json\/wp\/v2\/posts"}],"about":[{"href":"https:\/\/www.upo.es\/patio-colorado\/wp-json\/wp\/v2\/types\/post"}],"author":[{"embeddable":true,"href":"https:\/\/www.upo.es\/patio-colorado\/wp-json\/wp\/v2\/users\/123"}],"replies":[{"embeddable":true,"href":"https:\/\/www.upo.es\/patio-colorado\/wp-json\/wp\/v2\/comments?post=6752"}],"version-history":[{"count":1,"href":"https:\/\/www.upo.es\/patio-colorado\/wp-json\/wp\/v2\/posts\/6752\/revisions"}],"predecessor-version":[{"id":6754,"href":"https:\/\/www.upo.es\/patio-colorado\/wp-json\/wp\/v2\/posts\/6752\/revisions\/6754"}],"wp:featuredmedia":[{"embeddable":true,"href":"https:\/\/www.upo.es\/patio-colorado\/wp-json\/wp\/v2\/media\/6753"}],"wp:attachment":[{"href":"https:\/\/www.upo.es\/patio-colorado\/wp-json\/wp\/v2\/media?parent=6752"}],"wp:term":[{"taxonomy":"category","embeddable":true,"href":"https:\/\/www.upo.es\/patio-colorado\/wp-json\/wp\/v2\/categories?post=6752"},{"taxonomy":"post_tag","embeddable":true,"href":"https:\/\/www.upo.es\/patio-colorado\/wp-json\/wp\/v2\/tags?post=6752"}],"curies":[{"name":"wp","href":"https:\/\/api.w.org\/{rel}","templated":true}]}}