{"id":6776,"date":"2023-05-17T08:56:35","date_gmt":"2023-05-17T08:56:35","guid":{"rendered":"https:\/\/www.upo.es\/patio-colorado\/?p=6776"},"modified":"2023-05-17T08:56:35","modified_gmt":"2023-05-17T08:56:35","slug":"la-mezquita-de-cordoba-afronta-una-gran-restauracion-en-la-maqsura-y-el-mihrab","status":"publish","type":"post","link":"https:\/\/www.upo.es\/patio-colorado\/2023\/05\/17\/la-mezquita-de-cordoba-afronta-una-gran-restauracion-en-la-maqsura-y-el-mihrab\/","title":{"rendered":"La Mezquita de C\u00f3rdoba afronta una gran restauraci\u00f3n en la maqsura y el mihrab"},"content":{"rendered":"<p><span style=\"font-weight: 400;\">La emblem\u00e1tica Mezquita-Catedral de C\u00f3rdoba se prepara para una ambiciosa restauraci\u00f3n que abarcar\u00e1 la maqsura y el mihrab, dos de los elementos m\u00e1s destacados y venerados del magn\u00edfico edificio. Este proyecto, que se extender\u00e1 por m\u00e1s de tres a\u00f1os, supondr\u00e1 una inversi\u00f3n cercana a los cuatro millones de euros, pero no implicar\u00e1 el cierre del mihrab durante los trabajos.<\/span><\/p>\n<p><span style=\"font-weight: 400;\">La maqsura, un espacio destinado a dignatarios y autoridades religiosas, y el mihrab, un nicho que indica la direcci\u00f3n hacia La Meca, son \u00e1reas de especial importancia y simbolismo en la Mezquita. Sin embargo, con el paso de los siglos, estas secciones han sufrido el desgaste natural y la acumulaci\u00f3n de da\u00f1os que han requerido una intervenci\u00f3n profunda y detallada.<\/span><\/p>\n<p><span style=\"font-weight: 400;\">El proyecto de restauraci\u00f3n, coordinado por expertos en conservaci\u00f3n del patrimonio y respaldado por las autoridades eclesi\u00e1sticas y culturales, tiene como objetivo devolver el esplendor original a la maqsura y al mihrab, preservando su autenticidad hist\u00f3rica y su valor art\u00edstico. Durante m\u00e1s de tres a\u00f1os, un equipo de especialistas llevar\u00e1 a cabo trabajos de limpieza, consolidaci\u00f3n y restauraci\u00f3n, utilizando t\u00e9cnicas y materiales adecuados para asegurar la protecci\u00f3n y la correcta conservaci\u00f3n de estos espacios.<\/span><\/p>\n<p><span style=\"font-weight: 400;\">Es importante destacar que, a diferencia de restauraciones anteriores, el mihrab no se cerrar\u00e1 durante el proceso de restauraci\u00f3n, permitiendo as\u00ed a los visitantes y fieles seguir disfrutando y admirando este elemento fundamental de la Mezquita. Se implementar\u00e1n medidas de protecci\u00f3n y seguridad para garantizar que la intervenci\u00f3n no afecte negativamente a los visitantes ni a la estructura misma.<\/span><\/p>\n<p><span style=\"font-weight: 400;\">La inversi\u00f3n necesaria para llevar a cabo este ambicioso proyecto asciende a casi cuatro millones de euros, una muestra del compromiso tanto de las instituciones religiosas como de las autoridades y la sociedad civil con la preservaci\u00f3n y el respeto hacia el patrimonio hist\u00f3rico y cultural de C\u00f3rdoba. Adem\u00e1s, esta restauraci\u00f3n se suma a los esfuerzos continuos para mantener la Mezquita como un lugar de culto, pero tambi\u00e9n como un atractivo tur\u00edstico y un testimonio vivo de la rica historia de la ciudad.<\/span><\/p>\n<p><span style=\"font-weight: 400;\">La maqsura y el mihrab son elementos emblem\u00e1ticos dentro de la Mezquita-Catedral de C\u00f3rdoba, un monumento que ha sido reconocido como Patrimonio de la Humanidad por la UNESCO. Esta ambiciosa restauraci\u00f3n garantizar\u00e1 que estos espacios sigan siendo testigos de la grandeza cultural y religiosa de la ciudad, y permitir\u00e1 a futuras generaciones apreciar y disfrutar de su belleza y significado hist\u00f3rico. La maqsura y el mihrab, tras su restauraci\u00f3n, volver\u00e1n a brillar como aut\u00e9nticos tesoros del legado cordob\u00e9s.<\/span><\/p>\n","protected":false},"excerpt":{"rendered":"<p>La emblem\u00e1tica Mezquita-Catedral de C\u00f3rdoba se prepara para una ambiciosa restauraci\u00f3n que abarcar\u00e1 la maqsura y el mihrab, dos de los elementos m\u00e1s destacados y venerados del magn\u00edfico edificio. Este proyecto, que se extender\u00e1 por m\u00e1s de tres a\u00f1os, supondr\u00e1 una inversi\u00f3n cercana a los cuatro millones de euros, pero no implicar\u00e1 el cierre del [&hellip;]<\/p>\n","protected":false},"author":105,"featured_media":0,"comment_status":"open","ping_status":"open","sticky":false,"template":"","format":"standard","meta":{"_acf_changed":false,"_monsterinsights_skip_tracking":false,"_monsterinsights_sitenote_active":false,"_monsterinsights_sitenote_note":"","_monsterinsights_sitenote_category":0,"footnotes":""},"categories":[45,24,304,166,170,44],"tags":[],"class_list":["post-6776","post","type-post","status-publish","format-standard","hentry","category-boletin-colorao","category-conservacion-y-restauracion","category-cordoba","category-historia-arqueologia","category-monumentos-y-turismo","category-patrimonio"],"blocksy_meta":[],"acf":[],"jetpack_featured_media_url":"","_links":{"self":[{"href":"https:\/\/www.upo.es\/patio-colorado\/wp-json\/wp\/v2\/posts\/6776","targetHints":{"allow":["GET"]}}],"collection":[{"href":"https:\/\/www.upo.es\/patio-colorado\/wp-json\/wp\/v2\/posts"}],"about":[{"href":"https:\/\/www.upo.es\/patio-colorado\/wp-json\/wp\/v2\/types\/post"}],"author":[{"embeddable":true,"href":"https:\/\/www.upo.es\/patio-colorado\/wp-json\/wp\/v2\/users\/105"}],"replies":[{"embeddable":true,"href":"https:\/\/www.upo.es\/patio-colorado\/wp-json\/wp\/v2\/comments?post=6776"}],"version-history":[{"count":1,"href":"https:\/\/www.upo.es\/patio-colorado\/wp-json\/wp\/v2\/posts\/6776\/revisions"}],"predecessor-version":[{"id":6777,"href":"https:\/\/www.upo.es\/patio-colorado\/wp-json\/wp\/v2\/posts\/6776\/revisions\/6777"}],"wp:attachment":[{"href":"https:\/\/www.upo.es\/patio-colorado\/wp-json\/wp\/v2\/media?parent=6776"}],"wp:term":[{"taxonomy":"category","embeddable":true,"href":"https:\/\/www.upo.es\/patio-colorado\/wp-json\/wp\/v2\/categories?post=6776"},{"taxonomy":"post_tag","embeddable":true,"href":"https:\/\/www.upo.es\/patio-colorado\/wp-json\/wp\/v2\/tags?post=6776"}],"curies":[{"name":"wp","href":"https:\/\/api.w.org\/{rel}","templated":true}]}}