{"id":6779,"date":"2023-05-17T14:43:49","date_gmt":"2023-05-17T14:43:49","guid":{"rendered":"https:\/\/www.upo.es\/patio-colorado\/?p=6779"},"modified":"2023-05-17T14:43:49","modified_gmt":"2023-05-17T14:43:49","slug":"el-buey-sobre-el-tejado-la-nueva-exposicion-de-manolo-cuervo","status":"publish","type":"post","link":"https:\/\/www.upo.es\/patio-colorado\/2023\/05\/17\/el-buey-sobre-el-tejado-la-nueva-exposicion-de-manolo-cuervo\/","title":{"rendered":"El buey sobre el tejado, la nueva exposici\u00f3n de Manolo Cuervo"},"content":{"rendered":"<p>Desde el mes de Mayo hasta el 30 de Junio podemos visitar la nueva exposici\u00f3n de Manolo Cuervo <i>El buey sobre el tejado<\/i> en la Galer\u00eda Berl\u00edn, ubicada en el barrio de la Alfalfa.<\/p>\n<p>Se trata de una exposici\u00f3n que toma nombre del cabaret parisino <i>Le boeuf sur le Toit, <\/i>que abre en 1921, en el distrito 8 de Par\u00eds<span class=\"Apple-converted-space\">\u00a0 <\/span>y en el que se reun\u00edan todos los artistas de la vanguardia, tales como Marcel Duchamps o Tristan Tzara.<\/p>\n<p>Su obra de estilo Pop, est\u00e1 muy inspirada por la m\u00fasica brasile\u00f1a del compositor Darius Milhaud , en los cuadros de Francis Picabia y las fotograf\u00edas de Duchamps y Tzara. Una exposici\u00f3n repleta de color, tales como rosas, verdes y celestes, adem\u00e1s de una marcada tendencia al estilo pop.<\/p>\n<p>La obra de Manolo Cuervo inspirada en las noches de cabaret de los a\u00f1os veinte, el jazz y el ocio nocturno, la podemos encontrar hasta el 30 de Junio en la Galer\u00eda Berl\u00edn.<\/p>\n","protected":false},"excerpt":{"rendered":"<p>Desde el mes de Mayo hasta el 30 de Junio podemos visitar la nueva exposici\u00f3n de Manolo Cuervo El buey sobre el tejado en la Galer\u00eda Berl\u00edn, ubicada en el barrio de la Alfalfa. Se trata de una exposici\u00f3n que toma nombre del cabaret parisino Le boeuf sur le Toit, que abre en 1921, en [&hellip;]<\/p>\n","protected":false},"author":123,"featured_media":6780,"comment_status":"open","ping_status":"open","sticky":false,"template":"","format":"standard","meta":{"_acf_changed":false,"_monsterinsights_skip_tracking":false,"_monsterinsights_sitenote_active":false,"_monsterinsights_sitenote_note":"","_monsterinsights_sitenote_category":0,"footnotes":""},"categories":[45,46,12,167,301],"tags":[725],"class_list":["post-6779","post","type-post","status-publish","format-standard","has-post-thumbnail","hentry","category-boletin-colorao","category-en-la-prensa","category-eventos","category-pintura-escultura","category-sevilla","tag-cultura-sevilla"],"blocksy_meta":[],"acf":[],"jetpack_featured_media_url":"https:\/\/www.upo.es\/patio-colorado\/wp-content\/uploads\/2023\/05\/Manolo-Cuervo-Isla-Cristina-Provincia_1363674741_104631764_1200x675.jpg","_links":{"self":[{"href":"https:\/\/www.upo.es\/patio-colorado\/wp-json\/wp\/v2\/posts\/6779","targetHints":{"allow":["GET"]}}],"collection":[{"href":"https:\/\/www.upo.es\/patio-colorado\/wp-json\/wp\/v2\/posts"}],"about":[{"href":"https:\/\/www.upo.es\/patio-colorado\/wp-json\/wp\/v2\/types\/post"}],"author":[{"embeddable":true,"href":"https:\/\/www.upo.es\/patio-colorado\/wp-json\/wp\/v2\/users\/123"}],"replies":[{"embeddable":true,"href":"https:\/\/www.upo.es\/patio-colorado\/wp-json\/wp\/v2\/comments?post=6779"}],"version-history":[{"count":1,"href":"https:\/\/www.upo.es\/patio-colorado\/wp-json\/wp\/v2\/posts\/6779\/revisions"}],"predecessor-version":[{"id":6781,"href":"https:\/\/www.upo.es\/patio-colorado\/wp-json\/wp\/v2\/posts\/6779\/revisions\/6781"}],"wp:featuredmedia":[{"embeddable":true,"href":"https:\/\/www.upo.es\/patio-colorado\/wp-json\/wp\/v2\/media\/6780"}],"wp:attachment":[{"href":"https:\/\/www.upo.es\/patio-colorado\/wp-json\/wp\/v2\/media?parent=6779"}],"wp:term":[{"taxonomy":"category","embeddable":true,"href":"https:\/\/www.upo.es\/patio-colorado\/wp-json\/wp\/v2\/categories?post=6779"},{"taxonomy":"post_tag","embeddable":true,"href":"https:\/\/www.upo.es\/patio-colorado\/wp-json\/wp\/v2\/tags?post=6779"}],"curies":[{"name":"wp","href":"https:\/\/api.w.org\/{rel}","templated":true}]}}