{"id":679,"date":"2020-03-20T11:35:21","date_gmt":"2020-03-20T11:35:21","guid":{"rendered":"https:\/\/www.upo.es\/patio-colorado\/?p=679"},"modified":"2020-03-20T11:35:21","modified_gmt":"2020-03-20T11:35:21","slug":"homenaje-virtual-a-becquer-en-el-dia-mundial-de-la-poesia","status":"publish","type":"post","link":"https:\/\/www.upo.es\/patio-colorado\/2020\/03\/20\/homenaje-virtual-a-becquer-en-el-dia-mundial-de-la-poesia\/","title":{"rendered":"Homenaje Virtual a B\u00e9cquer en el D\u00eda Mundial de la Poes\u00eda"},"content":{"rendered":"<p>Para celebrar el D\u00eda Mundial de la Poes\u00eda de la mano de uno creadores sevillanos m\u00e1s ilustres, el Ayuntamiento de Sevilla invita a la ciudadan\u00eda a que participe en una lectura virtual de la obra de B\u00e9cquer. El motivo de este homenaje virtual es la celebraci\u00f3n del conocido A\u00f1o de B\u00e9cquer ya que se conmemora el 150 aniversario del fallecimiento del poeta y de su hermano, el pintor Valeriano B\u00e9cquer, para poner en valor sus obras literarias y pict\u00f3ricas<\/p>\n<p>Se utilizar\u00e1 el hashtag #EnCasaConB\u00e9cquer con el fin de promover la participaci\u00f3n de los sevillanos a trav\u00e9s de varias acciones que se llevar\u00e1n a cabo en sus perfiles de redes sociales como la publicaci\u00f3n de algunas rimas mediante posts o de v\u00eddeo-poemas que han grabado en los \u00faltimos meses algunas figuras relacionadas con la cultura y la vida p\u00fablica de Sevilla.<\/p>\n<p>Debido a ello, los sevillanos que quieran sumarse a esta iniciativa podr\u00e1n publicar hasta el s\u00e1bado\u00a0 sus v\u00eddeo-poemas en sus redes sociales recitando alguna de las c\u00e9lebres rimas de Gustavo Adolfo bajo el hashtag creado para la ocasi\u00f3n: #EnCasaConB\u00e9cquer y\u00a0 #D\u00edaMundialPoes\u00eda. El Ayuntamiento replicar\u00e1 en sus perfiles los v\u00eddeos que se vayan publicando y dar\u00e1 difusi\u00f3n a un v\u00eddeo resumen con una selecci\u00f3n de los publicados en redes sociales a lo largo de estos d\u00edas.<\/p>\n<p>&nbsp;<\/p>\n<p>Este acontecimiento arranc\u00f3 el pasado 17 de febrero, d\u00eda del nacimiento del poeta y escritor, con un acto institucional en la Glorieta de B\u00e9cquer del Parque de Mar\u00eda Luisa y finalizar\u00e1 \u00a0con el lanzamiento a trav\u00e9s de la web y las redes sociales del Consistorio de un v\u00eddeo sobre una hermosa ruta por diferentes lugares de Sevilla vinculados a la vida de los hermanos, como la Plaza de San Lorenzo, el convento de Santa In\u00e9s, el Museo de Bellas Artes o el Pante\u00f3n de los Sevillanos Ilustres, donde descansan sus restos desde 1913.<\/p>\n<p>&nbsp;<\/p>\n<p><img decoding=\"async\" src=\"https:\/\/www.sevilla.org\/actualidad\/noticias\/sevilla-rinde-un-homenaje-virtual-a-gustavo-adolfo-becquer-en-el-dia-mundial-de-la-poesia\/whatsapp-image-2020-03-17-at-17-32-40.jpeg\/@@images\/2e1bc3d9-48da-4f1f-9ac1-c3a7ce4f5e2c.jpeg\" alt=\"WhatsApp Image 2020-03-17 at 17.32.40.jpeg\" \/><\/p>\n","protected":false},"excerpt":{"rendered":"<p>Para celebrar el D\u00eda Mundial de la Poes\u00eda de la mano de uno creadores sevillanos m\u00e1s ilustres, el Ayuntamiento de Sevilla invita a la ciudadan\u00eda a que participe en una lectura virtual de la obra de B\u00e9cquer. El motivo de este homenaje virtual es la celebraci\u00f3n del conocido A\u00f1o de B\u00e9cquer ya que se conmemora [&hellip;]<\/p>\n","protected":false},"author":22,"featured_media":680,"comment_status":"open","ping_status":"open","sticky":false,"template":"","format":"standard","meta":{"_acf_changed":false,"_monsterinsights_skip_tracking":false,"_monsterinsights_sitenote_active":false,"_monsterinsights_sitenote_note":"","_monsterinsights_sitenote_category":0,"footnotes":""},"categories":[12],"tags":[119,120,117],"class_list":["post-679","post","type-post","status-publish","format-standard","has-post-thumbnail","hentry","category-eventos","tag-diamundialpoesia","tag-encasaconbecquer","tag-mequedoencasa"],"blocksy_meta":[],"acf":[],"jetpack_featured_media_url":"https:\/\/www.upo.es\/patio-colorado\/wp-content\/uploads\/2020\/03\/becquer.jpg","_links":{"self":[{"href":"https:\/\/www.upo.es\/patio-colorado\/wp-json\/wp\/v2\/posts\/679","targetHints":{"allow":["GET"]}}],"collection":[{"href":"https:\/\/www.upo.es\/patio-colorado\/wp-json\/wp\/v2\/posts"}],"about":[{"href":"https:\/\/www.upo.es\/patio-colorado\/wp-json\/wp\/v2\/types\/post"}],"author":[{"embeddable":true,"href":"https:\/\/www.upo.es\/patio-colorado\/wp-json\/wp\/v2\/users\/22"}],"replies":[{"embeddable":true,"href":"https:\/\/www.upo.es\/patio-colorado\/wp-json\/wp\/v2\/comments?post=679"}],"version-history":[{"count":1,"href":"https:\/\/www.upo.es\/patio-colorado\/wp-json\/wp\/v2\/posts\/679\/revisions"}],"predecessor-version":[{"id":681,"href":"https:\/\/www.upo.es\/patio-colorado\/wp-json\/wp\/v2\/posts\/679\/revisions\/681"}],"wp:featuredmedia":[{"embeddable":true,"href":"https:\/\/www.upo.es\/patio-colorado\/wp-json\/wp\/v2\/media\/680"}],"wp:attachment":[{"href":"https:\/\/www.upo.es\/patio-colorado\/wp-json\/wp\/v2\/media?parent=679"}],"wp:term":[{"taxonomy":"category","embeddable":true,"href":"https:\/\/www.upo.es\/patio-colorado\/wp-json\/wp\/v2\/categories?post=679"},{"taxonomy":"post_tag","embeddable":true,"href":"https:\/\/www.upo.es\/patio-colorado\/wp-json\/wp\/v2\/tags?post=679"}],"curies":[{"name":"wp","href":"https:\/\/api.w.org\/{rel}","templated":true}]}}