{"id":6802,"date":"2023-05-18T19:24:01","date_gmt":"2023-05-18T19:24:01","guid":{"rendered":"https:\/\/www.upo.es\/patio-colorado\/?p=6802"},"modified":"2023-05-18T19:24:01","modified_gmt":"2023-05-18T19:24:01","slug":"restauracion-del-palacio-del-pumarejo-de-sevilla-vuelta-a-su-esplendor-historico","status":"publish","type":"post","link":"https:\/\/www.upo.es\/patio-colorado\/2023\/05\/18\/restauracion-del-palacio-del-pumarejo-de-sevilla-vuelta-a-su-esplendor-historico\/","title":{"rendered":"Restauraci\u00f3n del Palacio del Pumarejo de Sevilla: vuelta a su Esplendor Hist\u00f3rico"},"content":{"rendered":"<p><span style=\"font-weight: 400;\">Sevilla celebra un importante hito en la recuperaci\u00f3n de su pasado con la rehabilitaci\u00f3n del emblem\u00e1tico Palacio del Pumarejo. Esta majestuosa edificaci\u00f3n, que alguna vez se encontraba en estado de abandono, ha sido objeto de un ambicioso proyecto de restauraci\u00f3n que ha devuelto su antiguo esplendor. A trav\u00e9s de esta iniciativa, Sevilla demuestra una vez m\u00e1s su compromiso con la preservaci\u00f3n de su patrimonio arquitect\u00f3nico y cultural.<\/span><\/p>\n<p><span style=\"font-weight: 400;\">Ubicado en el coraz\u00f3n del barrio de La Macarena, el Palacio del Pumarejo es un verdadero tesoro arquitect\u00f3nico que data del siglo XVIII. Su fachada barroca y sus intrincados detalles lo convierten en un ejemplo excepcional del patrimonio andaluz. Sin embargo, durante d\u00e9cadas, el palacio sufri\u00f3 el abandono y la decadencia, convirti\u00e9ndose en un triste recordatorio de la necesidad de proteger y mantener nuestras joyas hist\u00f3ricas.<\/span><\/p>\n<p><span style=\"font-weight: 400;\">La rehabilitaci\u00f3n del Palacio del Pumarejo ha sido posible gracias a una colaboraci\u00f3n entre el Ayuntamiento de Sevilla, instituciones culturales y organizaciones sin fines de lucro. El objetivo principal de este proyecto ha sido preservar la estructura original del edificio, al tiempo que se le dota de una nueva funci\u00f3n que lo haga accesible y beneficioso para la comunidad.<\/span><\/p>\n<p><span style=\"font-weight: 400;\">El proceso de restauraci\u00f3n ha sido minucioso y ha implicado la intervenci\u00f3n de expertos en arquitectura, conservaci\u00f3n y restauraci\u00f3n. Se ha llevado a cabo una meticulosa labor de limpieza y consolidaci\u00f3n de los elementos arquitect\u00f3nicos da\u00f1ados, as\u00ed como la recuperaci\u00f3n de elementos decorativos perdidos a lo largo del tiempo. Cada detalle, desde las molduras ornamentadas hasta las pinturas en las paredes, ha sido tratado con el m\u00e1ximo cuidado para recuperar su autenticidad.<\/span><\/p>\n<p><span style=\"font-weight: 400;\">Adem\u00e1s de la restauraci\u00f3n estructural, se han incorporado nuevas instalaciones y comodidades para adaptar el palacio a su nuevo prop\u00f3sito. El Palacio del Pumarejo ahora albergar\u00e1 un centro cultural y comunitario, dise\u00f1ado para fomentar la participaci\u00f3n ciudadana y promover actividades culturales y art\u00edsticas. Este espacio multifuncional ofrecer\u00e1 a los residentes locales y visitantes la oportunidad de disfrutar de exposiciones, talleres, conciertos y otras manifestaciones culturales en un entorno hist\u00f3rico \u00fanico.<\/span><\/p>\n<p><span style=\"font-weight: 400;\">La rehabilitaci\u00f3n del Palacio del Pumarejo no solo destaca el compromiso de Sevilla con la preservaci\u00f3n de su patrimonio, sino tambi\u00e9n su enfoque en la revitalizaci\u00f3n de comunidades locales. La apertura de un centro cultural y comunitario en este lugar hist\u00f3rico permitir\u00e1 que los residentes del barrio de La Macarena se beneficien de un espacio renovado y din\u00e1mico que fomente la cohesi\u00f3n social y el desarrollo cultural.<\/span><\/p>\n<p><span style=\"font-weight: 400;\">Este proyecto emblem\u00e1tico representa un ejemplo inspirador para otras ciudades que enfrentan desaf\u00edos similares en la conservaci\u00f3n de su patrimonio hist\u00f3rico. La restauraci\u00f3n del Palacio del Pumarejo demuestra que, con voluntad pol\u00edtica, apoyo comunitario y colaboraci\u00f3n, es posible revivir edificios en desuso y devolverles su antigua gloria.<\/span><\/p>\n<p><span style=\"font-weight: 400;\">A medida que el Palacio del Pumarejo abre sus puertas una vez m\u00e1s, Sevilla celebra un hito importante en su historia. Esta magn\u00edfica restauraci\u00f3n es un testimonio del amor y la dedicaci\u00f3n de una ciudad por su patrimonio, y deja un legado duradero para las generaciones venideras. Con su esplendor hist\u00f3rico restaurado, el Palacio del Pumarejo seguir\u00e1 siendo un s\u00edmbolo de la rica historia y la vibrante cultura de Sevilla.<\/span><\/p>\n","protected":false},"excerpt":{"rendered":"<p>Sevilla celebra un importante hito en la recuperaci\u00f3n de su pasado con la rehabilitaci\u00f3n del emblem\u00e1tico Palacio del Pumarejo. Esta majestuosa edificaci\u00f3n, que alguna vez se encontraba en estado de abandono, ha sido objeto de un ambicioso proyecto de restauraci\u00f3n que ha devuelto su antiguo esplendor. A trav\u00e9s de esta iniciativa, Sevilla demuestra una vez [&hellip;]<\/p>\n","protected":false},"author":105,"featured_media":0,"comment_status":"open","ping_status":"open","sticky":false,"template":"","format":"standard","meta":{"_acf_changed":false,"_monsterinsights_skip_tracking":false,"_monsterinsights_sitenote_active":false,"_monsterinsights_sitenote_note":"","_monsterinsights_sitenote_category":0,"footnotes":""},"categories":[1],"tags":[],"class_list":["post-6802","post","type-post","status-publish","format-standard","hentry","category-sin-categoria"],"blocksy_meta":[],"acf":[],"jetpack_featured_media_url":"","_links":{"self":[{"href":"https:\/\/www.upo.es\/patio-colorado\/wp-json\/wp\/v2\/posts\/6802","targetHints":{"allow":["GET"]}}],"collection":[{"href":"https:\/\/www.upo.es\/patio-colorado\/wp-json\/wp\/v2\/posts"}],"about":[{"href":"https:\/\/www.upo.es\/patio-colorado\/wp-json\/wp\/v2\/types\/post"}],"author":[{"embeddable":true,"href":"https:\/\/www.upo.es\/patio-colorado\/wp-json\/wp\/v2\/users\/105"}],"replies":[{"embeddable":true,"href":"https:\/\/www.upo.es\/patio-colorado\/wp-json\/wp\/v2\/comments?post=6802"}],"version-history":[{"count":1,"href":"https:\/\/www.upo.es\/patio-colorado\/wp-json\/wp\/v2\/posts\/6802\/revisions"}],"predecessor-version":[{"id":6803,"href":"https:\/\/www.upo.es\/patio-colorado\/wp-json\/wp\/v2\/posts\/6802\/revisions\/6803"}],"wp:attachment":[{"href":"https:\/\/www.upo.es\/patio-colorado\/wp-json\/wp\/v2\/media?parent=6802"}],"wp:term":[{"taxonomy":"category","embeddable":true,"href":"https:\/\/www.upo.es\/patio-colorado\/wp-json\/wp\/v2\/categories?post=6802"},{"taxonomy":"post_tag","embeddable":true,"href":"https:\/\/www.upo.es\/patio-colorado\/wp-json\/wp\/v2\/tags?post=6802"}],"curies":[{"name":"wp","href":"https:\/\/api.w.org\/{rel}","templated":true}]}}